{"id":4733,"date":"2011-06-03T02:16:10","date_gmt":"2011-06-03T02:16:10","guid":{"rendered":"http:\/\/www.hoymercedes.com.ar\/principal\/?p=4733"},"modified":"2011-06-04T03:23:24","modified_gmt":"2011-06-04T03:23:24","slug":"%e2%80%9cunidad-y-lealtad%e2%80%9d-ya-cuenta-con-los-avalistas-para-sus-candidatos","status":"publish","type":"post","link":"https:\/\/www.hoymercedes.com.ar\/principal\/2011\/06\/03\/%e2%80%9cunidad-y-lealtad%e2%80%9d-ya-cuenta-con-los-avalistas-para-sus-candidatos\/","title":{"rendered":"\u201cUnidad y Lealtad\u201d ya cuenta con los avales para sus candidatos"},"content":{"rendered":"<p>Unidad y Lealtad Mercedes comunica:<\/p>\n<p>El sector justicialista que propugna la candidatura de Juan Carlos Benitez a Intendente municipal, ya super\u00f3 con creces el n\u00famero de adherentes determinado por la ley.<\/p>\n<p>No obstante, y como a\u00fan hay tiempo, aqu\u00e9l convecino que desee sumarse podr\u00e1 hacerlo, diariamente, en el local de calle 27 entre 28 y 30 de diecinueve horas en adelante.<\/p>\n<p>&nbsp;<\/p>\n<p>Exigencias de la ley<\/p>\n<p>Conforme con la nueva ley electoral 26.571 y sus decretos reglamentarios y, adem\u00e1s, la ley provincial 14.086 (de elecciones primarias abiertas), mediante el art\u00edculo quinto ha previsto que toda lista con n\u00f3mina de candidatos a diferentes cargos cuente al instante de la presentaci\u00f3n con determinado n\u00famero de adherentes o avalistas. Tal presentaci\u00f3n se hace ante la Junta Electoral de la Provincia de Buenos Aires.<\/p>\n<p>En el caso particular de una lista local (conteniendo la n\u00f3mina de los candidatos a Intendente, concejales y consejeros escolares), al presentarla ante la Junta Electoral deber\u00e1 ir acompa\u00f1ada de un formulario suscripto por vecinos. Para el caso local el n\u00famero de ciudadanos avalistas (o adherentes) ser\u00e1 el cuatro por mil del padr\u00f3n general del distrito correspondiente.<\/p>\n<p>Junto al citado formulario o planilla de adhesi\u00f3n correr\u00e1 adjunto una fotocopia del documento nacional de identidad del ciudadano adherente.<\/p>\n<p>&nbsp;<\/p>\n","protected":false},"excerpt":{"rendered":"<p>Unidad y Lealtad Mercedes comunica: El sector justicialista que propugna la candidatura de Juan Carlos Benitez a Intendente municipal, ya &#8230; <a title=\"\u201cUnidad y Lealtad\u201d ya cuenta con los avales para sus candidatos\" class=\"read-more\" href=\"https:\/\/www.hoymercedes.com.ar\/principal\/2011\/06\/03\/%e2%80%9cunidad-y-lealtad%e2%80%9d-ya-cuenta-con-los-avalistas-para-sus-candidatos\/\" aria-label=\"Leer m\u00e1s sobre \u201cUnidad y Lealtad\u201d ya cuenta con los avales para sus candidatos\">Leer m\u00e1s<\/a><\/p>\n","protected":false},"author":1,"featured_media":0,"comment_status":"open","ping_status":"open","sticky":false,"template":"","format":"standard","meta":{"_monsterinsights_skip_tracking":false,"_monsterinsights_sitenote_active":false,"_monsterinsights_sitenote_note":"","_monsterinsights_sitenote_category":0,"jetpack_post_was_ever_published":false,"_jetpack_newsletter_access":"","_jetpack_dont_email_post_to_subs":false,"_jetpack_newsletter_tier_id":0,"_jetpack_memberships_contains_paywalled_content":false,"_jetpack_memberships_contains_paid_content":false,"footnotes":"","jetpack_publicize_message":"","jetpack_publicize_feature_enabled":true,"jetpack_social_post_already_shared":false,"jetpack_social_options":{"image_generator_settings":{"template":"highway","default_image_id":0,"font":"","enabled":false},"version":2},"_wpas_customize_per_network":false},"categories":[5],"tags":[129],"class_list":["post-4733","post","type-post","status-publish","format-standard","hentry","category-politica","tag-unidad-y-lealtad","generate-columns","tablet-grid-50","mobile-grid-100","grid-parent","grid-50"],"jetpack_publicize_connections":[],"jetpack_featured_media_url":"","wps_subtitle":"","jetpack_sharing_enabled":true,"_links":{"self":[{"href":"https:\/\/www.hoymercedes.com.ar\/principal\/wp-json\/wp\/v2\/posts\/4733","targetHints":{"allow":["GET"]}}],"collection":[{"href":"https:\/\/www.hoymercedes.com.ar\/principal\/wp-json\/wp\/v2\/posts"}],"about":[{"href":"https:\/\/www.hoymercedes.com.ar\/principal\/wp-json\/wp\/v2\/types\/post"}],"author":[{"embeddable":true,"href":"https:\/\/www.hoymercedes.com.ar\/principal\/wp-json\/wp\/v2\/users\/1"}],"replies":[{"embeddable":true,"href":"https:\/\/www.hoymercedes.com.ar\/principal\/wp-json\/wp\/v2\/comments?post=4733"}],"version-history":[{"count":0,"href":"https:\/\/www.hoymercedes.com.ar\/principal\/wp-json\/wp\/v2\/posts\/4733\/revisions"}],"wp:attachment":[{"href":"https:\/\/www.hoymercedes.com.ar\/principal\/wp-json\/wp\/v2\/media?parent=4733"}],"wp:term":[{"taxonomy":"category","embeddable":true,"href":"https:\/\/www.hoymercedes.com.ar\/principal\/wp-json\/wp\/v2\/categories?post=4733"},{"taxonomy":"post_tag","embeddable":true,"href":"https:\/\/www.hoymercedes.com.ar\/principal\/wp-json\/wp\/v2\/tags?post=4733"}],"curies":[{"name":"wp","href":"https:\/\/api.w.org\/{rel}","templated":true}]}}