{"id":47367,"date":"2016-02-22T21:14:40","date_gmt":"2016-02-23T00:14:40","guid":{"rendered":"http:\/\/www.hoymercedes.com.ar\/principal\/?p=47367"},"modified":"2016-02-22T21:14:40","modified_gmt":"2016-02-23T00:14:40","slug":"club-mercedes-empato-ante-salgado-pero-no-alcanzo","status":"publish","type":"post","link":"https:\/\/www.hoymercedes.com.ar\/principal\/2016\/02\/22\/club-mercedes-empato-ante-salgado-pero-no-alcanzo\/","title":{"rendered":"Club Mercedes empat\u00f3 ante Salgado, pero no alcanz\u00f3"},"content":{"rendered":"<p><img loading=\"lazy\" decoding=\"async\" data-attachment-id=\"46317\" data-permalink=\"https:\/\/www.hoymercedes.com.ar\/principal\/2015\/12\/08\/por-penales-trocha-gano-el-clausura\/musante-ariel-2\/#main\" data-orig-file=\"https:\/\/www.hoymercedes.com.ar\/principal\/wp-content\/uploads\/2015\/12\/musante-ariel.png\" data-orig-size=\"630,100\" data-comments-opened=\"1\" data-image-meta=\"{&quot;aperture&quot;:&quot;0&quot;,&quot;credit&quot;:&quot;&quot;,&quot;camera&quot;:&quot;&quot;,&quot;caption&quot;:&quot;&quot;,&quot;created_timestamp&quot;:&quot;0&quot;,&quot;copyright&quot;:&quot;&quot;,&quot;focal_length&quot;:&quot;0&quot;,&quot;iso&quot;:&quot;0&quot;,&quot;shutter_speed&quot;:&quot;0&quot;,&quot;title&quot;:&quot;&quot;,&quot;orientation&quot;:&quot;0&quot;}\" data-image-title=\"musante-ariel\" data-image-description=\"\" data-image-caption=\"\" data-large-file=\"https:\/\/www.hoymercedes.com.ar\/principal\/wp-content\/uploads\/2015\/12\/musante-ariel.png\" class=\"aligncenter size-medium wp-image-46317\" src=\"https:\/\/www.hoymercedes.com.ar\/principal\/wp-content\/uploads\/2015\/12\/musante-ariel-630x100.png\" alt=\"musante-ariel\" width=\"630\" height=\"100\" srcset=\"https:\/\/www.hoymercedes.com.ar\/principal\/wp-content\/uploads\/2015\/12\/musante-ariel.png 630w, https:\/\/www.hoymercedes.com.ar\/principal\/wp-content\/uploads\/2015\/12\/musante-ariel-150x24.png 150w\" sizes=\"auto, (max-width: 630px) 100vw, 630px\" \/><\/p>\n<p><strong>Por Ariel Musante<\/strong> \/ El blanquinegro estaba urgido de una victoria en la ciudad de Lobos para seguir con vida en el Federal C pero tras un gran comienzo tuvo un lapsus de una hora en la que dilapid\u00f3 las pocas chances que le quedaban. Sobre el final, Pablo Gorosito dej\u00f3 en el palo un penal que hubiera sido el de la victoria.<\/p>\n<p>Con Nahuel Santana como entrenador debido a que Gabriel Lima estaba suspendido y su ayudante, Mart\u00edn Blanco, sigue mirando el partido del lado de afuera del alambrado por tener una suspensi\u00f3n temporal a la que le queda mucho por cumplir, Club Mercedes sali\u00f3 a la cancha en busca del triunfo que no supo conseguir en las primeras cuatro fechas de la zona 22.<\/p>\n<p>El blanquinegro, acompa\u00f1ado por medio centenar de hinchas, sali\u00f3 a la cancha con una decisi\u00f3n llamativa tras lo hecho en este certamen y al minuto V\u00e1zquez cabece\u00f3 en la puerta del \u00e1rea y la pelota pas\u00f3 muy cerca del travesa\u00f1o. Luego, un remate de Mu\u00f1oz no es gol porque da entre el palo y el arquero. A los 12, Godoy exige a Lucentini que env\u00eda la pelota al corner que es enviado luego en forma pasada para que D\u00edaz la baje a Azurmendi que estaba en el \u00e1rea chica para empujarla adentro del arco. Era el 1 a 0 y Mercedes lo merec\u00eda.<\/p>\n<p>A los 15, Mercedes recupera la pelota y se la entrega a Portessi que avanza con velocidad y cuando todos pensaban que se la daba a V\u00e1zquez, remat\u00f3 al \u00e1ngulo superior derecho del arquero para poner el 2 a 0 que sorprend\u00eda en cancha de Lobos Atletic y minutos despu\u00e9s Contardi se pierde el tercero.<\/p>\n<p>A partir de ah\u00ed, Mercedes volvi\u00f3 a ser el que se vio en cancha de la Liga. Timorato, indeciso, con errores y distracciones defensivas y eso agrand\u00f3 a Salgado, que superaba sus problemas defensivos teniendo la pelota y busc\u00e1ndole la vuelta con Alarc\u00f3n, Blasco, Alegre y Almaraz y empezaron a aparecer las situaciones hasta que Coronel avisa con un cabezazo y a los 37 Barrado descuenta tras un corner ejecutado por Almaraz.<\/p>\n<p>El primer tiempo se fue con el sabor amargo para Mercedes que tuvo 15 minutos excelentes y la media hora siguiente volvi\u00f3 a ser la sombra de las cuatro fechas anteriores.<\/p>\n<p>En el segundo tiempo, Alarc\u00f3n se hizo due\u00f1o de la pelota en tres cuartos de cancha y a los 4 minutos remat\u00f3 al segundo palo, pero la pelota peg\u00f3 en Mu\u00f1oz y se desvi\u00f3 entrando al arco pidiendo permiso para que se concrete el empate. A partir de ah\u00ed, Salgado busc\u00f3 de varias formas aumentar el marcador ante un imp\u00e1vido Mercedes que no encontraba la pelota y menos ten\u00eda posibilidades de ponerse arriba en el partido.<\/p>\n<p>A los 17, Camilo Fiorelli recibe su segunda amonestaci\u00f3n por protestar y ve la roja, dejando a su equipo con uno menos en un mal momento de partido, algo que Walter D\u00edaz se lo hizo notar intentando increparlo dentro de la cancha. Sin dudas otro infantilismo que tuvo Mercedes en jugadores que parecieran tener experiencia para jugar un Regional pero que a las claras est\u00e1 que no tienen el temperamento suficiente para hacerlo, y las 9 rojas que vio el blanquinegro en 5 partidos lo demuestran.<\/p>\n<p>Con uno menos y la necesidad de la victoria, Santana hizo bien los cambios para buscar el resultado, con Gorosito y Paniagua ingresando primero por Asurmendi y \u00c1vila respectivamente y luego Rivas por Portessi, aunque este \u00faltimo ingreso no estuvo a la altura de las circunstancias ya que se lo vio distra\u00eddo en varias jugadas en las que se lo necesit\u00f3.<\/p>\n<p>Los cambios que hizo Salgado tambi\u00e9n fueron para ir a buscar el resultado, por lo que el mediocampo qued\u00f3 con poca gente y entonces el partido se hizo de ida y vuelta y no se notaba que Mercedes ten\u00eda uno menos. Sin embargo, a los 32 una corrida de Alarc\u00f3n por derecha agarr\u00f3 mal parada a la defensa mercedina y Gatti lo derrib\u00f3 en el \u00e1rea, cometiendo el penal que el 9 convirti\u00f3 por gol.<\/p>\n<p>El 3 a 2 para Salgado derrumbaba toda ilusi\u00f3n blanquinegra que sab\u00eda que El Front\u00f3n lo ayudaba con el empate de local ante San Miguel de Las Heras. Pero con verg\u00fcenza lo fue a buscar y a los 37 un pelotazo desde el fondo encuentra a V\u00e1zquez dentro del \u00e1rea. El delantero remat\u00f3 violento y la pelota entr\u00f3 al arco. Era el 3 a 3 que se festej\u00f3 demasiado y m\u00e1s despu\u00e9s de que V\u00e1zquez fuera derribado en el \u00e1rea a los 42 minutos, pero Gorosito dej\u00f3 el penal en el palo y con ello se fueron todas las ilusiones.<\/p>\n<p>Mercedes empat\u00f3 por segunda vez consecutiva tras las primeras tres derrotas y con esto qued\u00f3 eliminado antes de tiempo de la zona 22 del Federal C cuando antes de iniciar se conform\u00f3 un plantel que se lo anunciaba como \u201cpensado para el ascenso\u201d y en la cancha se lo vio muy lejos de esa ambici\u00f3n. Ahora le quedar\u00e1 cumplir el pr\u00f3ximo domingo como visitante de San Miguel en la ciudad de Las Heras.<\/p>\n<p>Salgado 3: Federico Lucentini, Leandro G\u00f3mez, Facundo Echegaray, Mariano Baruari, Alejandro Alegre, Gabriel Coronel, Ezequiel Sosa, Diego Barrado, Juan Alarc\u00f3n, Miqueas Almar\u00e1z, Francisco Blasco. Relevos: Alcides Eberle y Mat\u00edas Gruccio. Cambios: Carlos Schiavino, Juan Basterrechea y Nicol\u00e1s Marco por Barrado, G\u00f3mez y Echegaray. DT: Juan Cepeda.<\/p>\n<p>Mercedes 3: Alejandro Calabria, Juan Gatti, Hern\u00e1n Azurmendi, Walter D\u00edaz, Camilo Fiorelli, Daniel Mu\u00f1oz, Mat\u00edas \u00c1vila, Thiago Portessi, Mat\u00edas V\u00e1zquez, Nicol\u00e1s Contardi y Gast\u00f3n Godoy. Relevos: Nicol\u00e1s Borrasca y Oscar D\u00edaz. Cambios: Mariano Rivas, Pablo Gorosito y Nicol\u00e1s Paniagua por Portessi, Azurmendi y \u00c1vila. DT: Nahuel Santana.<\/p>\n","protected":false},"excerpt":{"rendered":"<p>Por Ariel Musante \/ El blanquinegro estaba urgido de una victoria en la ciudad de Lobos para seguir con vida &#8230; <a title=\"Club Mercedes empat\u00f3 ante Salgado, pero no alcanz\u00f3\" class=\"read-more\" href=\"https:\/\/www.hoymercedes.com.ar\/principal\/2016\/02\/22\/club-mercedes-empato-ante-salgado-pero-no-alcanzo\/\" aria-label=\"Leer m\u00e1s sobre Club Mercedes empat\u00f3 ante Salgado, pero no alcanz\u00f3\">Leer m\u00e1s<\/a><\/p>\n","protected":false},"author":1,"featured_media":30191,"comment_status":"open","ping_status":"open","sticky":false,"template":"","format":"standard","meta":{"_monsterinsights_skip_tracking":false,"_monsterinsights_sitenote_active":false,"_monsterinsights_sitenote_note":"","_monsterinsights_sitenote_category":0,"jetpack_post_was_ever_published":false,"_jetpack_newsletter_access":"","_jetpack_dont_email_post_to_subs":false,"_jetpack_newsletter_tier_id":0,"_jetpack_memberships_contains_paywalled_content":false,"_jetpack_memberships_contains_paid_content":false,"footnotes":"","jetpack_publicize_message":"","jetpack_publicize_feature_enabled":true,"jetpack_social_post_already_shared":true,"jetpack_social_options":{"image_generator_settings":{"template":"highway","default_image_id":0,"font":"","enabled":false},"version":2},"_wpas_customize_per_network":false},"categories":[21],"tags":[122,8412,8468],"class_list":["post-47367","post","type-post","status-publish","format-standard","has-post-thumbnail","hentry","category-deportes","tag-club-mercedes","tag-federal-c","tag-torneo-federal-c","generate-columns","tablet-grid-50","mobile-grid-100","grid-parent","grid-50"],"jetpack_publicize_connections":[],"jetpack_featured_media_url":"https:\/\/www.hoymercedes.com.ar\/principal\/wp-content\/uploads\/2014\/02\/230clubmercedesotamendi3.jpg","wps_subtitle":"Eliminado del Regional","jetpack_sharing_enabled":true,"_links":{"self":[{"href":"https:\/\/www.hoymercedes.com.ar\/principal\/wp-json\/wp\/v2\/posts\/47367","targetHints":{"allow":["GET"]}}],"collection":[{"href":"https:\/\/www.hoymercedes.com.ar\/principal\/wp-json\/wp\/v2\/posts"}],"about":[{"href":"https:\/\/www.hoymercedes.com.ar\/principal\/wp-json\/wp\/v2\/types\/post"}],"author":[{"embeddable":true,"href":"https:\/\/www.hoymercedes.com.ar\/principal\/wp-json\/wp\/v2\/users\/1"}],"replies":[{"embeddable":true,"href":"https:\/\/www.hoymercedes.com.ar\/principal\/wp-json\/wp\/v2\/comments?post=47367"}],"version-history":[{"count":0,"href":"https:\/\/www.hoymercedes.com.ar\/principal\/wp-json\/wp\/v2\/posts\/47367\/revisions"}],"wp:featuredmedia":[{"embeddable":true,"href":"https:\/\/www.hoymercedes.com.ar\/principal\/wp-json\/wp\/v2\/media\/30191"}],"wp:attachment":[{"href":"https:\/\/www.hoymercedes.com.ar\/principal\/wp-json\/wp\/v2\/media?parent=47367"}],"wp:term":[{"taxonomy":"category","embeddable":true,"href":"https:\/\/www.hoymercedes.com.ar\/principal\/wp-json\/wp\/v2\/categories?post=47367"},{"taxonomy":"post_tag","embeddable":true,"href":"https:\/\/www.hoymercedes.com.ar\/principal\/wp-json\/wp\/v2\/tags?post=47367"}],"curies":[{"name":"wp","href":"https:\/\/api.w.org\/{rel}","templated":true}]}}