{"id":47408,"date":"2016-02-24T22:34:51","date_gmt":"2016-02-25T01:34:51","guid":{"rendered":"http:\/\/www.hoymercedes.com.ar\/principal\/?p=47408"},"modified":"2016-02-24T22:34:51","modified_gmt":"2016-02-25T01:34:51","slug":"con-la-presencia-del-ministro-mahiques-la-unidad-n5-conmemoro-su-140-aniversario","status":"publish","type":"post","link":"https:\/\/www.hoymercedes.com.ar\/principal\/2016\/02\/24\/con-la-presencia-del-ministro-mahiques-la-unidad-n5-conmemoro-su-140-aniversario\/","title":{"rendered":"Con la presencia del Ministro Mahiques la Unidad N\u00b05 conmemor\u00f3 su 140 aniversario."},"content":{"rendered":"<figure id=\"attachment_47409\" aria-describedby=\"caption-attachment-47409\" style=\"width: 610px\" class=\"wp-caption aligncenter\"><img loading=\"lazy\" decoding=\"async\" data-attachment-id=\"47409\" data-permalink=\"https:\/\/www.hoymercedes.com.ar\/principal\/2016\/02\/24\/con-la-presencia-del-ministro-mahiques-la-unidad-n5-conmemoro-su-140-aniversario\/20160224_113026\/#main\" data-orig-file=\"https:\/\/www.hoymercedes.com.ar\/principal\/wp-content\/uploads\/2016\/02\/20160224_113026.jpg\" data-orig-size=\"620,465\" data-comments-opened=\"1\" data-image-meta=\"{&quot;aperture&quot;:&quot;0&quot;,&quot;credit&quot;:&quot;&quot;,&quot;camera&quot;:&quot;&quot;,&quot;caption&quot;:&quot;&quot;,&quot;created_timestamp&quot;:&quot;0&quot;,&quot;copyright&quot;:&quot;&quot;,&quot;focal_length&quot;:&quot;0&quot;,&quot;iso&quot;:&quot;0&quot;,&quot;shutter_speed&quot;:&quot;0&quot;,&quot;title&quot;:&quot;&quot;,&quot;orientation&quot;:&quot;0&quot;}\" data-image-title=\"20160224_113026\" data-image-description=\"\" data-image-caption=\"&lt;p&gt;Intendente Ustarroz entrega placa al Director de la Unidad Adolfo Cersosimo junto al Ministro Mahiques&lt;\/p&gt;\n\" data-large-file=\"https:\/\/www.hoymercedes.com.ar\/principal\/wp-content\/uploads\/2016\/02\/20160224_113026.jpg\" class=\"size-full wp-image-47409\" src=\"https:\/\/www.hoymercedes.com.ar\/principal\/wp-content\/uploads\/2016\/02\/20160224_113026.jpg\" alt=\"Intendente Ustarroz entrega placa al Director de la Unidad Adolfo Cersosimo junto al Ministro Mahiques\" width=\"620\" height=\"465\" srcset=\"https:\/\/www.hoymercedes.com.ar\/principal\/wp-content\/uploads\/2016\/02\/20160224_113026.jpg 620w, https:\/\/www.hoymercedes.com.ar\/principal\/wp-content\/uploads\/2016\/02\/20160224_113026-150x113.jpg 150w\" sizes=\"auto, (max-width: 620px) 100vw, 620px\" \/><figcaption id=\"caption-attachment-47409\" class=\"wp-caption-text\">Intendente Ustarroz entrega placa al Director de la Unidad Adolfo Cersosimo junto al Ministro Mahiques<\/figcaption><\/figure>\n<p>Durante la ma\u00f1ana de \u00e9ste mi\u00e9rcoles se llev\u00f3 a cabo el acto institucional por el<strong> 140 aniversario de la Unidad Penitenciaria N\u00b05<\/strong> de nuestra localidad, una de las m\u00e1s viejas del pa\u00eds. En el encuentro estuvo presente el Ministro de Justicia de la Provincia de Buenos Aires y mercedino <strong>Carlos Mahiques<\/strong>. Tambi\u00e9n fueron parte el intendente Juan Ignacio Ustarroz, funcionaros municipales y el cuerpo de conducci\u00f3n de la Unidad local encabezados por el <strong>Director de la Unidad Adolfo Cersosimo<\/strong>.<\/p>\n<p>El acto se realiz\u00f3 frente al ingreso a la unidad para luego pasar al Casino de Oficiales en el \u00e1gape protocolar donde funcionarios y personal compartieron distintas impresiones.<\/p>\n<p>El intendente<strong> Juan Ignacio Ustarroz<\/strong> estuvo presento junto al Secretario de Gobierno<strong> Juan Pablo L\u00f3pez Baggio,<\/strong> la Secretaria de Control Urbano <strong>Josefina Kelly<\/strong> y la Coordinaci\u00f3n de Derechos Humanos.<\/p>\n<p>En el acto se entreg\u00f3 un reconocimiento a empleados que cumpl\u00edan 30 y 25 a\u00f1os de servicios.<\/p>\n<p>El <strong>Ministro Mahiques<\/strong> expres\u00f3 ante los presentes que: \u201ccomo soy de Mercedes particularmente agradezco a su intendente, el querido Juani, a todo su equipo, al Servicio Penitenciario, a nuestros amigos judiciales. En la referencia hist\u00f3rica que se hizo de esta unidad se evidencia\u00a0 claramente los a\u00f1os que han pasado y la necesidad de preguntarse si esos a\u00f1os sirvieron y si sirvieron en qu\u00e9 medida pueden haceros reflexionar sobre el sentido y la finalidad de una pena y de los modos en que ella debe cumplirse. Es un encuentro y recuerdo muy particular y hasta paradojal porque esta unidad es emblem\u00e1tica de todo el servicio penitenciario y de toda la pol\u00edtica penitenciaria de un Estado. Merece ser recordada por lo que fue, como un paradigma, como un ejemplo de una decisi\u00f3n pol\u00edtica de llevar adelante un programa de ejecuci\u00f3n penal. Nos preguntamos si ese paradigma sigue hoy vigente o si por el contrario tenemos que encarar responsablemente, razonablemente, con sentido de la realidad, la construcci\u00f3n de un nuevo paradigma, si el modo en que se ejecutan las penas debe ser este o el Estrado debe encontrar nuevas respuestas para su pol\u00edtica de ejecuci\u00f3n penal. A partir de esta pregunta y la que me adelanto y afirmo es necesario actuar en consecuencia y r\u00e1pidamente y por el cambio y por un cambio superador esta Unidad emblem\u00e1tica debe dar lugar al paso de nuevos modos, otros edificios, otra formaci\u00f3n del sistema penitenciario que responsa m\u00e1s adecuadamente a las necesidades que plantea la criminalidad, la condena y el juzgamiento adecuado de los internos que van a ser luego alojados en las unidades del servicio penitenciario que son muy numerosas, son 55 y que no necesariamente responden a este paradigma. Estamos en un proceso de modernizaci\u00f3n. Un proceso de profesionalizaci\u00f3n. En este sentido quiero dejar un \u00faltimo mensaje. En primer lugar ya me siento perteneciente a esta familia del servicio penitenciario y estoy comenzando a sentirme orgulloso de permanecer y de estos equipos que trabajan en situaci\u00f3n y condiciones inadecuadas: Sepan ustedes que en lo que llevan adelante hay un gran respeto por esta gesti\u00f3n, y admiraci\u00f3n. En esa tarea y ese orgullo me acompa\u00f1a el gobierno de la Provincia de Buenos Aires y en particular la gobernadora Mar\u00eda Eugenia Vidal que me ha trasmitido que les pidiera y dijera que en esa tarea de modernizaci\u00f3n y dignificaci\u00f3n, de reestructuraci\u00f3n y construcci\u00f3n de nueva pol\u00edtica penitenciaria est\u00e1 todo su apoyo a este equipo, esta gesti\u00f3n, a esta motivaci\u00f3n, no es solo un prop\u00f3sito personal que compartimos con mi equipo, sino que es una decisi\u00f3n pol\u00edtica y en esa queremos, debemos y sabemos que vamos a ser acompa\u00f1ados por las fuerzas pol\u00edticas y sobre todo los municipios que cumplen un rol decisivo, determinante y sin entrar en adelantos de noticias podr\u00eda decir hoy que con el intendente ya estamos comprometidos en superar la situaci\u00f3n de los d\u00e9ficit de \u00e9sta unidad y estamos pensando en grande la construcci\u00f3n en Agote de un complejo grande, seguro y digno tanto para los detenidos como para el personal.<\/p>\n<p>Quiero decirles que uno de los prop\u00f3sitos m\u00e1s significativos y prioritarios es la profesionalizaci\u00f3n de los cargos penitenciarios, este acto simb\u00f3lico de kits para la educaci\u00f3n para ayudar a la formaci\u00f3n de las familias de los empleados, de los agentes, es un modo de decirles a ustedes que as\u00ed como son educadores en su casa y queremos colaborar tambi\u00e9n lo son, completan una tarea educadora, a veces inconscientemente, ac\u00e1 detr\u00e1s de los muros. No son solo custodios de gente privada de su libertad, son garantes del proceso de resocializaci\u00f3n de las personas que son detenidas es decir, son garantes de un mandato constitucional, son garantes y principales actores de un proceso en que est\u00e1 involucrada toda la sociedad. Porque que aqu\u00ed se reproduzca el fen\u00f3meno criminol\u00f3gico y salgan mejores o peores personas dependen en grandes medidas de ustedes, de todo el personal penitenciario, esa tarea educativa nunca la pierdan de vista, nunca la menosprecien porque son ustedes los principales garantes de que ese proceso llegue a buen resultado.<\/p>\n<p>Este sencillo y emotivo homenaje, en mi ciudad, en Mercedes, donde voy a volcar siempre mi preocupaci\u00f3n en el \u00e1mbito de mi incumbencia personal en el d\u00eda en que esta c\u00e1rcel emblem\u00e1tica cumple 140 a\u00f1os, en el d\u00eda en que queremos simb\u00f3licamente refundar una nueva idea del sistema penitenciario los convoco a esa tarea, los felicito y reitero la disponibilidad m\u00eda y de mi equipo para esa tarea asumida\u201d, sostuvo en su discurso ante los presente el Ministro de Justicia de la Provincia de Buenos Aires y mercedino, Carlos Mahiques.<\/p>\n<p>En el acto hubo una entrega de kits educativos para hijos de penitenciarios e intercambio de plaquetas alusivas a la fecha. Una de ellas fue otorgada por la Comuna a manos del intendente Juan Ustarroz.<\/p>\n<p>La Unidad fue una de las primeras e inaugurada en 1876 pensada inicialmente para 130 detenidos. Con el tiempo fue creciendo y hoy d\u00eda tiene alrededor de 900 alojados.<\/p>\n<p>&nbsp;<\/p>\n","protected":false},"excerpt":{"rendered":"<p>Durante la ma\u00f1ana de \u00e9ste mi\u00e9rcoles se llev\u00f3 a cabo el acto institucional por el 140 aniversario de la Unidad &#8230; <a title=\"Con la presencia del Ministro Mahiques la Unidad N\u00b05 conmemor\u00f3 su 140 aniversario.\" class=\"read-more\" href=\"https:\/\/www.hoymercedes.com.ar\/principal\/2016\/02\/24\/con-la-presencia-del-ministro-mahiques-la-unidad-n5-conmemoro-su-140-aniversario\/\" aria-label=\"Leer m\u00e1s sobre Con la presencia del Ministro Mahiques la Unidad N\u00b05 conmemor\u00f3 su 140 aniversario.\">Leer m\u00e1s<\/a><\/p>\n","protected":false},"author":1,"featured_media":47409,"comment_status":"open","ping_status":"open","sticky":false,"template":"","format":"standard","meta":{"_monsterinsights_skip_tracking":false,"_monsterinsights_sitenote_active":false,"_monsterinsights_sitenote_note":"","_monsterinsights_sitenote_category":0,"jetpack_post_was_ever_published":false,"_jetpack_newsletter_access":"","_jetpack_dont_email_post_to_subs":false,"_jetpack_newsletter_tier_id":0,"_jetpack_memberships_contains_paywalled_content":false,"_jetpack_memberships_contains_paid_content":false,"footnotes":"","jetpack_publicize_message":"","jetpack_publicize_feature_enabled":true,"jetpack_social_post_already_shared":true,"jetpack_social_options":{"image_generator_settings":{"template":"highway","default_image_id":0,"font":"","enabled":false},"version":2},"_wpas_customize_per_network":false},"categories":[8],"tags":[8516,8517,585,8303,113],"class_list":["post-47408","post","type-post","status-publish","format-standard","has-post-thumbnail","hentry","category-sociedad","tag-adolfo-cersosimo","tag-aniversario-carcel-5-buenos-aires","tag-juan-ustarroz","tag-ministro-mahiques","tag-unidad-5","generate-columns","tablet-grid-50","mobile-grid-100","grid-parent","grid-50"],"jetpack_publicize_connections":[],"jetpack_featured_media_url":"https:\/\/www.hoymercedes.com.ar\/principal\/wp-content\/uploads\/2016\/02\/20160224_113026.jpg","wps_subtitle":"Servicio Penitenciario Bonaerense","jetpack_sharing_enabled":true,"_links":{"self":[{"href":"https:\/\/www.hoymercedes.com.ar\/principal\/wp-json\/wp\/v2\/posts\/47408","targetHints":{"allow":["GET"]}}],"collection":[{"href":"https:\/\/www.hoymercedes.com.ar\/principal\/wp-json\/wp\/v2\/posts"}],"about":[{"href":"https:\/\/www.hoymercedes.com.ar\/principal\/wp-json\/wp\/v2\/types\/post"}],"author":[{"embeddable":true,"href":"https:\/\/www.hoymercedes.com.ar\/principal\/wp-json\/wp\/v2\/users\/1"}],"replies":[{"embeddable":true,"href":"https:\/\/www.hoymercedes.com.ar\/principal\/wp-json\/wp\/v2\/comments?post=47408"}],"version-history":[{"count":0,"href":"https:\/\/www.hoymercedes.com.ar\/principal\/wp-json\/wp\/v2\/posts\/47408\/revisions"}],"wp:featuredmedia":[{"embeddable":true,"href":"https:\/\/www.hoymercedes.com.ar\/principal\/wp-json\/wp\/v2\/media\/47409"}],"wp:attachment":[{"href":"https:\/\/www.hoymercedes.com.ar\/principal\/wp-json\/wp\/v2\/media?parent=47408"}],"wp:term":[{"taxonomy":"category","embeddable":true,"href":"https:\/\/www.hoymercedes.com.ar\/principal\/wp-json\/wp\/v2\/categories?post=47408"},{"taxonomy":"post_tag","embeddable":true,"href":"https:\/\/www.hoymercedes.com.ar\/principal\/wp-json\/wp\/v2\/tags?post=47408"}],"curies":[{"name":"wp","href":"https:\/\/api.w.org\/{rel}","templated":true}]}}