{"id":4741,"date":"2011-06-03T23:55:13","date_gmt":"2011-06-03T23:55:13","guid":{"rendered":"http:\/\/www.hoymercedes.com.ar\/principal\/?p=4741"},"modified":"2011-06-03T23:55:13","modified_gmt":"2011-06-03T23:55:13","slug":"selva-se-reunio-en-la-camara-economica-con-prestadores-de-turismo","status":"publish","type":"post","link":"https:\/\/www.hoymercedes.com.ar\/principal\/2011\/06\/03\/selva-se-reunio-en-la-camara-economica-con-prestadores-de-turismo\/","title":{"rendered":"Selva se reuni\u00f3 en la C\u00e1mara Econ\u00f3mica con prestadores de turismo"},"content":{"rendered":"<figure id=\"attachment_4743\" aria-describedby=\"caption-attachment-4743\" style=\"width: 290px\" class=\"wp-caption alignleft\"><a href=\"https:\/\/www.hoymercedes.com.ar\/principal\/wp-content\/uploads\/2011\/06\/Selva-Melo-SanMartin.jpg\"><img loading=\"lazy\" decoding=\"async\" data-attachment-id=\"4743\" data-permalink=\"https:\/\/www.hoymercedes.com.ar\/principal\/2011\/06\/03\/selva-se-reunio-en-la-camara-economica-con-prestadores-de-turismo\/selva-melo-sanmartin\/#main\" data-orig-file=\"https:\/\/www.hoymercedes.com.ar\/principal\/wp-content\/uploads\/2011\/06\/Selva-Melo-SanMartin.jpg\" data-orig-size=\"300,225\" data-comments-opened=\"1\" data-image-meta=\"{&quot;aperture&quot;:&quot;2.8&quot;,&quot;credit&quot;:&quot;&quot;,&quot;camera&quot;:&quot;COOLPIX L10&quot;,&quot;caption&quot;:&quot;&quot;,&quot;created_timestamp&quot;:&quot;1306855642&quot;,&quot;copyright&quot;:&quot;Copyright 2006&quot;,&quot;focal_length&quot;:&quot;6.2&quot;,&quot;iso&quot;:&quot;400&quot;,&quot;shutter_speed&quot;:&quot;0.016666666666667&quot;,&quot;title&quot;:&quot;&quot;}\" data-image-title=\"Selva-Melo-SanMartin\" data-image-description=\"\" data-image-caption=\"&lt;p&gt;Selva, Melo y San Mart\u00edn&lt;\/p&gt;\n\" data-large-file=\"https:\/\/www.hoymercedes.com.ar\/principal\/wp-content\/uploads\/2011\/06\/Selva-Melo-SanMartin.jpg\" class=\"size-full wp-image-4743\" title=\"Selva-Melo-SanMartin\" src=\"https:\/\/www.hoymercedes.com.ar\/principal\/wp-content\/uploads\/2011\/06\/Selva-Melo-SanMartin.jpg\" alt=\"\" width=\"300\" height=\"225\" \/><\/a><figcaption id=\"caption-attachment-4743\" class=\"wp-caption-text\">Selva, Melo y San Mart\u00edn<\/figcaption><\/figure>\n<p>El intendente Carlos Selva junto al Director de Turismo Marcelo Melo se reuni\u00f3n este jueves con los prestadores de turismo de Mercedes para darles a conoce las propuestas que en dicha \u00e1rea tiene pensado implementar en la gesti\u00f3n de gobierno municipal 2011-2015<\/p>\n<p>El presidente de la C\u00e1mara, Cesar Sanmart\u00edn se encargo de presentar al jefe comunal y al mismo tiempo pido la colaboraci\u00f3n a todos los prestadores para unirse y formar una verdadera Comisi\u00f3n de Turismo que con el impulso de la entidad mercantil pueda desarrollar junto al municipio tareas que permitan el verdadero crecimiento de la actividad tur\u00edstica en nuestro partido.<\/p>\n<p>Carlos Selva confirm\u00f3 que se encuentra estudiando un proyecto para instalar en el sector de la Estaci\u00f3n Trocha una feria permanente que permita poder comercializar sus productos a los artesanos mercedinos como as\u00ed tambi\u00e9n a los micros emprendedores.<\/p>\n<p>Tambi\u00e9n anticipo que se trabajara en el desarrollo de un nuevo Polo Gastron\u00f3mico como el que se desarroll\u00f3 en Tomas Jofre pero en este caso a lo largo de la Avenida 40 entre 15 y 29.<\/p>\n<p>Hablo acerca de continuar jerarquizando las tradicionales fiestas populares que se hacen en la ciudad y al mismo tiempo trabajar en todo lo relacionado a los eventos de car\u00e1cter popular como el Criterium de Apertura en ciclismo  y el encuentro de motos que permite hacer conocer la ciudad de Mercedes a muchas personas que hacen centenares de kil\u00f3metros desde sus ciudades para poder llegar hasta la nuestra y compartir un muy buen momento.<\/p>\n<p>Tambi\u00e9n hablo sobre el Parque Municipal, el puente vehicular  sobre el R\u00edo Lujan que se va a construir con fondos provinciales para justamente poder unir los dos sectores del paseo permitiendo por adentro cruzar desde uno hacia el otro.<\/p>\n<p>Seg\u00fan se dijo en la reuni\u00f3n, que se prolongo luego de las palabras del intendente con un verdadero ida y vuelta entre funcionarios y prestadores<\/p>\n<p>Esta es la primera reuni\u00f3n, al menos oficial, que el intendente efectu\u00f3 con miras a las elecciones de agosto (Internas abiertas) y luego a fines de octubre en la que se consagrar\u00e1n los nuevos mandatarios de la naci\u00f3n, la provincia y el municipio siendo la idea de mantener charlas similares con la mayor cantidad de representantes de los diferentes sectores que componen la sociedad mercedina.<\/p>\n<p>&nbsp;<\/p>\n","protected":false},"excerpt":{"rendered":"<p>El intendente Carlos Selva junto al Director de Turismo Marcelo Melo se reuni\u00f3n este jueves con los prestadores de turismo &#8230; <a title=\"Selva se reuni\u00f3 en la C\u00e1mara Econ\u00f3mica con prestadores de turismo\" class=\"read-more\" href=\"https:\/\/www.hoymercedes.com.ar\/principal\/2011\/06\/03\/selva-se-reunio-en-la-camara-economica-con-prestadores-de-turismo\/\" aria-label=\"Leer m\u00e1s sobre Selva se reuni\u00f3 en la C\u00e1mara Econ\u00f3mica con prestadores de turismo\">Leer m\u00e1s<\/a><\/p>\n","protected":false},"author":1,"featured_media":0,"comment_status":"open","ping_status":"open","sticky":false,"template":"","format":"standard","meta":{"_monsterinsights_skip_tracking":false,"_monsterinsights_sitenote_active":false,"_monsterinsights_sitenote_note":"","_monsterinsights_sitenote_category":0,"jetpack_post_was_ever_published":false,"_jetpack_newsletter_access":"","_jetpack_dont_email_post_to_subs":false,"_jetpack_newsletter_tier_id":0,"_jetpack_memberships_contains_paywalled_content":false,"_jetpack_memberships_contains_paid_content":false,"footnotes":"","jetpack_publicize_message":"","jetpack_publicize_feature_enabled":true,"jetpack_social_post_already_shared":false,"jetpack_social_options":{"image_generator_settings":{"template":"highway","default_image_id":0,"font":"","enabled":false},"version":2},"_wpas_customize_per_network":false},"categories":[5],"tags":[267,403,867,18],"class_list":["post-4741","post","type-post","status-publish","format-standard","hentry","category-politica","tag-camara-economica-mercedina","tag-marcelo-melo","tag-san-matin","tag-selva","generate-columns","tablet-grid-50","mobile-grid-100","grid-parent","grid-50"],"jetpack_publicize_connections":[],"jetpack_featured_media_url":"","wps_subtitle":"","jetpack_sharing_enabled":true,"_links":{"self":[{"href":"https:\/\/www.hoymercedes.com.ar\/principal\/wp-json\/wp\/v2\/posts\/4741","targetHints":{"allow":["GET"]}}],"collection":[{"href":"https:\/\/www.hoymercedes.com.ar\/principal\/wp-json\/wp\/v2\/posts"}],"about":[{"href":"https:\/\/www.hoymercedes.com.ar\/principal\/wp-json\/wp\/v2\/types\/post"}],"author":[{"embeddable":true,"href":"https:\/\/www.hoymercedes.com.ar\/principal\/wp-json\/wp\/v2\/users\/1"}],"replies":[{"embeddable":true,"href":"https:\/\/www.hoymercedes.com.ar\/principal\/wp-json\/wp\/v2\/comments?post=4741"}],"version-history":[{"count":0,"href":"https:\/\/www.hoymercedes.com.ar\/principal\/wp-json\/wp\/v2\/posts\/4741\/revisions"}],"wp:attachment":[{"href":"https:\/\/www.hoymercedes.com.ar\/principal\/wp-json\/wp\/v2\/media?parent=4741"}],"wp:term":[{"taxonomy":"category","embeddable":true,"href":"https:\/\/www.hoymercedes.com.ar\/principal\/wp-json\/wp\/v2\/categories?post=4741"},{"taxonomy":"post_tag","embeddable":true,"href":"https:\/\/www.hoymercedes.com.ar\/principal\/wp-json\/wp\/v2\/tags?post=4741"}],"curies":[{"name":"wp","href":"https:\/\/api.w.org\/{rel}","templated":true}]}}