{"id":47446,"date":"2016-02-25T23:13:04","date_gmt":"2016-02-26T02:13:04","guid":{"rendered":"http:\/\/www.hoymercedes.com.ar\/principal\/?p=47446"},"modified":"2016-02-25T23:13:04","modified_gmt":"2016-02-26T02:13:04","slug":"el-intendente-ustarroz-entrego-ambulancia-nueva-para-agote-y-zonas-rurales","status":"publish","type":"post","link":"https:\/\/www.hoymercedes.com.ar\/principal\/2016\/02\/25\/el-intendente-ustarroz-entrego-ambulancia-nueva-para-agote-y-zonas-rurales\/","title":{"rendered":"El intendente Ustarroz entreg\u00f3 ambulancia nueva para Agote y zonas rurales"},"content":{"rendered":"<figure id=\"attachment_47447\" aria-describedby=\"caption-attachment-47447\" style=\"width: 610px\" class=\"wp-caption aligncenter\"><img loading=\"lazy\" decoding=\"async\" data-attachment-id=\"47447\" data-permalink=\"https:\/\/www.hoymercedes.com.ar\/principal\/2016\/02\/25\/el-intendente-ustarroz-entrego-ambulancia-nueva-para-agote-y-zonas-rurales\/ambulancia-agote-gowland-2016-2\/#main\" data-orig-file=\"https:\/\/www.hoymercedes.com.ar\/principal\/wp-content\/uploads\/2016\/02\/ambulancia-agote-gowland-2016-2.jpg\" data-orig-size=\"620,465\" data-comments-opened=\"1\" data-image-meta=\"{&quot;aperture&quot;:&quot;0&quot;,&quot;credit&quot;:&quot;&quot;,&quot;camera&quot;:&quot;&quot;,&quot;caption&quot;:&quot;&quot;,&quot;created_timestamp&quot;:&quot;0&quot;,&quot;copyright&quot;:&quot;&quot;,&quot;focal_length&quot;:&quot;0&quot;,&quot;iso&quot;:&quot;0&quot;,&quot;shutter_speed&quot;:&quot;0&quot;,&quot;title&quot;:&quot;&quot;,&quot;orientation&quot;:&quot;0&quot;}\" data-image-title=\"ambulancia-agote-gowland-2016-2\" data-image-description=\"\" data-image-caption=\"\" data-large-file=\"https:\/\/www.hoymercedes.com.ar\/principal\/wp-content\/uploads\/2016\/02\/ambulancia-agote-gowland-2016-2.jpg\" class=\"wp-image-47447 size-full\" src=\"https:\/\/www.hoymercedes.com.ar\/principal\/wp-content\/uploads\/2016\/02\/ambulancia-agote-gowland-2016-2.jpg\" alt=\"ambulancia-agote-gowland-2016-2\" width=\"620\" height=\"465\" srcset=\"https:\/\/www.hoymercedes.com.ar\/principal\/wp-content\/uploads\/2016\/02\/ambulancia-agote-gowland-2016-2.jpg 620w, https:\/\/www.hoymercedes.com.ar\/principal\/wp-content\/uploads\/2016\/02\/ambulancia-agote-gowland-2016-2-150x113.jpg 150w\" sizes=\"auto, (max-width: 620px) 100vw, 620px\" \/><figcaption id=\"caption-attachment-47447\" class=\"wp-caption-text\">Beneficio para todos los vecinos de la zona rural<\/figcaption><\/figure>\n<p>Por pedido expreso del intendente Juan Ignacio Ustarroz y por decisi\u00f3n pol\u00edtica, esta ma\u00f1ana se present\u00f3 a la comunidad una nueva ambulancia con servicio las 24 horas que ser\u00e1 destinada a la asistencia en la zona de Agote y Gowland.<\/p>\n<p>Lo acompa\u00f1aron al Jefe Comunal en dicha entrega, el Secretario de Salud Dr. Pablo Cassiani, la Directora de los CAPS Dra. Marina Geracitano, el coordinado de los CAPS Lic. Mart\u00edn Avalle entre otros.<br \/>\n\u00abHace 40 d\u00edas se incorpor\u00f3 a la flota municipal una ambulancia para la zona c\u00e9ntrica que hace de apoyo en distintos eventos deportivos y recreativos que lo requieran; esta vez la incorporaci\u00f3n suma a la atenci\u00f3n m\u00e9dica en el \u00e1rea rural en complemento con la atenci\u00f3n medica de los CAPS\u00bb (Centro de atenci\u00f3n primaria de la salud) indicaba el Dr. Pablo Cassiani.<\/p>\n<p><img loading=\"lazy\" decoding=\"async\" data-attachment-id=\"47448\" data-permalink=\"https:\/\/www.hoymercedes.com.ar\/principal\/2016\/02\/25\/el-intendente-ustarroz-entrego-ambulancia-nueva-para-agote-y-zonas-rurales\/ambulancia-agote-gowland-2016-1\/#main\" data-orig-file=\"https:\/\/www.hoymercedes.com.ar\/principal\/wp-content\/uploads\/2016\/02\/ambulancia-agote-gowland-2016-1.jpg\" data-orig-size=\"620,465\" data-comments-opened=\"1\" data-image-meta=\"{&quot;aperture&quot;:&quot;0&quot;,&quot;credit&quot;:&quot;&quot;,&quot;camera&quot;:&quot;&quot;,&quot;caption&quot;:&quot;&quot;,&quot;created_timestamp&quot;:&quot;0&quot;,&quot;copyright&quot;:&quot;&quot;,&quot;focal_length&quot;:&quot;0&quot;,&quot;iso&quot;:&quot;0&quot;,&quot;shutter_speed&quot;:&quot;0&quot;,&quot;title&quot;:&quot;&quot;,&quot;orientation&quot;:&quot;0&quot;}\" data-image-title=\"ambulancia-agote-gowland-2016-1\" data-image-description=\"\" data-image-caption=\"\" data-large-file=\"https:\/\/www.hoymercedes.com.ar\/principal\/wp-content\/uploads\/2016\/02\/ambulancia-agote-gowland-2016-1.jpg\" class=\"aligncenter size-full wp-image-47448\" src=\"https:\/\/www.hoymercedes.com.ar\/principal\/wp-content\/uploads\/2016\/02\/ambulancia-agote-gowland-2016-1.jpg\" alt=\"ambulancia-agote-gowland-2016-1\" width=\"620\" height=\"465\" srcset=\"https:\/\/www.hoymercedes.com.ar\/principal\/wp-content\/uploads\/2016\/02\/ambulancia-agote-gowland-2016-1.jpg 620w, https:\/\/www.hoymercedes.com.ar\/principal\/wp-content\/uploads\/2016\/02\/ambulancia-agote-gowland-2016-1-150x113.jpg 150w\" sizes=\"auto, (max-width: 620px) 100vw, 620px\" \/><\/p>\n<p>\u201cQuiero destacar el trabajo de todo el equipo de salud del municipio, equipo que trabaja con compromiso y gracias a ello se puede avanzar en hechos concretos como \u00e9ste. Esta zona creci\u00f3 mucho y se proyecta que va a seguir creciendo, es por ello que consideramos importante brindar este servicio tan necesario y primordial como es una ambulancia las 24 horas y dar cobertura a la zona rural desde la cercan\u00eda, lo cual implica un alivio a toda la ciudad de Mercedes\u201d, explic\u00f3 Ustarroz ante los presentes.<\/p>\n<p>Durante el discurso, el primer mandatario tambi\u00e9n resalt\u00f3 la incorporaci\u00f3n de pr\u00f3ximos m\u00f3viles ya que es un d\u00e9ficit que sufren los mercedinos y coment\u00f3 los trabajos que se realizan en el hospital y los avances conseguidos para incorporar m\u00e1s ambulancias al servicio del nosocomio.<\/p>\n<p>\u201cNos seguimos esforzando en pos de garantizar a los vecinos de la ciudad el derecho a la salud y seguiremos avanzando con objetivos concretos como \u00e9stos que aumentan la cantidad y calidad del servicio de salud\u201d, concluy\u00f3 el intendente.<\/p>\n","protected":false},"excerpt":{"rendered":"<p>Por pedido expreso del intendente Juan Ignacio Ustarroz y por decisi\u00f3n pol\u00edtica, esta ma\u00f1ana se present\u00f3 a la comunidad una &#8230; <a title=\"El intendente Ustarroz entreg\u00f3 ambulancia nueva para Agote y zonas rurales\" class=\"read-more\" href=\"https:\/\/www.hoymercedes.com.ar\/principal\/2016\/02\/25\/el-intendente-ustarroz-entrego-ambulancia-nueva-para-agote-y-zonas-rurales\/\" aria-label=\"Leer m\u00e1s sobre El intendente Ustarroz entreg\u00f3 ambulancia nueva para Agote y zonas rurales\">Leer m\u00e1s<\/a><\/p>\n","protected":false},"author":1,"featured_media":47448,"comment_status":"open","ping_status":"open","sticky":false,"template":"","format":"standard","meta":{"_monsterinsights_skip_tracking":false,"_monsterinsights_sitenote_active":false,"_monsterinsights_sitenote_note":"","_monsterinsights_sitenote_category":0,"jetpack_post_was_ever_published":false,"_jetpack_newsletter_access":"","_jetpack_dont_email_post_to_subs":false,"_jetpack_newsletter_tier_id":0,"_jetpack_memberships_contains_paywalled_content":false,"_jetpack_memberships_contains_paid_content":false,"footnotes":"","jetpack_publicize_message":"","jetpack_publicize_feature_enabled":true,"jetpack_social_post_already_shared":true,"jetpack_social_options":{"image_generator_settings":{"template":"highway","default_image_id":0,"font":"","enabled":false},"version":2},"_wpas_customize_per_network":false},"categories":[30],"tags":[8528,6557,585,8530,8529],"class_list":["post-47446","post","type-post","status-publish","format-standard","has-post-thumbnail","hentry","category-municipio","tag-ambulancia-mercedes","tag-juan-usatarroz","tag-juan-ustarroz","tag-salud-en-mercedes","tag-secretaria-de-salud","generate-columns","tablet-grid-50","mobile-grid-100","grid-parent","grid-50"],"jetpack_publicize_connections":[],"jetpack_featured_media_url":"https:\/\/www.hoymercedes.com.ar\/principal\/wp-content\/uploads\/2016\/02\/ambulancia-agote-gowland-2016-1.jpg","wps_subtitle":"Beneficio social","jetpack_sharing_enabled":true,"_links":{"self":[{"href":"https:\/\/www.hoymercedes.com.ar\/principal\/wp-json\/wp\/v2\/posts\/47446","targetHints":{"allow":["GET"]}}],"collection":[{"href":"https:\/\/www.hoymercedes.com.ar\/principal\/wp-json\/wp\/v2\/posts"}],"about":[{"href":"https:\/\/www.hoymercedes.com.ar\/principal\/wp-json\/wp\/v2\/types\/post"}],"author":[{"embeddable":true,"href":"https:\/\/www.hoymercedes.com.ar\/principal\/wp-json\/wp\/v2\/users\/1"}],"replies":[{"embeddable":true,"href":"https:\/\/www.hoymercedes.com.ar\/principal\/wp-json\/wp\/v2\/comments?post=47446"}],"version-history":[{"count":0,"href":"https:\/\/www.hoymercedes.com.ar\/principal\/wp-json\/wp\/v2\/posts\/47446\/revisions"}],"wp:featuredmedia":[{"embeddable":true,"href":"https:\/\/www.hoymercedes.com.ar\/principal\/wp-json\/wp\/v2\/media\/47448"}],"wp:attachment":[{"href":"https:\/\/www.hoymercedes.com.ar\/principal\/wp-json\/wp\/v2\/media?parent=47446"}],"wp:term":[{"taxonomy":"category","embeddable":true,"href":"https:\/\/www.hoymercedes.com.ar\/principal\/wp-json\/wp\/v2\/categories?post=47446"},{"taxonomy":"post_tag","embeddable":true,"href":"https:\/\/www.hoymercedes.com.ar\/principal\/wp-json\/wp\/v2\/tags?post=47446"}],"curies":[{"name":"wp","href":"https:\/\/api.w.org\/{rel}","templated":true}]}}