{"id":47492,"date":"2016-02-29T22:29:15","date_gmt":"2016-03-01T01:29:15","guid":{"rendered":"http:\/\/www.hoymercedes.com.ar\/principal\/?p=47492"},"modified":"2016-02-29T22:29:15","modified_gmt":"2016-03-01T01:29:15","slug":"el-intendente-ustarroz-inauguro-el-ano-escolar-desde-el-colegio-normal","status":"publish","type":"post","link":"https:\/\/www.hoymercedes.com.ar\/principal\/2016\/02\/29\/el-intendente-ustarroz-inauguro-el-ano-escolar-desde-el-colegio-normal\/","title":{"rendered":"El Intendente Ustarroz inauguro el a\u00f1o escolar desde el Colegio Normal"},"content":{"rendered":"<figure id=\"attachment_47493\" aria-describedby=\"caption-attachment-47493\" style=\"width: 610px\" class=\"wp-caption aligncenter\"><img loading=\"lazy\" decoding=\"async\" data-attachment-id=\"47493\" data-permalink=\"https:\/\/www.hoymercedes.com.ar\/principal\/2016\/02\/29\/el-intendente-ustarroz-inauguro-el-ano-escolar-desde-el-colegio-normal\/ustarroz-inicioclases-2016-1\/#main\" data-orig-file=\"https:\/\/www.hoymercedes.com.ar\/principal\/wp-content\/uploads\/2016\/02\/ustarroz-inicioclases-2016-1.jpg\" data-orig-size=\"620,414\" data-comments-opened=\"1\" data-image-meta=\"{&quot;aperture&quot;:&quot;0&quot;,&quot;credit&quot;:&quot;&quot;,&quot;camera&quot;:&quot;&quot;,&quot;caption&quot;:&quot;&quot;,&quot;created_timestamp&quot;:&quot;0&quot;,&quot;copyright&quot;:&quot;&quot;,&quot;focal_length&quot;:&quot;0&quot;,&quot;iso&quot;:&quot;0&quot;,&quot;shutter_speed&quot;:&quot;0&quot;,&quot;title&quot;:&quot;&quot;,&quot;orientation&quot;:&quot;0&quot;}\" data-image-title=\"ustarroz-inicioclases-2016-1\" data-image-description=\"\" data-image-caption=\"\" data-large-file=\"https:\/\/www.hoymercedes.com.ar\/principal\/wp-content\/uploads\/2016\/02\/ustarroz-inicioclases-2016-1.jpg\" class=\"wp-image-47493 size-full\" src=\"https:\/\/www.hoymercedes.com.ar\/principal\/wp-content\/uploads\/2016\/02\/ustarroz-inicioclases-2016-1.jpg\" alt=\"ustarroz-inicioclases-2016-1\" width=\"620\" height=\"414\" srcset=\"https:\/\/www.hoymercedes.com.ar\/principal\/wp-content\/uploads\/2016\/02\/ustarroz-inicioclases-2016-1.jpg 620w, https:\/\/www.hoymercedes.com.ar\/principal\/wp-content\/uploads\/2016\/02\/ustarroz-inicioclases-2016-1-150x100.jpg 150w, https:\/\/www.hoymercedes.com.ar\/principal\/wp-content\/uploads\/2016\/02\/ustarroz-inicioclases-2016-1-300x200.jpg 300w\" sizes=\"auto, (max-width: 620px) 100vw, 620px\" \/><figcaption id=\"caption-attachment-47493\" class=\"wp-caption-text\">Ustarroz acompa\u00f1\u00f3 inicio del ciclo lectivo 2016<\/figcaption><\/figure>\n<p><em><strong>En este d\u00eda, donde comienzan las clases en las diferentes instituciones educativas del \u00e1mbito publico y privado, el Intendente Municipal Dr. Juan Ignacio Ustarroz, acompa\u00f1o el acto que se desarrollo en\u00a0la Escuela\u00a0Normal, \u201cJusto Jos\u00e9 de Urquiza\u201d, en el inicio del ciclo escolar de\u00a0la Escuela\u00a0Primaria\u00a0N\u00ba 38 y del Jard\u00edn de Infantes N\u00ba 915.<\/strong><\/em><\/p>\n<p>\u200bFrente a los alumnos, y con un gran acompa\u00f1amiento de los padres, se produjo en el inicio el izamiento del pabell\u00f3n Nacional por parte de alumnos de 6to a\u00f1o, Alma Ponce, Valentino Della Zizza y Tomas Von Wernich, para dar lugar luego a la entrada de banderas de ceremonia, portadas por los alumnos Melani Gorski, Guido Fontana y Nadia Reviejo\u00a0la Nacional, y Tomas Martino, Martina Guevara y Facundo Avalo<\/p>\n<p><img loading=\"lazy\" decoding=\"async\" data-attachment-id=\"47494\" data-permalink=\"https:\/\/www.hoymercedes.com.ar\/principal\/2016\/02\/29\/el-intendente-ustarroz-inauguro-el-ano-escolar-desde-el-colegio-normal\/ustarroz-inicioclases-2016-2\/#main\" data-orig-file=\"https:\/\/www.hoymercedes.com.ar\/principal\/wp-content\/uploads\/2016\/02\/ustarroz-inicioclases-2016-2.jpg\" data-orig-size=\"620,363\" data-comments-opened=\"1\" data-image-meta=\"{&quot;aperture&quot;:&quot;0&quot;,&quot;credit&quot;:&quot;&quot;,&quot;camera&quot;:&quot;&quot;,&quot;caption&quot;:&quot;&quot;,&quot;created_timestamp&quot;:&quot;0&quot;,&quot;copyright&quot;:&quot;&quot;,&quot;focal_length&quot;:&quot;0&quot;,&quot;iso&quot;:&quot;0&quot;,&quot;shutter_speed&quot;:&quot;0&quot;,&quot;title&quot;:&quot;&quot;,&quot;orientation&quot;:&quot;0&quot;}\" data-image-title=\"ustarroz-inicioclases-2016-2\" data-image-description=\"\" data-image-caption=\"\" data-large-file=\"https:\/\/www.hoymercedes.com.ar\/principal\/wp-content\/uploads\/2016\/02\/ustarroz-inicioclases-2016-2.jpg\" class=\"aligncenter size-full wp-image-47494\" src=\"https:\/\/www.hoymercedes.com.ar\/principal\/wp-content\/uploads\/2016\/02\/ustarroz-inicioclases-2016-2.jpg\" alt=\"ustarroz-inicioclases-2016-2\" width=\"620\" height=\"363\" srcset=\"https:\/\/www.hoymercedes.com.ar\/principal\/wp-content\/uploads\/2016\/02\/ustarroz-inicioclases-2016-2.jpg 620w, https:\/\/www.hoymercedes.com.ar\/principal\/wp-content\/uploads\/2016\/02\/ustarroz-inicioclases-2016-2-150x88.jpg 150w\" sizes=\"auto, (max-width: 620px) 100vw, 620px\" \/><\/p>\n<p>Hicieron uso de la palabra,\u00a0la Vice\u00a0Directora\u00a0de\u00a0la Escuela\u00a0Primaria\u00a0Cristina Echaire y\u00a0la Directora\u00a0de\u00a0la Unidad\u00a0Acad\u00e9mica\u00a0Prof.\u00a0\u00a0 Claudia Gonz\u00e1les. Luego de sus alocuciones, junto a\u00a0la Directora\u00a0del Jard\u00edn Marcela Rolando, recibieron de manos del Intendente Municipal Ustarroz, un juego de banderas ceremoniales completo para cada una.<\/p>\n<p>\u201cEste nuevo inicio representa un comienzo que renueva las esperanzas y nos da la oportunidad de seguir so\u00f1ando y creando futuro\u201d cerro el acto el Jefe Comunal.<\/p>\n<p>Luego de participar de este encuentro, se traslado a los Jardines Maternales Municipales N\u00ba 1 y 3, para acompa\u00f1ar el inicio en cada una de las instituciones, mientras que el Presidente del Honorable Concejo Deliberante Mat\u00edas Dematei, marco su presencia en el acto desarrollado en el Jard\u00edn Maternal Municipal N\u00ba 2.-<img loading=\"lazy\" decoding=\"async\" data-attachment-id=\"47495\" data-permalink=\"https:\/\/www.hoymercedes.com.ar\/principal\/2016\/02\/29\/el-intendente-ustarroz-inauguro-el-ano-escolar-desde-el-colegio-normal\/ustarroz-inicioclases-2016-3\/#main\" data-orig-file=\"https:\/\/www.hoymercedes.com.ar\/principal\/wp-content\/uploads\/2016\/02\/ustarroz-inicioclases-2016-3.jpg\" data-orig-size=\"620,455\" data-comments-opened=\"1\" data-image-meta=\"{&quot;aperture&quot;:&quot;0&quot;,&quot;credit&quot;:&quot;&quot;,&quot;camera&quot;:&quot;&quot;,&quot;caption&quot;:&quot;&quot;,&quot;created_timestamp&quot;:&quot;0&quot;,&quot;copyright&quot;:&quot;&quot;,&quot;focal_length&quot;:&quot;0&quot;,&quot;iso&quot;:&quot;0&quot;,&quot;shutter_speed&quot;:&quot;0&quot;,&quot;title&quot;:&quot;&quot;,&quot;orientation&quot;:&quot;0&quot;}\" data-image-title=\"ustarroz-inicioclases-2016-3\" data-image-description=\"\" data-image-caption=\"\" data-large-file=\"https:\/\/www.hoymercedes.com.ar\/principal\/wp-content\/uploads\/2016\/02\/ustarroz-inicioclases-2016-3.jpg\" class=\"aligncenter size-medium wp-image-47495\" src=\"https:\/\/www.hoymercedes.com.ar\/principal\/wp-content\/uploads\/2016\/02\/ustarroz-inicioclases-2016-3.jpg\" alt=\"ustarroz-inicioclases-2016-3\" width=\"620\" height=\"455\" srcset=\"https:\/\/www.hoymercedes.com.ar\/principal\/wp-content\/uploads\/2016\/02\/ustarroz-inicioclases-2016-3.jpg 620w, https:\/\/www.hoymercedes.com.ar\/principal\/wp-content\/uploads\/2016\/02\/ustarroz-inicioclases-2016-3-150x110.jpg 150w, https:\/\/www.hoymercedes.com.ar\/principal\/wp-content\/uploads\/2016\/02\/ustarroz-inicioclases-2016-3-220x162.jpg 220w\" sizes=\"auto, (max-width: 620px) 100vw, 620px\" \/><\/p>\n","protected":false},"excerpt":{"rendered":"<p>En este d\u00eda, donde comienzan las clases en las diferentes instituciones educativas del \u00e1mbito publico y privado, el Intendente Municipal &#8230; <a title=\"El Intendente Ustarroz inauguro el a\u00f1o escolar desde el Colegio Normal\" class=\"read-more\" href=\"https:\/\/www.hoymercedes.com.ar\/principal\/2016\/02\/29\/el-intendente-ustarroz-inauguro-el-ano-escolar-desde-el-colegio-normal\/\" aria-label=\"Leer m\u00e1s sobre El Intendente Ustarroz inauguro el a\u00f1o escolar desde el Colegio Normal\">Leer m\u00e1s<\/a><\/p>\n","protected":false},"author":1,"featured_media":47493,"comment_status":"open","ping_status":"open","sticky":false,"template":"","format":"standard","meta":{"_monsterinsights_skip_tracking":false,"_monsterinsights_sitenote_active":false,"_monsterinsights_sitenote_note":"","_monsterinsights_sitenote_category":0,"jetpack_post_was_ever_published":false,"_jetpack_newsletter_access":"","_jetpack_dont_email_post_to_subs":false,"_jetpack_newsletter_tier_id":0,"_jetpack_memberships_contains_paywalled_content":false,"_jetpack_memberships_contains_paid_content":false,"footnotes":"","jetpack_publicize_message":"","jetpack_publicize_feature_enabled":true,"jetpack_social_post_already_shared":true,"jetpack_social_options":{"image_generator_settings":{"template":"highway","default_image_id":0,"font":"","enabled":false},"version":2},"_wpas_customize_per_network":false},"categories":[23],"tags":[6985,585],"class_list":["post-47492","post","type-post","status-publish","format-standard","has-post-thumbnail","hentry","category-educacion","tag-inicio-de-clases","tag-juan-ustarroz","generate-columns","tablet-grid-50","mobile-grid-100","grid-parent","grid-50"],"jetpack_publicize_connections":[],"jetpack_featured_media_url":"https:\/\/www.hoymercedes.com.ar\/principal\/wp-content\/uploads\/2016\/02\/ustarroz-inicioclases-2016-1.jpg","wps_subtitle":"Ciclo lectivo 2016","jetpack_sharing_enabled":true,"_links":{"self":[{"href":"https:\/\/www.hoymercedes.com.ar\/principal\/wp-json\/wp\/v2\/posts\/47492","targetHints":{"allow":["GET"]}}],"collection":[{"href":"https:\/\/www.hoymercedes.com.ar\/principal\/wp-json\/wp\/v2\/posts"}],"about":[{"href":"https:\/\/www.hoymercedes.com.ar\/principal\/wp-json\/wp\/v2\/types\/post"}],"author":[{"embeddable":true,"href":"https:\/\/www.hoymercedes.com.ar\/principal\/wp-json\/wp\/v2\/users\/1"}],"replies":[{"embeddable":true,"href":"https:\/\/www.hoymercedes.com.ar\/principal\/wp-json\/wp\/v2\/comments?post=47492"}],"version-history":[{"count":0,"href":"https:\/\/www.hoymercedes.com.ar\/principal\/wp-json\/wp\/v2\/posts\/47492\/revisions"}],"wp:featuredmedia":[{"embeddable":true,"href":"https:\/\/www.hoymercedes.com.ar\/principal\/wp-json\/wp\/v2\/media\/47493"}],"wp:attachment":[{"href":"https:\/\/www.hoymercedes.com.ar\/principal\/wp-json\/wp\/v2\/media?parent=47492"}],"wp:term":[{"taxonomy":"category","embeddable":true,"href":"https:\/\/www.hoymercedes.com.ar\/principal\/wp-json\/wp\/v2\/categories?post=47492"},{"taxonomy":"post_tag","embeddable":true,"href":"https:\/\/www.hoymercedes.com.ar\/principal\/wp-json\/wp\/v2\/tags?post=47492"}],"curies":[{"name":"wp","href":"https:\/\/api.w.org\/{rel}","templated":true}]}}