{"id":4750,"date":"2011-06-04T00:03:15","date_gmt":"2011-06-04T00:03:15","guid":{"rendered":"http:\/\/www.hoymercedes.com.ar\/principal\/?p=4750"},"modified":"2011-06-04T00:03:15","modified_gmt":"2011-06-04T00:03:15","slug":"firmaron-el-contrato-con-la-empresa-que-realizara-las-refacciones-en-el-colegio-nacional","status":"publish","type":"post","link":"https:\/\/www.hoymercedes.com.ar\/principal\/2011\/06\/04\/firmaron-el-contrato-con-la-empresa-que-realizara-las-refacciones-en-el-colegio-nacional\/","title":{"rendered":"Firmaron el contrato con la empresa que realizar\u00e1 las refacciones en el Colegio Nacional"},"content":{"rendered":"<p>Para refaccionar de manera integral el edificio del centenario establecimiento de avenida 17 entre 30 y 32 finalmente se firm\u00f3 el contrato de obra respectivo entre los responsables de la Asociaci\u00f3n Cooperadora del Colegio y los representantes de la empresa que se adjudic\u00f3 el llamado a licitaci\u00f3n. la que ahora ya podr\u00eda obtener el consentimiento oficial para poder dar comienzo a los trabajos pautados en el llamado a licitaci\u00f3n<\/p>\n<p>Oscar Filipin, presidente del Consejo Escolar de nuestra ciudad expres\u00f3 \u201ccon la firma del contrato de comienzo de obra hemos dado un paso muy importante en lo relacionado a las refacciones programadas en el edificio del Colegio Nacional por lo cual ya hemos enviado el mismo  a la ciudad de La Plata para que terminen el tr\u00e1mite administrativo que consiste en pasar el texto delos firmado a un sistema digitalizado y luego escrito con lo cual ya se estar\u00e1 en condiciones de otorgar la autorizaci\u00f3n correspondiente con la alegr\u00eda de que la empresa a trav\u00e9s de sus representantes inform\u00f3 durante la reuni\u00f3n en que se firm\u00f3 el contrato que quieren comenzar cuanto antes aun sin recibir el tradicional adelanto de obra que es habitual en todo emprendimiento que encara el gobierno de la provincia, la idea es comenzar cuanto antes para contar con el tiempo necesario por si cuando llegue  la \u00e9poca de lluvia lo hace con mucha intensidad, aunque manifestaron  que los ciento veinte d\u00edas establecidos en el contrato son suficientes para concluir con la totalidad de las refacciones por lo cual somos muy optimistas anim\u00e1ndonos a decir que antes de finalizar el ciclo lectivo 2011 ya deberemos tener el Colegio totalmente refaccionado\u201d.<\/p>\n<p>&nbsp;<\/p>\n<p>Participaron del acto en que se firm\u00f3  el Contrato de Obra adem\u00e1s de las autoridades del la Cooperadora del Colegio integrantes del Consejo Escolar incluido Sebasti\u00e1n Cosi que es el Secretario T\u00e9cnico como as\u00ed tambi\u00e9n los inspectores de Infraestructura Javier Mignone y Aquiles Decimone quienes fueron los que llevaron a La Plata, a la Direcci\u00f3n de Infraestructura de la Provincia el contrato para darle el toque final\u201d.<\/p>\n<p>Posteriormente Oscar Filipin se refiri\u00f3  a la situaci\u00f3n de la Escuela Media 1 de avenida 47 con relaci\u00f3n a las obras programadas para la misma sosteniendo \u201cen estos momentos el contrato que fue hace ya casi quince d\u00edas firmado entre la empresa adjudicataria y la Cooperadora del establecimiento s encuentra en La Plata a la espera de la orden definitiva de comenzar con los trabajos, ocurre que en la Media 1 se presenta un caso totalmente diferente a lo del Colegio Nacional ya que la empresa que gan\u00f3 el llamado a licitaci\u00f3n anunci\u00f3 que aguardar\u00e1 hasta que el gobierno bonaerense haga efectivo el adelanto de obra para luego si comenzar a trabajar, as\u00ed que en bien tengamos el cheque con el adelanto estaremos en condiciones de decir que las obras han comenzado y la empresa ganadora de la licitaci\u00f3n es de la ciudad de Luj\u00e1n\u201d.<\/p>\n<p>Finalmente Oscar Filipin sostuvo que los trabajos en la Media 1 no solo implican refacciones sino tambi\u00e9n la construcci\u00f3n de un nuevo sector de ba\u00f1os y aulas adicionales a las ya existentes\u201d.<\/p>\n","protected":false},"excerpt":{"rendered":"<p>Para refaccionar de manera integral el edificio del centenario establecimiento de avenida 17 entre 30 y 32 finalmente se firm\u00f3 &#8230; <a title=\"Firmaron el contrato con la empresa que realizar\u00e1 las refacciones en el Colegio Nacional\" class=\"read-more\" href=\"https:\/\/www.hoymercedes.com.ar\/principal\/2011\/06\/04\/firmaron-el-contrato-con-la-empresa-que-realizara-las-refacciones-en-el-colegio-nacional\/\" aria-label=\"Leer m\u00e1s sobre Firmaron el contrato con la empresa que realizar\u00e1 las refacciones en el Colegio Nacional\">Leer m\u00e1s<\/a><\/p>\n","protected":false},"author":1,"featured_media":0,"comment_status":"open","ping_status":"open","sticky":false,"template":"","format":"standard","meta":{"_monsterinsights_skip_tracking":false,"_monsterinsights_sitenote_active":false,"_monsterinsights_sitenote_note":"","_monsterinsights_sitenote_category":0,"jetpack_post_was_ever_published":false,"_jetpack_newsletter_access":"","_jetpack_dont_email_post_to_subs":false,"_jetpack_newsletter_tier_id":0,"_jetpack_memberships_contains_paywalled_content":false,"_jetpack_memberships_contains_paid_content":false,"footnotes":"","jetpack_publicize_message":"","jetpack_publicize_feature_enabled":true,"jetpack_social_post_already_shared":false,"jetpack_social_options":{"image_generator_settings":{"template":"highway","default_image_id":0,"font":"","enabled":false},"version":2},"_wpas_customize_per_network":false},"categories":[23],"tags":[548],"class_list":["post-4750","post","type-post","status-publish","format-standard","hentry","category-educacion","tag-colegio-nacional-mercedes","generate-columns","tablet-grid-50","mobile-grid-100","grid-parent","grid-50"],"jetpack_publicize_connections":[],"jetpack_featured_media_url":"","wps_subtitle":"","jetpack_sharing_enabled":true,"_links":{"self":[{"href":"https:\/\/www.hoymercedes.com.ar\/principal\/wp-json\/wp\/v2\/posts\/4750","targetHints":{"allow":["GET"]}}],"collection":[{"href":"https:\/\/www.hoymercedes.com.ar\/principal\/wp-json\/wp\/v2\/posts"}],"about":[{"href":"https:\/\/www.hoymercedes.com.ar\/principal\/wp-json\/wp\/v2\/types\/post"}],"author":[{"embeddable":true,"href":"https:\/\/www.hoymercedes.com.ar\/principal\/wp-json\/wp\/v2\/users\/1"}],"replies":[{"embeddable":true,"href":"https:\/\/www.hoymercedes.com.ar\/principal\/wp-json\/wp\/v2\/comments?post=4750"}],"version-history":[{"count":0,"href":"https:\/\/www.hoymercedes.com.ar\/principal\/wp-json\/wp\/v2\/posts\/4750\/revisions"}],"wp:attachment":[{"href":"https:\/\/www.hoymercedes.com.ar\/principal\/wp-json\/wp\/v2\/media?parent=4750"}],"wp:term":[{"taxonomy":"category","embeddable":true,"href":"https:\/\/www.hoymercedes.com.ar\/principal\/wp-json\/wp\/v2\/categories?post=4750"},{"taxonomy":"post_tag","embeddable":true,"href":"https:\/\/www.hoymercedes.com.ar\/principal\/wp-json\/wp\/v2\/tags?post=4750"}],"curies":[{"name":"wp","href":"https:\/\/api.w.org\/{rel}","templated":true}]}}