{"id":47550,"date":"2016-03-03T19:32:44","date_gmt":"2016-03-03T22:32:44","guid":{"rendered":"http:\/\/www.hoymercedes.com.ar\/principal\/?p=47550"},"modified":"2016-03-03T19:32:44","modified_gmt":"2016-03-03T22:32:44","slug":"vicerrectora-de-la-unlu-participo-de-foro-encabezado-por-el-presidente-de-francia","status":"publish","type":"post","link":"https:\/\/www.hoymercedes.com.ar\/principal\/2016\/03\/03\/vicerrectora-de-la-unlu-participo-de-foro-encabezado-por-el-presidente-de-francia\/","title":{"rendered":"Vicerrectora de la UNLu particip\u00f3 de foro encabezado por el presidente de Francia"},"content":{"rendered":"<figure id=\"attachment_47551\" aria-describedby=\"caption-attachment-47551\" style=\"width: 190px\" class=\"wp-caption alignleft\"><img loading=\"lazy\" decoding=\"async\" data-attachment-id=\"47551\" data-permalink=\"https:\/\/www.hoymercedes.com.ar\/principal\/2016\/03\/03\/vicerrectora-de-la-unlu-participo-de-foro-encabezado-por-el-presidente-de-francia\/serafini\/#main\" data-orig-file=\"https:\/\/www.hoymercedes.com.ar\/principal\/wp-content\/uploads\/2016\/03\/serafini.jpg\" data-orig-size=\"200,160\" data-comments-opened=\"1\" data-image-meta=\"{&quot;aperture&quot;:&quot;0&quot;,&quot;credit&quot;:&quot;&quot;,&quot;camera&quot;:&quot;&quot;,&quot;caption&quot;:&quot;&quot;,&quot;created_timestamp&quot;:&quot;0&quot;,&quot;copyright&quot;:&quot;&quot;,&quot;focal_length&quot;:&quot;0&quot;,&quot;iso&quot;:&quot;0&quot;,&quot;shutter_speed&quot;:&quot;0&quot;,&quot;title&quot;:&quot;&quot;,&quot;orientation&quot;:&quot;0&quot;}\" data-image-title=\"serafini\" data-image-description=\"\" data-image-caption=\"&lt;p&gt;Cristina Serafini&lt;\/p&gt;\n\" data-large-file=\"https:\/\/www.hoymercedes.com.ar\/principal\/wp-content\/uploads\/2016\/03\/serafini.jpg\" class=\"wp-image-47551 size-full\" src=\"https:\/\/www.hoymercedes.com.ar\/principal\/wp-content\/uploads\/2016\/03\/serafini.jpg\" alt=\"Cristina Serafini\" width=\"200\" height=\"160\" srcset=\"https:\/\/www.hoymercedes.com.ar\/principal\/wp-content\/uploads\/2016\/03\/serafini.jpg 200w, https:\/\/www.hoymercedes.com.ar\/principal\/wp-content\/uploads\/2016\/03\/serafini-150x120.jpg 150w\" sizes=\"auto, (max-width: 200px) 100vw, 200px\" \/><figcaption id=\"caption-attachment-47551\" class=\"wp-caption-text\">Cristina Serafini<\/figcaption><\/figure>\n<p><strong>La vicerrectora de la Universidad Nacional de Luj\u00e1n (UNLu), Mar\u00eda Cristina Serafini, particip\u00f3 del \u201cForo sobre cooperaci\u00f3n cient\u00edfica y educativa franco-argentina\u201d, que fue encabezado por el presidente de Francia, Fran\u00e7ois Hollande, y el ministro de Ciencia, Tecnolog\u00eda e Innovaci\u00f3n Productiva de la Naci\u00f3n, Lino Bara\u00f1ao.<\/strong><br \/>\nEn la ocasi\u00f3n, el presidente Hollande brind\u00f3 un importante discurso en el Polo Cient\u00edfico Tecnol\u00f3gico sobre la cooperaci\u00f3n cient\u00edfica, educativa y cultural entre Francia y la Argentina.<\/p>\n<p>\u00abSon las carreras cient\u00edficas tecnol\u00f3gicas y la conformaci\u00f3n de empresas de base tecnol\u00f3gica las que permiten la movilidad social ascendente, y que contribuyen a mejorar la distribuci\u00f3n de la riqueza\u201d, expres\u00f3.<\/p>\n<p>Por su parte, Bara\u00f1ao, destac\u00f3 que \u201cla ciencia est\u00e1 motivada principalmente por la curiosidad, que cuestiona la realidad y la autoridad, y en este sentido el esp\u00edritu cient\u00edfico ha defendido siempre la libertad como factor central\u201d.<\/p>\n<p>En el marco de la visita oficial, se firm\u00f3 en Casa Rosada, el \u201cMemor\u00e1ndum de entendimiento para la cooperaci\u00f3n cient\u00edfica y t\u00e9cnica\u201d entre el Ministerio de Ciencia, Tecnolog\u00eda e Innovaci\u00f3n Productiva y el Instituto de Investigaci\u00f3n para el Desarrollo (IRD \u2013 Francia).<\/p>\n<p>La cooperaci\u00f3n educativa y universitaria entre ambos pa\u00edses est\u00e1 estructurada por 350 acuerdos bilaterales entre universidades francesas y argentinas, con 30 titulaciones conjuntas. Desde 2015, se cuenta con un acuerdo de reconocimiento mutuo de estudios, t\u00edtulos y certificados. Con 1000 estudiantes por cada pa\u00eds, Francia se destaca como el cuarto destino de estudiantes argentinos.<\/p>\n<p><span style=\"color: #808080;\">Fuente: PrensaUNLu<\/span><\/p>\n","protected":false},"excerpt":{"rendered":"<p>La vicerrectora de la Universidad Nacional de Luj\u00e1n (UNLu), Mar\u00eda Cristina Serafini, particip\u00f3 del \u201cForo sobre cooperaci\u00f3n cient\u00edfica y educativa &#8230; <a title=\"Vicerrectora de la UNLu particip\u00f3 de foro encabezado por el presidente de Francia\" class=\"read-more\" href=\"https:\/\/www.hoymercedes.com.ar\/principal\/2016\/03\/03\/vicerrectora-de-la-unlu-participo-de-foro-encabezado-por-el-presidente-de-francia\/\" aria-label=\"Leer m\u00e1s sobre Vicerrectora de la UNLu particip\u00f3 de foro encabezado por el presidente de Francia\">Leer m\u00e1s<\/a><\/p>\n","protected":false},"author":1,"featured_media":47551,"comment_status":"open","ping_status":"open","sticky":false,"template":"","format":"standard","meta":{"_monsterinsights_skip_tracking":false,"_monsterinsights_sitenote_active":false,"_monsterinsights_sitenote_note":"","_monsterinsights_sitenote_category":0,"jetpack_post_was_ever_published":false,"_jetpack_newsletter_access":"","_jetpack_dont_email_post_to_subs":false,"_jetpack_newsletter_tier_id":0,"_jetpack_memberships_contains_paywalled_content":false,"_jetpack_memberships_contains_paid_content":false,"footnotes":"","jetpack_publicize_message":"","jetpack_publicize_feature_enabled":true,"jetpack_social_post_already_shared":true,"jetpack_social_options":{"image_generator_settings":{"template":"highway","default_image_id":0,"font":"","enabled":false},"version":2},"_wpas_customize_per_network":false},"categories":[23],"tags":[4251,54],"class_list":["post-47550","post","type-post","status-publish","format-standard","has-post-thumbnail","hentry","category-educacion","tag-cristina-serafini","tag-unlu","generate-columns","tablet-grid-50","mobile-grid-100","grid-parent","grid-50"],"jetpack_publicize_connections":[],"jetpack_featured_media_url":"https:\/\/www.hoymercedes.com.ar\/principal\/wp-content\/uploads\/2016\/03\/serafini.jpg","wps_subtitle":"Educaci\u00f3n superior","jetpack_sharing_enabled":true,"_links":{"self":[{"href":"https:\/\/www.hoymercedes.com.ar\/principal\/wp-json\/wp\/v2\/posts\/47550","targetHints":{"allow":["GET"]}}],"collection":[{"href":"https:\/\/www.hoymercedes.com.ar\/principal\/wp-json\/wp\/v2\/posts"}],"about":[{"href":"https:\/\/www.hoymercedes.com.ar\/principal\/wp-json\/wp\/v2\/types\/post"}],"author":[{"embeddable":true,"href":"https:\/\/www.hoymercedes.com.ar\/principal\/wp-json\/wp\/v2\/users\/1"}],"replies":[{"embeddable":true,"href":"https:\/\/www.hoymercedes.com.ar\/principal\/wp-json\/wp\/v2\/comments?post=47550"}],"version-history":[{"count":0,"href":"https:\/\/www.hoymercedes.com.ar\/principal\/wp-json\/wp\/v2\/posts\/47550\/revisions"}],"wp:featuredmedia":[{"embeddable":true,"href":"https:\/\/www.hoymercedes.com.ar\/principal\/wp-json\/wp\/v2\/media\/47551"}],"wp:attachment":[{"href":"https:\/\/www.hoymercedes.com.ar\/principal\/wp-json\/wp\/v2\/media?parent=47550"}],"wp:term":[{"taxonomy":"category","embeddable":true,"href":"https:\/\/www.hoymercedes.com.ar\/principal\/wp-json\/wp\/v2\/categories?post=47550"},{"taxonomy":"post_tag","embeddable":true,"href":"https:\/\/www.hoymercedes.com.ar\/principal\/wp-json\/wp\/v2\/tags?post=47550"}],"curies":[{"name":"wp","href":"https:\/\/api.w.org\/{rel}","templated":true}]}}