{"id":47579,"date":"2016-03-06T16:47:29","date_gmt":"2016-03-06T19:47:29","guid":{"rendered":"http:\/\/www.hoymercedes.com.ar\/principal\/?p=47579"},"modified":"2016-03-06T16:47:29","modified_gmt":"2016-03-06T19:47:29","slug":"internos-de-unidad-n5-del-grupo-de-teatro-renacer-ya-preparan-nueva-obra","status":"publish","type":"post","link":"https:\/\/www.hoymercedes.com.ar\/principal\/2016\/03\/06\/internos-de-unidad-n5-del-grupo-de-teatro-renacer-ya-preparan-nueva-obra\/","title":{"rendered":"Internos de Unidad N\u00b05 del grupo de teatro \u00abRenacer\u00bb ya preparan nueva obra"},"content":{"rendered":"<figure id=\"attachment_47580\" aria-describedby=\"caption-attachment-47580\" style=\"width: 353px\" class=\"wp-caption alignleft\"><img loading=\"lazy\" decoding=\"async\" data-attachment-id=\"47580\" data-permalink=\"https:\/\/www.hoymercedes.com.ar\/principal\/2016\/03\/06\/internos-de-unidad-n5-del-grupo-de-teatro-renacer-ya-preparan-nueva-obra\/u5-vilma\/#main\" data-orig-file=\"https:\/\/www.hoymercedes.com.ar\/principal\/wp-content\/uploads\/2016\/03\/u5-vilma.jpg\" data-orig-size=\"363,435\" data-comments-opened=\"1\" data-image-meta=\"{&quot;aperture&quot;:&quot;0&quot;,&quot;credit&quot;:&quot;&quot;,&quot;camera&quot;:&quot;&quot;,&quot;caption&quot;:&quot;&quot;,&quot;created_timestamp&quot;:&quot;0&quot;,&quot;copyright&quot;:&quot;&quot;,&quot;focal_length&quot;:&quot;0&quot;,&quot;iso&quot;:&quot;0&quot;,&quot;shutter_speed&quot;:&quot;0&quot;,&quot;title&quot;:&quot;&quot;,&quot;orientation&quot;:&quot;0&quot;}\" data-image-title=\"u5-vilma\" data-image-description=\"\" data-image-caption=\"\" data-large-file=\"https:\/\/www.hoymercedes.com.ar\/principal\/wp-content\/uploads\/2016\/03\/u5-vilma.jpg\" class=\"wp-image-47580 size-full\" src=\"https:\/\/www.hoymercedes.com.ar\/principal\/wp-content\/uploads\/2016\/03\/u5-vilma.jpg\" alt=\"u5-vilma\" width=\"363\" height=\"435\" srcset=\"https:\/\/www.hoymercedes.com.ar\/principal\/wp-content\/uploads\/2016\/03\/u5-vilma.jpg 363w, https:\/\/www.hoymercedes.com.ar\/principal\/wp-content\/uploads\/2016\/03\/u5-vilma-125x150.jpg 125w\" sizes=\"auto, (max-width: 363px) 100vw, 363px\" \/><figcaption id=\"caption-attachment-47580\" class=\"wp-caption-text\">Grupo de Teatro \u00abRenacer\u00bb prepara obra de Shakespeare<\/figcaption><\/figure>\n<p><em><strong>Los internos del grupo teatral \u201cRenacer\u201d que funciona dentro de la Unidad N\u00b0 5 a cargo de la Profesora Gabriela Lorusso ya iniciaron sus ensayos para este a\u00f1o 2016.<\/strong><\/em><\/p>\n<p>En esta oportunidad, la obra seleccionada es \u201cJulio C\u00e9sar\u201d de William Shakespeare.<br \/>\nLa misma se estar\u00e1 estrenando en el mes de mayo enmarcada en los homenajes que se realizar\u00e1n a nivel nacional e internacional por los 400 a\u00f1os de la muerte de su autor.<\/p>\n<p>Este proyecto cuenta adem\u00e1s, con el apoyo de la Fundaci\u00f3n Shakespeare Argentina, presidida por Mercedes de la Torre, quien ya se reuni\u00f3 con la profesora y con la coordinadora de Prensa de la Unidad, Vilma Barrueco.<\/p>\n<p>En dicha reuni\u00f3n, realizada en la ciudad de Buenos Aires y en un clima de trabajo muy ameno, se acordaron accionares conjuntos y muy especialmente la difusi\u00f3n del proceso y puesta en escena entre los miembros de la ISA (International Shakespeare Association) y la STA (Shakespeare Theatre Association).<\/p>\n<p>En la misma, la abogada Mercedes de la Torre cont\u00f3 su experiencia recientemente vivenciada por su participaci\u00f3n en la Conferencia Internacional \u201cShakespeare in prisons\u201d realizada en la Universidad de Notre Dame, en Indiana, Estados Unidos, como parte de un programa internacional de inclusi\u00f3n mediante el teatro y espec\u00edficamente, el trabajo desde los textos de William Shakespeare, y se mostr\u00f3 muy optimista con que el grupo de teatro Renacer de nuestra ciudad, pase a formar parte de dicho programa como el primer grupo argentino en sumarse a este proyecto.<\/p>\n<p>Y nos dijo \u201cAgradecemos a los anfitriones y a los Directores de estos\u00a0programas sociales y educativos que llevan a Shakespeare a las prisiones\u00a0logrando transformar la vida de los reclusos y de sus familias. Sin duda es nuestro objetivo poder implementar estos poderosos e innovadores\u00a0programas educativos en nuestras\u00a0c\u00e1rceles.\u00a0Solicitamos a las autoridades que presten especial atenci\u00f3n a estos nuevos\u00a0programas sociales, educativos e inclusivos y que nos ayuden a implementarlos en nuestro pa\u00eds\u201d.<\/p>\n<p>El Director de la Unidad, Adolfo Cersosimo, valora el esfuerzo de todas las personas comprometidas y apoya cada una de estas iniciativas culturales, que se realizan en beneficio de la vida de los privados de la libertad, y que repercutir\u00e1n luego, en su reinserci\u00f3n social.<\/p>\n","protected":false},"excerpt":{"rendered":"<p>Los internos del grupo teatral \u201cRenacer\u201d que funciona dentro de la Unidad N\u00b0 5 a cargo de la Profesora Gabriela &#8230; <a title=\"Internos de Unidad N\u00b05 del grupo de teatro \u00abRenacer\u00bb ya preparan nueva obra\" class=\"read-more\" href=\"https:\/\/www.hoymercedes.com.ar\/principal\/2016\/03\/06\/internos-de-unidad-n5-del-grupo-de-teatro-renacer-ya-preparan-nueva-obra\/\" aria-label=\"Leer m\u00e1s sobre Internos de Unidad N\u00b05 del grupo de teatro \u00abRenacer\u00bb ya preparan nueva obra\">Leer m\u00e1s<\/a><\/p>\n","protected":false},"author":1,"featured_media":47580,"comment_status":"open","ping_status":"open","sticky":false,"template":"","format":"standard","meta":{"_monsterinsights_skip_tracking":false,"_monsterinsights_sitenote_active":false,"_monsterinsights_sitenote_note":"","_monsterinsights_sitenote_category":0,"jetpack_post_was_ever_published":false,"_jetpack_newsletter_access":"","_jetpack_dont_email_post_to_subs":false,"_jetpack_newsletter_tier_id":0,"_jetpack_memberships_contains_paywalled_content":false,"_jetpack_memberships_contains_paid_content":false,"footnotes":"","jetpack_publicize_message":"","jetpack_publicize_feature_enabled":true,"jetpack_social_post_already_shared":true,"jetpack_social_options":{"image_generator_settings":{"template":"highway","default_image_id":0,"font":"","enabled":false},"version":2},"_wpas_customize_per_network":false},"categories":[104],"tags":[8155,8561,113],"class_list":["post-47579","post","type-post","status-publish","format-standard","has-post-thumbnail","hentry","category-cultura","tag-gabriela-lorusso","tag-internos-de-unidad-n5-del-grupo-de-teatro-renacer-ya-preparan-nueva-obra","tag-unidad-5","generate-columns","tablet-grid-50","mobile-grid-100","grid-parent","grid-50"],"jetpack_publicize_connections":[],"jetpack_featured_media_url":"https:\/\/www.hoymercedes.com.ar\/principal\/wp-content\/uploads\/2016\/03\/u5-vilma.jpg","wps_subtitle":"Apoyo social y cultural","jetpack_sharing_enabled":true,"_links":{"self":[{"href":"https:\/\/www.hoymercedes.com.ar\/principal\/wp-json\/wp\/v2\/posts\/47579","targetHints":{"allow":["GET"]}}],"collection":[{"href":"https:\/\/www.hoymercedes.com.ar\/principal\/wp-json\/wp\/v2\/posts"}],"about":[{"href":"https:\/\/www.hoymercedes.com.ar\/principal\/wp-json\/wp\/v2\/types\/post"}],"author":[{"embeddable":true,"href":"https:\/\/www.hoymercedes.com.ar\/principal\/wp-json\/wp\/v2\/users\/1"}],"replies":[{"embeddable":true,"href":"https:\/\/www.hoymercedes.com.ar\/principal\/wp-json\/wp\/v2\/comments?post=47579"}],"version-history":[{"count":0,"href":"https:\/\/www.hoymercedes.com.ar\/principal\/wp-json\/wp\/v2\/posts\/47579\/revisions"}],"wp:featuredmedia":[{"embeddable":true,"href":"https:\/\/www.hoymercedes.com.ar\/principal\/wp-json\/wp\/v2\/media\/47580"}],"wp:attachment":[{"href":"https:\/\/www.hoymercedes.com.ar\/principal\/wp-json\/wp\/v2\/media?parent=47579"}],"wp:term":[{"taxonomy":"category","embeddable":true,"href":"https:\/\/www.hoymercedes.com.ar\/principal\/wp-json\/wp\/v2\/categories?post=47579"},{"taxonomy":"post_tag","embeddable":true,"href":"https:\/\/www.hoymercedes.com.ar\/principal\/wp-json\/wp\/v2\/tags?post=47579"}],"curies":[{"name":"wp","href":"https:\/\/api.w.org\/{rel}","templated":true}]}}