{"id":4760,"date":"2011-06-04T18:39:27","date_gmt":"2011-06-04T18:39:27","guid":{"rendered":"http:\/\/www.hoymercedes.com.ar\/principal\/?p=4760"},"modified":"2011-06-04T18:39:27","modified_gmt":"2011-06-04T18:39:27","slug":"productores-de-nuestra-ciudad-viajan-a-posadas-misiones","status":"publish","type":"post","link":"https:\/\/www.hoymercedes.com.ar\/principal\/2011\/06\/04\/productores-de-nuestra-ciudad-viajan-a-posadas-misiones\/","title":{"rendered":"Productores de nuestra ciudad viajan a Posadas, Misiones"},"content":{"rendered":"<p>Un grupo de emprendedores y productores de nuestra ciudad viajan hacia Posadas, Misiones especialmente invitados a trav\u00e9s de la Municipalidad de Mercedes por el Ministerio de Agricultura, Ganader\u00eda, Pesca y Alimentaci\u00f3n de la Naci\u00f3n para participar del Primer Encuentro de Feriantes y Ferias Francas.<\/p>\n<p>Fernando Zapata, integrante de la Direcci\u00f3n de Planeamiento y Producci\u00f3n de nuestra ciudad sostuvo \u201cla invitaci\u00f3n es para participar con productores que ya se encuentran organizados en feria o se encuentran dando los pazos finales para organizarse.<\/p>\n<p>Por tal motivo nos acompa\u00f1an en este viaje productores de la colectividad boliviana que est\u00e1n agrupados en el Mercado  15 de abril con un proyecto de feria, a representantes de emprendedores de Tom\u00e1s Jofre por su proyecto de Feria y a una de las personas que se encuentra trabajando activamente en el Proyecto de la Trocha para concretar endicho lugar una Feria y lamentablemente no nos pueden acompa\u00f1ar integrantes del grupo Desaf\u00edo Mercedino. En total somos seis los mercedinos que viajamos<\/p>\n<p>Este encuentro se hace en Posadas porque all\u00ed existe una feria que comercializa de manera directa de productor a consumidor una importante cantidad de productos desde hace 13 a\u00f1os, vamos a conocer y ver como se maneja la Feria Franca all\u00ed instalada con un gran trabajo efectuado con los productores por el Estado local, y eso es justamente lo que m\u00e1s queremos ver para luego tratar de incorporar esas experiencias en los proyectos que se van programando en nuestro medio.<\/p>\n<p>Queda en claro que desde nuestro municipio tenemos la intenci\u00f3n de crear ferias en nuestra ciudad pero buscando contar con una reglamentaci\u00f3n que pueda ser \u00fatil tanto a feriantes (productores) como a los consumidores sin llegar a afectar la tarea de los comerciantes minoristas de nuestra ciudad, es decir algo constante que e4st\u00e9 bien organizada, que sirva para solucionar de alguna manera la situaci\u00f3n de productores y artesanos, y que fundamentalmente como ya lo manifest\u00e9 no entren en conflicto con los restantes comerciantes tradicionales de nuestra ciudad, por eso digo que para concretar dicho proyecto se necesita una organizaci\u00f3n muy bien estudiada junto aun reglamento en primer lugar realmente serio y luego  que sea sumamente estricto para que de ninguna manera se pueda legar a presentar una situaci\u00f3n que podr\u00edamos denominar como at\u00edpica o traum\u00e1tica.<\/p>\n<p>Nosotros entendemos que La Trocha es un espacio com\u00fan en el cual tranquilamente se puede desarrollar una feria que pueda funcionar de manera estable, hoy nosotros en la Plaza San Mart\u00edn lo hacemos una vez por mes con un muy buen resultado por eso entendemos realmente viable ampliar la posibilidad de trabajo a muchos m\u00e1s emprendedores o artesanos.<\/p>\n<p>Quiz\u00e1s a alg\u00fan vecino esto le pueda parecer lo que ocurr\u00eda en nuestra ciudad hace varias d\u00e9cadas cuando en el predio de 24 y 37 funcionaba la denominada Feria Municipal donde lo que se comercializaba era de manera directa a trav\u00e9s de los productores es decir que no hab\u00eda intermediarios ni revendedores y si bien tiene cierta semejanza, llegar con un producto directo desde quien lo produce a quien lo consume,  nosotros hablamos de otra cosa porque otro es el contexto en el que estamos viviendo actualmente en el que las exigencias en materia de comercializaci\u00f3n son realmente otras.<\/p>\n<p>La Feria en Posadas comenz\u00f3 en 1998 con productos agropecuarios, de huertas y granjas, verduras, carne, huevos, etc., y ahora ha crecido de tal manera que congrega a una amplia diversidad de productos.<\/p>\n","protected":false},"excerpt":{"rendered":"<p>Un grupo de emprendedores y productores de nuestra ciudad viajan hacia Posadas, Misiones especialmente invitados a trav\u00e9s de la Municipalidad &#8230; <a title=\"Productores de nuestra ciudad viajan a Posadas, Misiones\" class=\"read-more\" href=\"https:\/\/www.hoymercedes.com.ar\/principal\/2011\/06\/04\/productores-de-nuestra-ciudad-viajan-a-posadas-misiones\/\" aria-label=\"Leer m\u00e1s sobre Productores de nuestra ciudad viajan a Posadas, Misiones\">Leer m\u00e1s<\/a><\/p>\n","protected":false},"author":1,"featured_media":0,"comment_status":"open","ping_status":"open","sticky":false,"template":"","format":"standard","meta":{"_monsterinsights_skip_tracking":false,"_monsterinsights_sitenote_active":false,"_monsterinsights_sitenote_note":"","_monsterinsights_sitenote_category":0,"jetpack_post_was_ever_published":false,"_jetpack_newsletter_access":"","_jetpack_dont_email_post_to_subs":false,"_jetpack_newsletter_tier_id":0,"_jetpack_memberships_contains_paywalled_content":false,"_jetpack_memberships_contains_paid_content":false,"footnotes":"","jetpack_publicize_message":"","jetpack_publicize_feature_enabled":true,"jetpack_social_post_already_shared":false,"jetpack_social_options":{"image_generator_settings":{"template":"highway","default_image_id":0,"font":"","enabled":false},"version":2},"_wpas_customize_per_network":false},"categories":[8],"tags":[871,872],"class_list":["post-4760","post","type-post","status-publish","format-standard","hentry","category-sociedad","tag-misiones","tag-productor-mercedinos","generate-columns","tablet-grid-50","mobile-grid-100","grid-parent","grid-50"],"jetpack_publicize_connections":[],"jetpack_featured_media_url":"","wps_subtitle":"","jetpack_sharing_enabled":true,"_links":{"self":[{"href":"https:\/\/www.hoymercedes.com.ar\/principal\/wp-json\/wp\/v2\/posts\/4760","targetHints":{"allow":["GET"]}}],"collection":[{"href":"https:\/\/www.hoymercedes.com.ar\/principal\/wp-json\/wp\/v2\/posts"}],"about":[{"href":"https:\/\/www.hoymercedes.com.ar\/principal\/wp-json\/wp\/v2\/types\/post"}],"author":[{"embeddable":true,"href":"https:\/\/www.hoymercedes.com.ar\/principal\/wp-json\/wp\/v2\/users\/1"}],"replies":[{"embeddable":true,"href":"https:\/\/www.hoymercedes.com.ar\/principal\/wp-json\/wp\/v2\/comments?post=4760"}],"version-history":[{"count":0,"href":"https:\/\/www.hoymercedes.com.ar\/principal\/wp-json\/wp\/v2\/posts\/4760\/revisions"}],"wp:attachment":[{"href":"https:\/\/www.hoymercedes.com.ar\/principal\/wp-json\/wp\/v2\/media?parent=4760"}],"wp:term":[{"taxonomy":"category","embeddable":true,"href":"https:\/\/www.hoymercedes.com.ar\/principal\/wp-json\/wp\/v2\/categories?post=4760"},{"taxonomy":"post_tag","embeddable":true,"href":"https:\/\/www.hoymercedes.com.ar\/principal\/wp-json\/wp\/v2\/tags?post=4760"}],"curies":[{"name":"wp","href":"https:\/\/api.w.org\/{rel}","templated":true}]}}