{"id":47618,"date":"2016-03-08T14:46:10","date_gmt":"2016-03-08T17:46:10","guid":{"rendered":"http:\/\/www.hoymercedes.com.ar\/principal\/?p=47618"},"modified":"2016-03-08T14:46:10","modified_gmt":"2016-03-08T17:46:10","slug":"se-conmemoro-el-dia-internacional-de-la-mujer","status":"publish","type":"post","link":"https:\/\/www.hoymercedes.com.ar\/principal\/2016\/03\/08\/se-conmemoro-el-dia-internacional-de-la-mujer\/","title":{"rendered":"Se conmemor\u00f3 el D\u00eda Internacional de la Mujer"},"content":{"rendered":"<figure id=\"attachment_47619\" aria-describedby=\"caption-attachment-47619\" style=\"width: 620px\" class=\"wp-caption aligncenter\"><img loading=\"lazy\" decoding=\"async\" data-attachment-id=\"47619\" data-permalink=\"https:\/\/www.hoymercedes.com.ar\/principal\/2016\/03\/08\/se-conmemoro-el-dia-internacional-de-la-mujer\/dia-mujer-2016-c\/#main\" data-orig-file=\"https:\/\/www.hoymercedes.com.ar\/principal\/wp-content\/uploads\/2016\/03\/dia-mujer-2016-c.jpg\" data-orig-size=\"784,523\" data-comments-opened=\"1\" data-image-meta=\"{&quot;aperture&quot;:&quot;0&quot;,&quot;credit&quot;:&quot;&quot;,&quot;camera&quot;:&quot;&quot;,&quot;caption&quot;:&quot;&quot;,&quot;created_timestamp&quot;:&quot;0&quot;,&quot;copyright&quot;:&quot;&quot;,&quot;focal_length&quot;:&quot;0&quot;,&quot;iso&quot;:&quot;0&quot;,&quot;shutter_speed&quot;:&quot;0&quot;,&quot;title&quot;:&quot;&quot;,&quot;orientation&quot;:&quot;0&quot;}\" data-image-title=\"dia-mujer-2016-c\" data-image-description=\"\" data-image-caption=\"\" data-large-file=\"https:\/\/www.hoymercedes.com.ar\/principal\/wp-content\/uploads\/2016\/03\/dia-mujer-2016-c.jpg\" class=\"wp-image-47619 size-medium\" src=\"https:\/\/www.hoymercedes.com.ar\/principal\/wp-content\/uploads\/2016\/03\/dia-mujer-2016-c-630x420.jpg\" alt=\"dia-mujer-2016-c\" width=\"630\" height=\"420\" srcset=\"https:\/\/www.hoymercedes.com.ar\/principal\/wp-content\/uploads\/2016\/03\/dia-mujer-2016-c-630x420.jpg 630w, https:\/\/www.hoymercedes.com.ar\/principal\/wp-content\/uploads\/2016\/03\/dia-mujer-2016-c-150x100.jpg 150w, https:\/\/www.hoymercedes.com.ar\/principal\/wp-content\/uploads\/2016\/03\/dia-mujer-2016-c-768x512.jpg 768w, https:\/\/www.hoymercedes.com.ar\/principal\/wp-content\/uploads\/2016\/03\/dia-mujer-2016-c-300x200.jpg 300w, https:\/\/www.hoymercedes.com.ar\/principal\/wp-content\/uploads\/2016\/03\/dia-mujer-2016-c.jpg 784w\" sizes=\"auto, (max-width: 630px) 100vw, 630px\" \/><figcaption id=\"caption-attachment-47619\" class=\"wp-caption-text\">D\u00eda de la mujer, Juan Ustarroz<\/figcaption><\/figure>\n<p><em><strong>El Intendente Municipal Dr. Juan Ignacio Ustarroz, particip\u00f3 en el marco de la \u201cSemana de la Mujer\u201d, del encuentro que se desarroll\u00f3 en el sal\u00f3n del Honorable Concejo Deliberante donde participaron la Oficina de Violencia y el Equipo de Salud del Centro Integrador Comunitario, con una charla sobre \u00abDerechos de la Mujer en la Historia\u00bb<\/strong><\/em>.<\/p>\n<p>\u201cSaludo a todas las mujeres en su d\u00eda, destacando la labor de las chicas que organizaron esta jornada, y todas las actividades que vamos a estar desarrollando a lo largo de esta semana en nuestra ciudad\u201d expres\u00f3 el Jefe Comunal. \u201cEn nuestra gesti\u00f3n hemos brindado un lugar de igualdad con la mujer, donde desempe\u00f1an cargos muy importantes y est\u00e1n siendo ocupados por ellas, con miradas diferentes, enfoques distintos, que han ayudado mucho en decisiones que hemos tomado como municipio\u201d indic\u00f3 Ustarroz, \u201ctal es el caso de la Secretaria de Control Urbano, donde la Dra. Josefina Kelly y su sub. Secretaria Clara Zunino; en Desarrollo Social con Jorgelina Silva y todas las chicas del \u00e1rea llevan adelante una muy buena tarea. Lo mismo ocurre en salud, y en casi todas las dependencias\u201d.<\/p>\n<p><img loading=\"lazy\" decoding=\"async\" data-attachment-id=\"47620\" data-permalink=\"https:\/\/www.hoymercedes.com.ar\/principal\/2016\/03\/08\/se-conmemoro-el-dia-internacional-de-la-mujer\/dia-mujer-2016-b\/#main\" data-orig-file=\"https:\/\/www.hoymercedes.com.ar\/principal\/wp-content\/uploads\/2016\/03\/dia-mujer-2016-b.jpg\" data-orig-size=\"784,523\" data-comments-opened=\"1\" data-image-meta=\"{&quot;aperture&quot;:&quot;0&quot;,&quot;credit&quot;:&quot;&quot;,&quot;camera&quot;:&quot;&quot;,&quot;caption&quot;:&quot;&quot;,&quot;created_timestamp&quot;:&quot;0&quot;,&quot;copyright&quot;:&quot;&quot;,&quot;focal_length&quot;:&quot;0&quot;,&quot;iso&quot;:&quot;0&quot;,&quot;shutter_speed&quot;:&quot;0&quot;,&quot;title&quot;:&quot;&quot;,&quot;orientation&quot;:&quot;0&quot;}\" data-image-title=\"dia-mujer-2016-b\" data-image-description=\"\" data-image-caption=\"\" data-large-file=\"https:\/\/www.hoymercedes.com.ar\/principal\/wp-content\/uploads\/2016\/03\/dia-mujer-2016-b.jpg\" class=\"aligncenter size-medium wp-image-47620\" src=\"https:\/\/www.hoymercedes.com.ar\/principal\/wp-content\/uploads\/2016\/03\/dia-mujer-2016-b-630x420.jpg\" alt=\"dia-mujer-2016-b\" width=\"630\" height=\"420\" srcset=\"https:\/\/www.hoymercedes.com.ar\/principal\/wp-content\/uploads\/2016\/03\/dia-mujer-2016-b-630x420.jpg 630w, https:\/\/www.hoymercedes.com.ar\/principal\/wp-content\/uploads\/2016\/03\/dia-mujer-2016-b-150x100.jpg 150w, https:\/\/www.hoymercedes.com.ar\/principal\/wp-content\/uploads\/2016\/03\/dia-mujer-2016-b-768x512.jpg 768w, https:\/\/www.hoymercedes.com.ar\/principal\/wp-content\/uploads\/2016\/03\/dia-mujer-2016-b-300x200.jpg 300w, https:\/\/www.hoymercedes.com.ar\/principal\/wp-content\/uploads\/2016\/03\/dia-mujer-2016-b.jpg 784w\" sizes=\"auto, (max-width: 630px) 100vw, 630px\" \/><\/p>\n<p>La Concejal Celeste Burone, destac\u00f3 tambi\u00e9n la gran participaci\u00f3n de las mujeres en el actual Gobierno Municipal \u201cdesde el Concejo, con mis compa\u00f1eras de bloque y con las que pertenecen a otros partidos pol\u00edticos, podemos llevar adelante charlas teniendo una mirada diferente que antes no se contemplaba\u201d. Adem\u00e1s resalt\u00f3 que \u201ccon Juani no se necesit\u00f3 ninguna ley ni ordenanza que obligara a introducir a las mujeres en listas o puestos importantes del municipio, sino que ya se trabaj\u00f3 as\u00ed desde el primer momento en que encaramos este proyecto de ocupar el Gobierno Municipal\u00bb.<\/p>\n<p>Las actividades continuar\u00e1n hoy en Plaza San Mart\u00edn donde habr\u00e1 una muestra de Fotos, Artistas Locales, Stand de Concientizaci\u00f3n \u00abSalud de la Mujer\u00bb con el equipo de Salud del C.I.C, y donde tambi\u00e9n participar\u00e1 el Stand de la Comisi\u00f3n Municipal de Discapacidad, y se disfrutar\u00e1n las canciones de la artista mercedina Fernanda Otolini. Todo desde las 18:30 HS.<\/p>\n<p>Ya el d\u00eda mi\u00e9rcoles 9, las actividades tendr\u00e1n su continuidad en el C.I.C\u00a0 con la Charla \u00abHistoria y derechos de la mujer\u201d, desde las 8.30hs con el trabajo de grupo y la puesta en com\u00fan desde las 8.30hs. Por la tarde, desde las 18hs, en el \u00abCentro Comunitario Los Pampitas\u00bb la Oficina de Violencia y Programa Envi\u00f3n organizan Charla Debate- Proyecci\u00f3n Fotonovela \u00abOjo por ojo y el mundo acabar\u00e1 ciego\u00bb\u00a0 Mientras que por la noche, a las 20hs en el Museo de Arte de calle 23 entre 16 y 18, se proceder\u00e1 a la Inauguraci\u00f3n de la muestra \u00abDe la igualdad legal a la igualdad real\u00bb y la exposici\u00f3n itinerante \u00abEl g\u00e9nero de la violencia\u00bb, adem\u00e1s del ciclo de cine con pel\u00edculas de Mar\u00eda Luisa Bemberg, todos los jueves del mes a las 20:00 hs.<\/p>\n<p>La continuidad se encontrar\u00e1 el d\u00eda jueves en el predio del Centro Cultural La Trocha, donde habr\u00e1 un espect\u00e1culo de Stand Up \u00abVicky G\u00bb, a las 20.30hs\u00a0 Mientras que desde las 18hs, en el SUM Barrio Almafuerte la Oficina de violencia y Programa Envi\u00f3n Comunitario estar\u00e1 desarrollando una charla debate y se proyectara la fotonovela \u00abOjo por ojo y el mundo acabar\u00e1 ciego\u00bb.<\/p>\n<p>Finalmente, durante el d\u00eda viernes, se concretar\u00e1 la Jornada de Juventud \u00abMujeres Verdaderas\u00bb (Pol\u00edticas Juveniles, Secretar\u00eda de Desarrollo Social), con la premiaci\u00f3n del concurso de fotograf\u00eda, exposiciones y muestras, con la participaci\u00f3n especial de la artista local\u00a0 Milagros Vallejos, y desde la Direcci\u00f3n de Deportes, se brindara una clase abierta de aerobics, en el predio de La Trocha.<\/p>\n","protected":false},"excerpt":{"rendered":"<p>El Intendente Municipal Dr. Juan Ignacio Ustarroz, particip\u00f3 en el marco de la \u201cSemana de la Mujer\u201d, del encuentro que &#8230; <a title=\"Se conmemor\u00f3 el D\u00eda Internacional de la Mujer\" class=\"read-more\" href=\"https:\/\/www.hoymercedes.com.ar\/principal\/2016\/03\/08\/se-conmemoro-el-dia-internacional-de-la-mujer\/\" aria-label=\"Leer m\u00e1s sobre Se conmemor\u00f3 el D\u00eda Internacional de la Mujer\">Leer m\u00e1s<\/a><\/p>\n","protected":false},"author":1,"featured_media":47619,"comment_status":"open","ping_status":"open","sticky":false,"template":"","format":"standard","meta":{"_monsterinsights_skip_tracking":false,"_monsterinsights_sitenote_active":false,"_monsterinsights_sitenote_note":"","_monsterinsights_sitenote_category":0,"jetpack_post_was_ever_published":false,"_jetpack_newsletter_access":"","_jetpack_dont_email_post_to_subs":false,"_jetpack_newsletter_tier_id":0,"_jetpack_memberships_contains_paywalled_content":false,"_jetpack_memberships_contains_paid_content":false,"footnotes":"","jetpack_publicize_message":"","jetpack_publicize_feature_enabled":true,"jetpack_social_post_already_shared":true,"jetpack_social_options":{"image_generator_settings":{"template":"highway","default_image_id":0,"font":"","enabled":false},"version":2},"_wpas_customize_per_network":false},"categories":[30],"tags":[541,585],"class_list":["post-47618","post","type-post","status-publish","format-standard","has-post-thumbnail","hentry","category-municipio","tag-dia-internacional-de-la-mujer","tag-juan-ustarroz","generate-columns","tablet-grid-50","mobile-grid-100","grid-parent","grid-50"],"jetpack_publicize_connections":[],"jetpack_featured_media_url":"https:\/\/www.hoymercedes.com.ar\/principal\/wp-content\/uploads\/2016\/03\/dia-mujer-2016-c.jpg","wps_subtitle":"En el Concejo Deliberante","jetpack_sharing_enabled":true,"_links":{"self":[{"href":"https:\/\/www.hoymercedes.com.ar\/principal\/wp-json\/wp\/v2\/posts\/47618","targetHints":{"allow":["GET"]}}],"collection":[{"href":"https:\/\/www.hoymercedes.com.ar\/principal\/wp-json\/wp\/v2\/posts"}],"about":[{"href":"https:\/\/www.hoymercedes.com.ar\/principal\/wp-json\/wp\/v2\/types\/post"}],"author":[{"embeddable":true,"href":"https:\/\/www.hoymercedes.com.ar\/principal\/wp-json\/wp\/v2\/users\/1"}],"replies":[{"embeddable":true,"href":"https:\/\/www.hoymercedes.com.ar\/principal\/wp-json\/wp\/v2\/comments?post=47618"}],"version-history":[{"count":0,"href":"https:\/\/www.hoymercedes.com.ar\/principal\/wp-json\/wp\/v2\/posts\/47618\/revisions"}],"wp:featuredmedia":[{"embeddable":true,"href":"https:\/\/www.hoymercedes.com.ar\/principal\/wp-json\/wp\/v2\/media\/47619"}],"wp:attachment":[{"href":"https:\/\/www.hoymercedes.com.ar\/principal\/wp-json\/wp\/v2\/media?parent=47618"}],"wp:term":[{"taxonomy":"category","embeddable":true,"href":"https:\/\/www.hoymercedes.com.ar\/principal\/wp-json\/wp\/v2\/categories?post=47618"},{"taxonomy":"post_tag","embeddable":true,"href":"https:\/\/www.hoymercedes.com.ar\/principal\/wp-json\/wp\/v2\/tags?post=47618"}],"curies":[{"name":"wp","href":"https:\/\/api.w.org\/{rel}","templated":true}]}}