{"id":47639,"date":"2016-03-08T21:30:49","date_gmt":"2016-03-09T00:30:49","guid":{"rendered":"http:\/\/www.hoymercedes.com.ar\/principal\/?p=47639"},"modified":"2016-03-08T21:30:49","modified_gmt":"2016-03-09T00:30:49","slug":"radio-abierta-y-plenario-de-mujeres-trabajadoras-autoconvocadas-de-mercedes","status":"publish","type":"post","link":"https:\/\/www.hoymercedes.com.ar\/principal\/2016\/03\/08\/radio-abierta-y-plenario-de-mujeres-trabajadoras-autoconvocadas-de-mercedes\/","title":{"rendered":"Radio abierta y plenario de mujeres trabajadoras autoconvocadas de Mercedes"},"content":{"rendered":"<figure id=\"attachment_47642\" aria-describedby=\"caption-attachment-47642\" style=\"width: 610px\" class=\"wp-caption aligncenter\"><img loading=\"lazy\" decoding=\"async\" data-attachment-id=\"47642\" data-permalink=\"https:\/\/www.hoymercedes.com.ar\/principal\/2016\/03\/08\/radio-abierta-y-plenario-de-mujeres-trabajadoras-autoconvocadas-de-mercedes\/plenario-fit\/#main\" data-orig-file=\"https:\/\/www.hoymercedes.com.ar\/principal\/wp-content\/uploads\/2016\/03\/plenario-fit.jpg\" data-orig-size=\"620,412\" data-comments-opened=\"1\" data-image-meta=\"{&quot;aperture&quot;:&quot;0&quot;,&quot;credit&quot;:&quot;&quot;,&quot;camera&quot;:&quot;&quot;,&quot;caption&quot;:&quot;&quot;,&quot;created_timestamp&quot;:&quot;0&quot;,&quot;copyright&quot;:&quot;&quot;,&quot;focal_length&quot;:&quot;0&quot;,&quot;iso&quot;:&quot;0&quot;,&quot;shutter_speed&quot;:&quot;0&quot;,&quot;title&quot;:&quot;&quot;,&quot;orientation&quot;:&quot;0&quot;}\" data-image-title=\"plenario-fit\" data-image-description=\"\" data-image-caption=\"\" data-large-file=\"https:\/\/www.hoymercedes.com.ar\/principal\/wp-content\/uploads\/2016\/03\/plenario-fit.jpg\" class=\"wp-image-47642 size-full\" src=\"https:\/\/www.hoymercedes.com.ar\/principal\/wp-content\/uploads\/2016\/03\/plenario-fit.jpg\" alt=\"plenario-fit\" width=\"620\" height=\"412\" srcset=\"https:\/\/www.hoymercedes.com.ar\/principal\/wp-content\/uploads\/2016\/03\/plenario-fit.jpg 620w, https:\/\/www.hoymercedes.com.ar\/principal\/wp-content\/uploads\/2016\/03\/plenario-fit-150x100.jpg 150w, https:\/\/www.hoymercedes.com.ar\/principal\/wp-content\/uploads\/2016\/03\/plenario-fit-300x200.jpg 300w\" sizes=\"auto, (max-width: 620px) 100vw, 620px\" \/><figcaption id=\"caption-attachment-47642\" class=\"wp-caption-text\">Plenario de debate<\/figcaption><\/figure>\n<p><em><strong>Se llev\u00f3 a cabo en Plaza San Mart\u00edn el \u201cPlenario de mujeres trabajadoras autoconvocadas\u201d de Mercedes. Fue en el marco del D\u00eda Internacional de la Mujer. La organizaci\u00f3n estuvo a cargo del Partido Obrero y el Frente de Izquierda. Hubo radio abierta.<\/strong><\/em><\/p>\n<p>El encuentro permiti\u00f3 la reflexi\u00f3n, el an\u00e1lisis y el debate en un d\u00eda en que se conmemora a la mujer trabajadora.<\/p>\n<p>Recordemos que en la convocatoria desde el Partido Obrero se expres\u00f3 que: \u201cEl movimiento de este 8 plantea agudamente la necesidad de que el movimiento de mujeres pelee de manera independiente del Estado. El pasado gobierno kirchnerista no desmantel\u00f3 una sola red de trata; est\u00e1 vinculado con el empantanamiento de la causa Marita Ver\u00f3n, por su apoyo a Alperovich-Rojkes, y ha tenido y tiene un gran n\u00famero de funcionarios ligados al abuso o a la violencia contra la mujer que jam\u00e1s fueron desplazados por ese motivo. Se opuso al tratamiento y aprobaci\u00f3n del aborto legal, actuando como verdadero lacayo del negocio de la salud privada y del Vaticano, y precariz\u00f3 a miles de mujeres en cooperativas o puestos del Estado, abriendo el camino a las expulsiones masivas ejecutadas por el macrismo. Aprob\u00f3 leyes cuya aplicaci\u00f3n pr\u00e1ctica jam\u00e1s llev\u00f3 adelante, como ocurri\u00f3 con la ley de violencia de g\u00e9nero\u201d, sostuvieron para tambi\u00e9n manifestar que: \u201cPara dar algunos ejemplos, el gobierno actual o sus aliados provinciales de todos los colores profundizaron la l\u00ednea contraria a aquellas demandas. Tanto Macri como los gobernadores echaron a compa\u00f1eras precarizadas en todo el pa\u00eds, profundizando en muchos casos el estado de vulnerabilidad en el que viven las mujeres que se quedan sin trabajo. Nuevamente, se produjeron casos de mujeres asesinadas por parejas violentas, sobre las cuales ni la justicia ni nadie garantizaron la resoluci\u00f3n de exclusi\u00f3n que fuera dictada. Salvador Mazza en Salta es nuevamente noticia porque dirigentes de Urtubey est\u00e1n ligados a casos de abusos como ocurri\u00f3 el a\u00f1o pasado con el propio intendente. En R\u00edo Gallegos, el Plenario de Trabajadoras exige que se expulse al secretario de Gobierno del municipio, Jorge Cruz, acusado por su ex pareja de golpearla\u201d<\/p>\n<p>El encuentro en Plaza San Mart\u00edn cont\u00f3 con la participaci\u00f3n de militantes y adherentes a las posturas de izquierda y los caminos cr\u00edticos del an\u00e1lisis social. Hubo radio abierta y entrega de materiales gr\u00e1ficos alusivos a la fecha.<\/p>\n<p>Es parte de las acciones de concientizaci\u00f3n y acci\u00f3n pol\u00edtica del Frente de Izquierda de Mercedes.<\/p>\n<p><img loading=\"lazy\" decoding=\"async\" data-attachment-id=\"47641\" data-permalink=\"https:\/\/www.hoymercedes.com.ar\/principal\/2016\/03\/08\/radio-abierta-y-plenario-de-mujeres-trabajadoras-autoconvocadas-de-mercedes\/plenario-mujer-fit\/#main\" data-orig-file=\"https:\/\/www.hoymercedes.com.ar\/principal\/wp-content\/uploads\/2016\/03\/plenario.mujer_.fit_.jpg\" data-orig-size=\"620,412\" data-comments-opened=\"1\" data-image-meta=\"{&quot;aperture&quot;:&quot;0&quot;,&quot;credit&quot;:&quot;&quot;,&quot;camera&quot;:&quot;&quot;,&quot;caption&quot;:&quot;&quot;,&quot;created_timestamp&quot;:&quot;0&quot;,&quot;copyright&quot;:&quot;&quot;,&quot;focal_length&quot;:&quot;0&quot;,&quot;iso&quot;:&quot;0&quot;,&quot;shutter_speed&quot;:&quot;0&quot;,&quot;title&quot;:&quot;&quot;,&quot;orientation&quot;:&quot;0&quot;}\" data-image-title=\"plenario.mujer.fit\" data-image-description=\"\" data-image-caption=\"\" data-large-file=\"https:\/\/www.hoymercedes.com.ar\/principal\/wp-content\/uploads\/2016\/03\/plenario.mujer_.fit_.jpg\" class=\"aligncenter size-full wp-image-47641\" src=\"https:\/\/www.hoymercedes.com.ar\/principal\/wp-content\/uploads\/2016\/03\/plenario.mujer_.fit_.jpg\" alt=\"plenario.mujer.fit\" width=\"620\" height=\"412\" srcset=\"https:\/\/www.hoymercedes.com.ar\/principal\/wp-content\/uploads\/2016\/03\/plenario.mujer_.fit_.jpg 620w, https:\/\/www.hoymercedes.com.ar\/principal\/wp-content\/uploads\/2016\/03\/plenario.mujer_.fit_-150x100.jpg 150w, https:\/\/www.hoymercedes.com.ar\/principal\/wp-content\/uploads\/2016\/03\/plenario.mujer_.fit_-300x200.jpg 300w\" sizes=\"auto, (max-width: 620px) 100vw, 620px\" \/><\/p>\n","protected":false},"excerpt":{"rendered":"<p>Se llev\u00f3 a cabo en Plaza San Mart\u00edn el \u201cPlenario de mujeres trabajadoras autoconvocadas\u201d de Mercedes. Fue en el marco &#8230; <a title=\"Radio abierta y plenario de mujeres trabajadoras autoconvocadas de Mercedes\" class=\"read-more\" href=\"https:\/\/www.hoymercedes.com.ar\/principal\/2016\/03\/08\/radio-abierta-y-plenario-de-mujeres-trabajadoras-autoconvocadas-de-mercedes\/\" aria-label=\"Leer m\u00e1s sobre Radio abierta y plenario de mujeres trabajadoras autoconvocadas de Mercedes\">Leer m\u00e1s<\/a><\/p>\n","protected":false},"author":1,"featured_media":47642,"comment_status":"open","ping_status":"open","sticky":false,"template":"","format":"standard","meta":{"_monsterinsights_skip_tracking":false,"_monsterinsights_sitenote_active":false,"_monsterinsights_sitenote_note":"","_monsterinsights_sitenote_category":0,"jetpack_post_was_ever_published":false,"_jetpack_newsletter_access":"","_jetpack_dont_email_post_to_subs":false,"_jetpack_newsletter_tier_id":0,"_jetpack_memberships_contains_paywalled_content":false,"_jetpack_memberships_contains_paid_content":false,"footnotes":"","jetpack_publicize_message":"","jetpack_publicize_feature_enabled":true,"jetpack_social_post_already_shared":true,"jetpack_social_options":{"image_generator_settings":{"template":"highway","default_image_id":0,"font":"","enabled":false},"version":2},"_wpas_customize_per_network":false},"categories":[104],"tags":[525,6253,3572,1045,8577],"class_list":["post-47639","post","type-post","status-publish","format-standard","has-post-thumbnail","hentry","category-cultura","tag-dia-de-la-mujer","tag-fit","tag-frente-de-izquierda-mercedes","tag-partido-obrero","tag-plenario-de-mujeres-trabajadoras-de-izquierda","generate-columns","tablet-grid-50","mobile-grid-100","grid-parent","grid-50"],"jetpack_publicize_connections":[],"jetpack_featured_media_url":"https:\/\/www.hoymercedes.com.ar\/principal\/wp-content\/uploads\/2016\/03\/plenario-fit.jpg","wps_subtitle":"D\u00eda internacional de la mujer","jetpack_sharing_enabled":true,"_links":{"self":[{"href":"https:\/\/www.hoymercedes.com.ar\/principal\/wp-json\/wp\/v2\/posts\/47639","targetHints":{"allow":["GET"]}}],"collection":[{"href":"https:\/\/www.hoymercedes.com.ar\/principal\/wp-json\/wp\/v2\/posts"}],"about":[{"href":"https:\/\/www.hoymercedes.com.ar\/principal\/wp-json\/wp\/v2\/types\/post"}],"author":[{"embeddable":true,"href":"https:\/\/www.hoymercedes.com.ar\/principal\/wp-json\/wp\/v2\/users\/1"}],"replies":[{"embeddable":true,"href":"https:\/\/www.hoymercedes.com.ar\/principal\/wp-json\/wp\/v2\/comments?post=47639"}],"version-history":[{"count":0,"href":"https:\/\/www.hoymercedes.com.ar\/principal\/wp-json\/wp\/v2\/posts\/47639\/revisions"}],"wp:featuredmedia":[{"embeddable":true,"href":"https:\/\/www.hoymercedes.com.ar\/principal\/wp-json\/wp\/v2\/media\/47642"}],"wp:attachment":[{"href":"https:\/\/www.hoymercedes.com.ar\/principal\/wp-json\/wp\/v2\/media?parent=47639"}],"wp:term":[{"taxonomy":"category","embeddable":true,"href":"https:\/\/www.hoymercedes.com.ar\/principal\/wp-json\/wp\/v2\/categories?post=47639"},{"taxonomy":"post_tag","embeddable":true,"href":"https:\/\/www.hoymercedes.com.ar\/principal\/wp-json\/wp\/v2\/tags?post=47639"}],"curies":[{"name":"wp","href":"https:\/\/api.w.org\/{rel}","templated":true}]}}