{"id":47652,"date":"2016-03-09T21:52:36","date_gmt":"2016-03-10T00:52:36","guid":{"rendered":"http:\/\/www.hoymercedes.com.ar\/principal\/?p=47652"},"modified":"2016-03-09T21:52:36","modified_gmt":"2016-03-10T00:52:36","slug":"cambiemos-propone-licitar-transporte-publico-a-la-verde","status":"publish","type":"post","link":"https:\/\/www.hoymercedes.com.ar\/principal\/2016\/03\/09\/cambiemos-propone-licitar-transporte-publico-a-la-verde\/","title":{"rendered":"Cambiemos propone licitar transporte p\u00fablico a La Verde"},"content":{"rendered":"<p>&nbsp;<\/p>\n<figure id=\"attachment_47653\" aria-describedby=\"caption-attachment-47653\" style=\"width: 620px\" class=\"wp-caption aligncenter\"><img loading=\"lazy\" decoding=\"async\" data-attachment-id=\"47653\" data-permalink=\"https:\/\/www.hoymercedes.com.ar\/principal\/2016\/03\/09\/cambiemos-propone-licitar-transporte-publico-a-la-verde\/laverde-maps\/#main\" data-orig-file=\"https:\/\/www.hoymercedes.com.ar\/principal\/wp-content\/uploads\/2016\/03\/laverde-maps.png\" data-orig-size=\"768,411\" data-comments-opened=\"1\" data-image-meta=\"{&quot;aperture&quot;:&quot;0&quot;,&quot;credit&quot;:&quot;&quot;,&quot;camera&quot;:&quot;&quot;,&quot;caption&quot;:&quot;&quot;,&quot;created_timestamp&quot;:&quot;0&quot;,&quot;copyright&quot;:&quot;&quot;,&quot;focal_length&quot;:&quot;0&quot;,&quot;iso&quot;:&quot;0&quot;,&quot;shutter_speed&quot;:&quot;0&quot;,&quot;title&quot;:&quot;&quot;,&quot;orientation&quot;:&quot;0&quot;}\" data-image-title=\"laverde-maps\" data-image-description=\"\" data-image-caption=\"\" data-large-file=\"https:\/\/www.hoymercedes.com.ar\/principal\/wp-content\/uploads\/2016\/03\/laverde-maps.png\" class=\"wp-image-47653 size-medium\" src=\"https:\/\/www.hoymercedes.com.ar\/principal\/wp-content\/uploads\/2016\/03\/laverde-maps-630x337.png\" alt=\"laverde-maps\" width=\"630\" height=\"337\" srcset=\"https:\/\/www.hoymercedes.com.ar\/principal\/wp-content\/uploads\/2016\/03\/laverde-maps-630x337.png 630w, https:\/\/www.hoymercedes.com.ar\/principal\/wp-content\/uploads\/2016\/03\/laverde-maps-150x80.png 150w, https:\/\/www.hoymercedes.com.ar\/principal\/wp-content\/uploads\/2016\/03\/laverde-maps.png 768w\" sizes=\"auto, (max-width: 630px) 100vw, 630px\" \/><figcaption id=\"caption-attachment-47653\" class=\"wp-caption-text\">Mercedes &#8211; La Verde<\/figcaption><\/figure>\n<p><em><strong>El Frente Cambiemos de nuestra ciudad propuso formalmente que se realicen las medidas necesarias para que la localidad de La Verde cuente con el servicio de transporte p\u00fablico, algo que en Mercedes en general sigue siendo tema de debate y necesidad.<\/strong><\/em><\/p>\n<p>Por medio de un proyecto propone que se llame a licitaci\u00f3n para cubrir el servicio entre Mercedes y La Verde.<\/p>\n<p>El proyecto de Cambiemos es el siguiente:<\/p>\n<p>VISTO:<\/p>\n<p>La inexistencia de servicio de transporte p\u00fablico de pasajeros en una amplia zona<\/p>\n<p>del Partido de Mercedes.<\/p>\n<p>CONSIDERANDO:<\/p>\n<p>Que la soluci\u00f3n integral est\u00e1 a\u00fan pendiente.<\/p>\n<p>Que entre el p\u00fablico m\u00e1s perjudicado se encuentran los pobladores de las localidades<\/p>\n<p>denominadas Pueblos.<\/p>\n<p>Que el transporte p\u00fablico es materia de tratamiento del HCD seg\u00fan la normativa de la<\/p>\n<p>Ley Org\u00e1nica de las Municipalidades Art. 27 inc. 22<\/p>\n<p>Se promueve el siguiente Proyecto de Ordenanza.<\/p>\n<p>Art. 1\u00ba) Ll\u00e1mese a concurso de precios para establecer servicio de transporte \u00a0desde la localidad de La Verde hasta Plaza San Mart\u00edn debiendo hacer parada en el cruce de Tom\u00e1s Jofr\u00e9 y Ruta Prov. 42, as\u00ed como enRuta Provincial 42 altura Altamira, de lunes a viernes con dos servicios matutinos y uno vespertino.<\/p>\n<p>Art. 2\u00ba) El gasto que insuma el presente proyecto se imputar\u00e1 a la partida presupuestaria 1110107000 \u2013 31 \u2013 02 \u2013 110 \u2013 5.1.0.0.<\/p>\n<p>Art. 3\u00ba) D\u00e9 forma<\/p>\n<p>&nbsp;<\/p>\n<p>Oscar Albini\u00a0\u00a0\u00a0\u00a0\u00a0\u00a0\u00a0\u00a0\u00a0\u00a0\u00a0\u00a0\u00a0\u00a0\u00a0\u00a0\u00a0\u00a0\u00a0\u00a0\u00a0\u00a0\u00a0\u00a0\u00a0\u00a0\u00a0\u00a0\u00a0\u00a0\u00a0\u00a0\u00a0\u00a0\u00a0\u00a0\u00a0\u00a0\u00a0\u00a0\u00a0\u00a0\u00a0\u00a0\u00a0\u00a0\u00a0 Juan C. Badano\u00a0\u00a0\u00a0\u00a0\u00a0\u00a0\u00a0\u00a0\u00a0\u00a0\u00a0\u00a0\u00a0\u00a0\u00a0\u00a0\u00a0\u00a0\u00a0\u00a0\u00a0\u00a0\u00a0\u00a0\u00a0\u00a0\u00a0 \u00a0\u00a0\u00a0\u00a0\u00a0\u00a0\u00a0\u00a0\u00a0\u00a0\u00a0\u00a0\u00a0\u00a0\u00a0\u00a0Juan C. Ben\u00edtez<\/p>\n<p>Edgar Killmeate\u00a0\u00a0\u00a0\u00a0\u00a0\u00a0\u00a0\u00a0\u00a0\u00a0\u00a0\u00a0\u00a0\u00a0\u00a0\u00a0\u00a0\u00a0\u00a0\u00a0\u00a0\u00a0\u00a0\u00a0\u00a0\u00a0\u00a0\u00a0\u00a0\u00a0\u00a0\u00a0\u00a0\u00a0\u00a0\u00a0\u00a0\u00a0\u00a0\u00a0\u00a0 Aida Laporta\u00a0\u00a0\u00a0\u00a0\u00a0\u00a0\u00a0\u00a0\u00a0\u00a0\u00a0\u00a0\u00a0\u00a0\u00a0\u00a0\u00a0\u00a0\u00a0\u00a0\u00a0\u00a0\u00a0\u00a0\u00a0\u00a0\u00a0\u00a0\u00a0\u00a0\u00a0\u00a0\u00a0\u00a0\u00a0\u00a0\u00a0\u00a0\u00a0\u00a0\u00a0 \u00a0\u00a0\u00a0Alejandra Repetto<\/p>\n","protected":false},"excerpt":{"rendered":"<p>&nbsp; El Frente Cambiemos de nuestra ciudad propuso formalmente que se realicen las medidas necesarias para que la localidad de &#8230; <a title=\"Cambiemos propone licitar transporte p\u00fablico a La Verde\" class=\"read-more\" href=\"https:\/\/www.hoymercedes.com.ar\/principal\/2016\/03\/09\/cambiemos-propone-licitar-transporte-publico-a-la-verde\/\" aria-label=\"Leer m\u00e1s sobre Cambiemos propone licitar transporte p\u00fablico a La Verde\">Leer m\u00e1s<\/a><\/p>\n","protected":false},"author":1,"featured_media":47653,"comment_status":"open","ping_status":"open","sticky":false,"template":"","format":"standard","meta":{"_monsterinsights_skip_tracking":false,"_monsterinsights_sitenote_active":false,"_monsterinsights_sitenote_note":"","_monsterinsights_sitenote_category":0,"jetpack_post_was_ever_published":false,"_jetpack_newsletter_access":"","_jetpack_dont_email_post_to_subs":false,"_jetpack_newsletter_tier_id":0,"_jetpack_memberships_contains_paywalled_content":false,"_jetpack_memberships_contains_paid_content":false,"footnotes":"","jetpack_publicize_message":"","jetpack_publicize_feature_enabled":true,"jetpack_social_post_already_shared":true,"jetpack_social_options":{"image_generator_settings":{"template":"highway","default_image_id":0,"font":"","enabled":false},"version":2},"_wpas_customize_per_network":false},"categories":[5],"tags":[8579,7492],"class_list":["post-47652","post","type-post","status-publish","format-standard","has-post-thumbnail","hentry","category-politica","tag-cambiemos-propone-licitar-transporte-publico-a-la-verde","tag-frente-cambiemos","generate-columns","tablet-grid-50","mobile-grid-100","grid-parent","grid-50"],"jetpack_publicize_connections":[],"jetpack_featured_media_url":"https:\/\/www.hoymercedes.com.ar\/principal\/wp-content\/uploads\/2016\/03\/laverde-maps.png","wps_subtitle":"Necesidades sociales ","jetpack_sharing_enabled":true,"_links":{"self":[{"href":"https:\/\/www.hoymercedes.com.ar\/principal\/wp-json\/wp\/v2\/posts\/47652","targetHints":{"allow":["GET"]}}],"collection":[{"href":"https:\/\/www.hoymercedes.com.ar\/principal\/wp-json\/wp\/v2\/posts"}],"about":[{"href":"https:\/\/www.hoymercedes.com.ar\/principal\/wp-json\/wp\/v2\/types\/post"}],"author":[{"embeddable":true,"href":"https:\/\/www.hoymercedes.com.ar\/principal\/wp-json\/wp\/v2\/users\/1"}],"replies":[{"embeddable":true,"href":"https:\/\/www.hoymercedes.com.ar\/principal\/wp-json\/wp\/v2\/comments?post=47652"}],"version-history":[{"count":0,"href":"https:\/\/www.hoymercedes.com.ar\/principal\/wp-json\/wp\/v2\/posts\/47652\/revisions"}],"wp:featuredmedia":[{"embeddable":true,"href":"https:\/\/www.hoymercedes.com.ar\/principal\/wp-json\/wp\/v2\/media\/47653"}],"wp:attachment":[{"href":"https:\/\/www.hoymercedes.com.ar\/principal\/wp-json\/wp\/v2\/media?parent=47652"}],"wp:term":[{"taxonomy":"category","embeddable":true,"href":"https:\/\/www.hoymercedes.com.ar\/principal\/wp-json\/wp\/v2\/categories?post=47652"},{"taxonomy":"post_tag","embeddable":true,"href":"https:\/\/www.hoymercedes.com.ar\/principal\/wp-json\/wp\/v2\/tags?post=47652"}],"curies":[{"name":"wp","href":"https:\/\/api.w.org\/{rel}","templated":true}]}}