{"id":47656,"date":"2016-03-09T22:58:56","date_gmt":"2016-03-10T01:58:56","guid":{"rendered":"http:\/\/www.hoymercedes.com.ar\/principal\/?p=47656"},"modified":"2016-03-10T00:15:33","modified_gmt":"2016-03-10T03:15:33","slug":"detienen-3-delincuentes-tras-robar-en-mercedes-chivilcoy-y-suipacha","status":"publish","type":"post","link":"https:\/\/www.hoymercedes.com.ar\/principal\/2016\/03\/09\/detienen-3-delincuentes-tras-robar-en-mercedes-chivilcoy-y-suipacha\/","title":{"rendered":"Detienen 3 delincuentes tras robar en Mercedes, Chivilcoy y Suipacha"},"content":{"rendered":"<figure id=\"attachment_47657\" aria-describedby=\"caption-attachment-47657\" style=\"width: 610px\" class=\"wp-caption aligncenter\"><img loading=\"lazy\" decoding=\"async\" data-attachment-id=\"47657\" data-permalink=\"https:\/\/www.hoymercedes.com.ar\/principal\/2016\/03\/09\/detienen-3-delincuentes-tras-robar-en-mercedes-chivilcoy-y-suipacha\/detencion-9-3-16-1\/#main\" data-orig-file=\"https:\/\/www.hoymercedes.com.ar\/principal\/wp-content\/uploads\/2016\/03\/detencion-9.3.16-1.jpg\" data-orig-size=\"620,349\" data-comments-opened=\"1\" data-image-meta=\"{&quot;aperture&quot;:&quot;0&quot;,&quot;credit&quot;:&quot;&quot;,&quot;camera&quot;:&quot;&quot;,&quot;caption&quot;:&quot;&quot;,&quot;created_timestamp&quot;:&quot;0&quot;,&quot;copyright&quot;:&quot;&quot;,&quot;focal_length&quot;:&quot;0&quot;,&quot;iso&quot;:&quot;0&quot;,&quot;shutter_speed&quot;:&quot;0&quot;,&quot;title&quot;:&quot;&quot;,&quot;orientation&quot;:&quot;0&quot;}\" data-image-title=\"detencion-9.3.16-1\" data-image-description=\"\" data-image-caption=\"\" data-large-file=\"https:\/\/www.hoymercedes.com.ar\/principal\/wp-content\/uploads\/2016\/03\/detencion-9.3.16-1.jpg\" class=\"wp-image-47657 size-full\" src=\"https:\/\/www.hoymercedes.com.ar\/principal\/wp-content\/uploads\/2016\/03\/detencion-9.3.16-1.jpg\" alt=\"detencion-9.3.16-1\" width=\"620\" height=\"349\" srcset=\"https:\/\/www.hoymercedes.com.ar\/principal\/wp-content\/uploads\/2016\/03\/detencion-9.3.16-1.jpg 620w, https:\/\/www.hoymercedes.com.ar\/principal\/wp-content\/uploads\/2016\/03\/detencion-9.3.16-1-150x84.jpg 150w\" sizes=\"auto, (max-width: 620px) 100vw, 620px\" \/><figcaption id=\"caption-attachment-47657\" class=\"wp-caption-text\">Foto: Lujanenlinea.com.ar<\/figcaption><\/figure>\n<p><em><strong>El mediod\u00eda de \u00e9ste mi\u00e9rcoles produjo un movido accionar policial que permiti\u00f3 la detenci\u00f3n de una banda de delincuentes que hab\u00eda azotado la zona efectuando robos en Mercedes, Suipacha y Chivicoy. El fin del raid delictivo se dio en la localidad de Luj\u00e1n donde el despliegue de 10 m\u00f3viles permiti\u00f3 la detenci\u00f3n de los delincuentes.<\/strong><\/em><\/p>\n<p>En el hecho, sin tener confirmaciones oficiales al cierre de \u00e9stas l\u00edneas, se produjo un grave robo a mercedinos siendo una familia que vive en calle 34 casi 17. All\u00ed los vecinos de nuestra ciudad habr\u00edan padecido la amenaza e ingreso a la vivienda por parte de los ahora detenidos, siendo un momento de suma tensi\u00f3n y temor, con menores presentes. El robo habr\u00eda implicado dinero y objetos, pero, como siempre se dice lo peor es el mal momento vivido.<\/p>\n<p>Antes de la detenci\u00f3n en Luj\u00e1n hab\u00edan actuado en Chivilcoy y Suipacha.<\/p>\n<figure id=\"attachment_47658\" aria-describedby=\"caption-attachment-47658\" style=\"width: 610px\" class=\"wp-caption aligncenter\"><img loading=\"lazy\" decoding=\"async\" data-attachment-id=\"47658\" data-permalink=\"https:\/\/www.hoymercedes.com.ar\/principal\/2016\/03\/09\/detienen-3-delincuentes-tras-robar-en-mercedes-chivilcoy-y-suipacha\/detencion-9-3-16-2\/#main\" data-orig-file=\"https:\/\/www.hoymercedes.com.ar\/principal\/wp-content\/uploads\/2016\/03\/detencion-9.3.16-2.jpg\" data-orig-size=\"620,349\" data-comments-opened=\"1\" data-image-meta=\"{&quot;aperture&quot;:&quot;0&quot;,&quot;credit&quot;:&quot;&quot;,&quot;camera&quot;:&quot;&quot;,&quot;caption&quot;:&quot;&quot;,&quot;created_timestamp&quot;:&quot;0&quot;,&quot;copyright&quot;:&quot;&quot;,&quot;focal_length&quot;:&quot;0&quot;,&quot;iso&quot;:&quot;0&quot;,&quot;shutter_speed&quot;:&quot;0&quot;,&quot;title&quot;:&quot;&quot;,&quot;orientation&quot;:&quot;0&quot;}\" data-image-title=\"detencion-9.3.16-2\" data-image-description=\"\" data-image-caption=\"\" data-large-file=\"https:\/\/www.hoymercedes.com.ar\/principal\/wp-content\/uploads\/2016\/03\/detencion-9.3.16-2.jpg\" class=\"wp-image-47658 size-full\" src=\"https:\/\/www.hoymercedes.com.ar\/principal\/wp-content\/uploads\/2016\/03\/detencion-9.3.16-2.jpg\" alt=\"detencion-9.3.16-2\" width=\"620\" height=\"349\" srcset=\"https:\/\/www.hoymercedes.com.ar\/principal\/wp-content\/uploads\/2016\/03\/detencion-9.3.16-2.jpg 620w, https:\/\/www.hoymercedes.com.ar\/principal\/wp-content\/uploads\/2016\/03\/detencion-9.3.16-2-150x84.jpg 150w\" sizes=\"auto, (max-width: 620px) 100vw, 620px\" \/><figcaption id=\"caption-attachment-47658\" class=\"wp-caption-text\">Foto: Lujanenlinea.com.ar<\/figcaption><\/figure>\n<p>Para capturarlos hubo una gran movilizaci\u00f3n policial que incluy\u00f3 a 10 m\u00f3viles y toda la c\u00fapula de policial de la zona que estaba atenta a las denuncias recibidas y actuando en consonancia.<\/p>\n<p>La Ruta Nacional 5 fue uno de los escenarios donde actu\u00f3 la fuerza de seguridad.<\/p>\n<p>Los asaltantes fueron atrapados a la altura del Arroyito Gutierrez, cerca del barrio San Emilio, de la vecina ciudad de Luj\u00e1n, cuando se trasladaban en un Peugeot 408. La captura qued\u00f3 en manos del Comando de Prevenci\u00f3n Comunitaria de Luj\u00e1n quienes tambi\u00e9n usaron autos particulares para poder acercarse m\u00e1s y pasar desapercibidos en la pesquisa.<\/p>\n<p>Secuestraron d\u00f3lares, euros, pesos y una r\u00e9plica de arma 9 mil\u00edmetros.<\/p>\n<p>En relaci\u00f3n a los atracos se supo que en Chivilcoy la v\u00edctima fue un concejal mientras que en Suipacha\u00a0fueron los padres del actual intendente.<\/p>\n<p>Quienes viajaban por la Ruta Nacional 5 vieron con sorpresa la cantidad de m\u00f3viles que se mov\u00edan dado que hubo intervenci\u00f3n de Luj\u00e1n, Chivilcoy y Suipacha mientras que en Mercedes se centraron en la actuaci\u00f3n local sabiendo que el operativo estaba en marcha en la regi\u00f3n.<\/p>\n<p>Respecto a los detenidos los tres est\u00e1n ya a disposici\u00f3n de la justicia de Mercedes siendo \u00a0r\u00e1pidamente a nuestra ciudad.<\/p>\n<p>&nbsp;<\/p>\n<p>&nbsp;<\/p>\n","protected":false},"excerpt":{"rendered":"<p>El mediod\u00eda de \u00e9ste mi\u00e9rcoles produjo un movido accionar policial que permiti\u00f3 la detenci\u00f3n de una banda de delincuentes que &#8230; <a title=\"Detienen 3 delincuentes tras robar en Mercedes, Chivilcoy y Suipacha\" class=\"read-more\" href=\"https:\/\/www.hoymercedes.com.ar\/principal\/2016\/03\/09\/detienen-3-delincuentes-tras-robar-en-mercedes-chivilcoy-y-suipacha\/\" aria-label=\"Leer m\u00e1s sobre Detienen 3 delincuentes tras robar en Mercedes, Chivilcoy y Suipacha\">Leer m\u00e1s<\/a><\/p>\n","protected":false},"author":1,"featured_media":47658,"comment_status":"open","ping_status":"open","sticky":false,"template":"","format":"standard","meta":{"_monsterinsights_skip_tracking":false,"_monsterinsights_sitenote_active":false,"_monsterinsights_sitenote_note":"","_monsterinsights_sitenote_category":0,"jetpack_post_was_ever_published":false,"_jetpack_newsletter_access":"","_jetpack_dont_email_post_to_subs":false,"_jetpack_newsletter_tier_id":0,"_jetpack_memberships_contains_paywalled_content":false,"_jetpack_memberships_contains_paid_content":false,"footnotes":"","jetpack_publicize_message":"","jetpack_publicize_feature_enabled":true,"jetpack_social_post_already_shared":true,"jetpack_social_options":{"image_generator_settings":{"template":"highway","default_image_id":0,"font":"","enabled":false},"version":2},"_wpas_customize_per_network":false},"categories":[85],"tags":[8580,8581,8582,3199],"class_list":["post-47656","post","type-post","status-publish","format-standard","has-post-thumbnail","hentry","category-policial","tag-detienen-delincuentes","tag-robo-en-chivilcoy","tag-robo-en-suipacha","tag-robos-en-mercedes","generate-columns","tablet-grid-50","mobile-grid-100","grid-parent","grid-50"],"jetpack_publicize_connections":[],"jetpack_featured_media_url":"https:\/\/www.hoymercedes.com.ar\/principal\/wp-content\/uploads\/2016\/03\/detencion-9.3.16-2.jpg","wps_subtitle":"Gran operativo policial","jetpack_sharing_enabled":true,"_links":{"self":[{"href":"https:\/\/www.hoymercedes.com.ar\/principal\/wp-json\/wp\/v2\/posts\/47656","targetHints":{"allow":["GET"]}}],"collection":[{"href":"https:\/\/www.hoymercedes.com.ar\/principal\/wp-json\/wp\/v2\/posts"}],"about":[{"href":"https:\/\/www.hoymercedes.com.ar\/principal\/wp-json\/wp\/v2\/types\/post"}],"author":[{"embeddable":true,"href":"https:\/\/www.hoymercedes.com.ar\/principal\/wp-json\/wp\/v2\/users\/1"}],"replies":[{"embeddable":true,"href":"https:\/\/www.hoymercedes.com.ar\/principal\/wp-json\/wp\/v2\/comments?post=47656"}],"version-history":[{"count":0,"href":"https:\/\/www.hoymercedes.com.ar\/principal\/wp-json\/wp\/v2\/posts\/47656\/revisions"}],"wp:featuredmedia":[{"embeddable":true,"href":"https:\/\/www.hoymercedes.com.ar\/principal\/wp-json\/wp\/v2\/media\/47658"}],"wp:attachment":[{"href":"https:\/\/www.hoymercedes.com.ar\/principal\/wp-json\/wp\/v2\/media?parent=47656"}],"wp:term":[{"taxonomy":"category","embeddable":true,"href":"https:\/\/www.hoymercedes.com.ar\/principal\/wp-json\/wp\/v2\/categories?post=47656"},{"taxonomy":"post_tag","embeddable":true,"href":"https:\/\/www.hoymercedes.com.ar\/principal\/wp-json\/wp\/v2\/tags?post=47656"}],"curies":[{"name":"wp","href":"https:\/\/api.w.org\/{rel}","templated":true}]}}