{"id":47741,"date":"2016-03-14T13:18:29","date_gmt":"2016-03-14T16:18:29","guid":{"rendered":"http:\/\/www.hoymercedes.com.ar\/principal\/?p=47741"},"modified":"2016-03-14T13:24:47","modified_gmt":"2016-03-14T16:24:47","slug":"lautaro-ya-esta-en-el-museo-de-suipacha","status":"publish","type":"post","link":"https:\/\/www.hoymercedes.com.ar\/principal\/2016\/03\/14\/lautaro-ya-esta-en-el-museo-de-suipacha\/","title":{"rendered":"Lautaro ya est\u00e1 en el Museo de Suipacha"},"content":{"rendered":"<p><img loading=\"lazy\" decoding=\"async\" data-attachment-id=\"47742\" data-permalink=\"https:\/\/www.hoymercedes.com.ar\/principal\/2016\/03\/14\/lautaro-ya-esta-en-el-museo-de-suipacha\/cultura-gliptodonte-2\/#main\" data-orig-file=\"https:\/\/www.hoymercedes.com.ar\/principal\/wp-content\/uploads\/2016\/03\/cultura-gliptodonte-2.jpg\" data-orig-size=\"640,426\" data-comments-opened=\"1\" data-image-meta=\"{&quot;aperture&quot;:&quot;0&quot;,&quot;credit&quot;:&quot;&quot;,&quot;camera&quot;:&quot;&quot;,&quot;caption&quot;:&quot;&quot;,&quot;created_timestamp&quot;:&quot;0&quot;,&quot;copyright&quot;:&quot;&quot;,&quot;focal_length&quot;:&quot;0&quot;,&quot;iso&quot;:&quot;0&quot;,&quot;shutter_speed&quot;:&quot;0&quot;,&quot;title&quot;:&quot;&quot;,&quot;orientation&quot;:&quot;0&quot;}\" data-image-title=\"cultura gliptodonte 2\" data-image-description=\"\" data-image-caption=\"\" data-large-file=\"https:\/\/www.hoymercedes.com.ar\/principal\/wp-content\/uploads\/2016\/03\/cultura-gliptodonte-2.jpg\" class=\"aligncenter size-medium wp-image-47742\" src=\"https:\/\/www.hoymercedes.com.ar\/principal\/wp-content\/uploads\/2016\/03\/cultura-gliptodonte-2-630x419.jpg\" alt=\"cultura gliptodonte 2\" width=\"630\" height=\"419\" srcset=\"https:\/\/www.hoymercedes.com.ar\/principal\/wp-content\/uploads\/2016\/03\/cultura-gliptodonte-2-630x419.jpg 630w, https:\/\/www.hoymercedes.com.ar\/principal\/wp-content\/uploads\/2016\/03\/cultura-gliptodonte-2-150x100.jpg 150w, https:\/\/www.hoymercedes.com.ar\/principal\/wp-content\/uploads\/2016\/03\/cultura-gliptodonte-2-300x200.jpg 300w, https:\/\/www.hoymercedes.com.ar\/principal\/wp-content\/uploads\/2016\/03\/cultura-gliptodonte-2.jpg 640w\" sizes=\"auto, (max-width: 630px) 100vw, 630px\" \/>Despu\u00e9s de dos meses de trabajo, finalmente el s\u00e1bado pasado extrajeron al Gliptodonte Reticulatus \u00abLautaro\u00bb en las inmediaciones del Arroyo Los Leones en la localidad vecina de Suipacha y ser\u00e1 en el Museo de all\u00ed donde se analice y exponga.<\/p>\n<p>En horas del mediod\u00eda del pasado s\u00e1bado se llev\u00f3 la \u00faltima etapa de la excavaci\u00f3n del gliptodonte hallado en enero pasado. Durante dos meses se trabaj\u00f3 en conjunto entre profesionales de Suipacha y Mercedes para lograr el cometido m\u00e1s importante. Extraer al gliptodonte Lautaro, denominado as\u00ed por uno de los entusiastas investigadores que supo integrar el equipo de j\u00f3venes del Museo \u201cJos\u00e9 Manuel Estrada\u201d de Suipacha, fue trabajoso. Lo que se encontr\u00f3 es la cubierta de un gliptodonte, que era blindada con secciones o cuernos de hueso entre la \u00abcoraza\u00bb y la cola. Se extingui\u00f3 hace aproximadamente entre 10.000 y 8.500 a\u00f1os, pero su huella sigue presente en la pampa a trav\u00e9s de los f\u00f3siles.<\/p>\n<p>Ahora, el Gliptodonte Lautaro, se convertir\u00e1 en objeto de estudio para los especialistas, pero es importante destacar que por la legislaci\u00f3n vigente en Suipacha, sus restos deben quedarse en el museo de Suipacha.<\/p>\n<p>En el equipo que particip\u00f3 de la investigaci\u00f3n y extracci\u00f3n se encontraban integrantes del Museo Municipal de Ciencias Naturales \u201cCarlos Ameghino\u201d de Mercedes, particularmente H\u00e9ctor Arzani, y Gabriel Acu\u00f1a Suarez y los colaboradores Sonia Lanzelloti, Guillermo Arrieta y Mario Landi. Adem\u00e1s del Director Provincial de Museos y preservaci\u00f3n del Patrimonio Dr.\u00a0Ricardo L\u00f3pez G\u00f6ttig.<\/p>\n","protected":false},"excerpt":{"rendered":"<p>Despu\u00e9s de dos meses de trabajo, finalmente el s\u00e1bado pasado extrajeron al Gliptodonte Reticulatus \u00abLautaro\u00bb en las inmediaciones del Arroyo &#8230; <a title=\"Lautaro ya est\u00e1 en el Museo de Suipacha\" class=\"read-more\" href=\"https:\/\/www.hoymercedes.com.ar\/principal\/2016\/03\/14\/lautaro-ya-esta-en-el-museo-de-suipacha\/\" aria-label=\"Leer m\u00e1s sobre Lautaro ya est\u00e1 en el Museo de Suipacha\">Leer m\u00e1s<\/a><\/p>\n","protected":false},"author":1,"featured_media":47742,"comment_status":"open","ping_status":"open","sticky":false,"template":"","format":"standard","meta":{"_monsterinsights_skip_tracking":false,"_monsterinsights_sitenote_active":false,"_monsterinsights_sitenote_note":"","_monsterinsights_sitenote_category":0,"jetpack_post_was_ever_published":false,"_jetpack_newsletter_access":"","_jetpack_dont_email_post_to_subs":false,"_jetpack_newsletter_tier_id":0,"_jetpack_memberships_contains_paywalled_content":false,"_jetpack_memberships_contains_paid_content":false,"footnotes":"","jetpack_publicize_message":"","jetpack_publicize_feature_enabled":true,"jetpack_social_post_already_shared":true,"jetpack_social_options":{"image_generator_settings":{"template":"highway","default_image_id":0,"font":"","enabled":false},"version":2},"_wpas_customize_per_network":false},"categories":[8],"tags":[8603,7805,8601,8602,8600,559],"class_list":["post-47741","post","type-post","status-publish","format-standard","has-post-thumbnail","hentry","category-sociedad","tag-ciencias-naturales","tag-cultura","tag-excavacion","tag-gliptodonte","tag-paleontologia","tag-suipacha","generate-columns","tablet-grid-50","mobile-grid-100","grid-parent","grid-50"],"jetpack_publicize_connections":[],"jetpack_featured_media_url":"https:\/\/www.hoymercedes.com.ar\/principal\/wp-content\/uploads\/2016\/03\/cultura-gliptodonte-2.jpg","wps_subtitle":"Excavaci\u00f3n paleontol\u00f3gica en Los Leones","jetpack_sharing_enabled":true,"_links":{"self":[{"href":"https:\/\/www.hoymercedes.com.ar\/principal\/wp-json\/wp\/v2\/posts\/47741","targetHints":{"allow":["GET"]}}],"collection":[{"href":"https:\/\/www.hoymercedes.com.ar\/principal\/wp-json\/wp\/v2\/posts"}],"about":[{"href":"https:\/\/www.hoymercedes.com.ar\/principal\/wp-json\/wp\/v2\/types\/post"}],"author":[{"embeddable":true,"href":"https:\/\/www.hoymercedes.com.ar\/principal\/wp-json\/wp\/v2\/users\/1"}],"replies":[{"embeddable":true,"href":"https:\/\/www.hoymercedes.com.ar\/principal\/wp-json\/wp\/v2\/comments?post=47741"}],"version-history":[{"count":0,"href":"https:\/\/www.hoymercedes.com.ar\/principal\/wp-json\/wp\/v2\/posts\/47741\/revisions"}],"wp:featuredmedia":[{"embeddable":true,"href":"https:\/\/www.hoymercedes.com.ar\/principal\/wp-json\/wp\/v2\/media\/47742"}],"wp:attachment":[{"href":"https:\/\/www.hoymercedes.com.ar\/principal\/wp-json\/wp\/v2\/media?parent=47741"}],"wp:term":[{"taxonomy":"category","embeddable":true,"href":"https:\/\/www.hoymercedes.com.ar\/principal\/wp-json\/wp\/v2\/categories?post=47741"},{"taxonomy":"post_tag","embeddable":true,"href":"https:\/\/www.hoymercedes.com.ar\/principal\/wp-json\/wp\/v2\/tags?post=47741"}],"curies":[{"name":"wp","href":"https:\/\/api.w.org\/{rel}","templated":true}]}}