{"id":47745,"date":"2016-03-14T15:26:46","date_gmt":"2016-03-14T18:26:46","guid":{"rendered":"http:\/\/www.hoymercedes.com.ar\/principal\/?p=47745"},"modified":"2016-03-14T13:40:23","modified_gmt":"2016-03-14T16:40:23","slug":"el-ing-romanazzi-brindara-charla-en-la-ciudad","status":"publish","type":"post","link":"https:\/\/www.hoymercedes.com.ar\/principal\/2016\/03\/14\/el-ing-romanazzi-brindara-charla-en-la-ciudad\/","title":{"rendered":"El Ing. Romanazzi brindar\u00e1 charla en la ciudad"},"content":{"rendered":"<p><img loading=\"lazy\" decoding=\"async\" data-attachment-id=\"47747\" data-permalink=\"https:\/\/www.hoymercedes.com.ar\/principal\/2016\/03\/14\/el-ing-romanazzi-brindara-charla-en-la-ciudad\/cestari-3\/#main\" data-orig-file=\"https:\/\/www.hoymercedes.com.ar\/principal\/wp-content\/uploads\/2016\/03\/cestari.jpg\" data-orig-size=\"640,427\" data-comments-opened=\"1\" data-image-meta=\"{&quot;aperture&quot;:&quot;0&quot;,&quot;credit&quot;:&quot;&quot;,&quot;camera&quot;:&quot;&quot;,&quot;caption&quot;:&quot;&quot;,&quot;created_timestamp&quot;:&quot;0&quot;,&quot;copyright&quot;:&quot;&quot;,&quot;focal_length&quot;:&quot;0&quot;,&quot;iso&quot;:&quot;0&quot;,&quot;shutter_speed&quot;:&quot;0&quot;,&quot;title&quot;:&quot;&quot;,&quot;orientation&quot;:&quot;0&quot;}\" data-image-title=\"cestari\" data-image-description=\"\" data-image-caption=\"\" data-large-file=\"https:\/\/www.hoymercedes.com.ar\/principal\/wp-content\/uploads\/2016\/03\/cestari.jpg\" class=\"aligncenter size-medium wp-image-47747\" src=\"https:\/\/www.hoymercedes.com.ar\/principal\/wp-content\/uploads\/2016\/03\/cestari-630x420.jpg\" alt=\"cestari\" width=\"630\" height=\"420\" srcset=\"https:\/\/www.hoymercedes.com.ar\/principal\/wp-content\/uploads\/2016\/03\/cestari-630x420.jpg 630w, https:\/\/www.hoymercedes.com.ar\/principal\/wp-content\/uploads\/2016\/03\/cestari-150x100.jpg 150w, https:\/\/www.hoymercedes.com.ar\/principal\/wp-content\/uploads\/2016\/03\/cestari-300x200.jpg 300w, https:\/\/www.hoymercedes.com.ar\/principal\/wp-content\/uploads\/2016\/03\/cestari.jpg 640w\" sizes=\"auto, (max-width: 630px) 100vw, 630px\" \/>El concejal de la Agrupaci\u00f3n Vecinal Mercedina, Jos\u00e9 Cestari, anunci\u00f3, e hizo extensiva la invitaci\u00f3n, la presencia en Mercedes del Ingeniero\u00a0Pablo Romanazzi, docente e investigador de la Facultad de Ingenier\u00eda de la Universidad Nacional de La Plata en el \u00e1rea de Hidrolog\u00eda y Director de Servicios Tecnol\u00f3gicos de la Comisi\u00f3n de Investigaciones Cient\u00edficas de la PBA.<\/p>\n<p>El d\u00eda jueves 17 de marzo, el ingeniero brindar\u00e1 una exposici\u00f3n sobre \u201cInundaciones urbanas y rurales en Mercedes\u201d. A partir de la hora 9, en el Sal\u00f3n del Concejo Deliberante, Romanazzi expondr\u00e1 parte de sus estudios cient\u00edficos sobre la relaci\u00f3n \u00abcompleja y traum\u00e1tica\u00bb que existe entre las lluvias y el entramado urbano. Alertas que anuncia de manera permanente y que \u00abno son escuchadas\u00bb.<\/p>\n<p>De acuerdo a lo explicado por el Concejal Cestari, especializado en geograf\u00eda como docente y investigador, \u00ablas precipitaciones vienen aumentando en la cuenca del r\u00edo Luj\u00e1n, son m\u00e1s frecuentes e intensas\u00bb. A lo que agrega: \u00abSumado a la falta de inversi\u00f3n en obras h\u00eddricas, planes de contingencia y monitoreo, generan que cada vez tengamos m\u00e1s inundados.\u00a0La problem\u00e1tica est\u00e1 en la agenda del Gobierno de la Provincia de Buenos Aires, que debe escuchar a los municipios, al Comit\u00e9 de Cuencas del r\u00edo Luj\u00e1n y a los cient\u00edficos, para llevar a cabo las obras y acciones necesarias para disminuir el impacto de las inundaciones\u00bb.<\/p>\n","protected":false},"excerpt":{"rendered":"<p>El concejal de la Agrupaci\u00f3n Vecinal Mercedina, Jos\u00e9 Cestari, anunci\u00f3, e hizo extensiva la invitaci\u00f3n, la presencia en Mercedes del &#8230; <a title=\"El Ing. Romanazzi brindar\u00e1 charla en la ciudad\" class=\"read-more\" href=\"https:\/\/www.hoymercedes.com.ar\/principal\/2016\/03\/14\/el-ing-romanazzi-brindara-charla-en-la-ciudad\/\" aria-label=\"Leer m\u00e1s sobre El Ing. Romanazzi brindar\u00e1 charla en la ciudad\">Leer m\u00e1s<\/a><\/p>\n","protected":false},"author":1,"featured_media":47747,"comment_status":"open","ping_status":"open","sticky":false,"template":"","format":"standard","meta":{"_monsterinsights_skip_tracking":false,"_monsterinsights_sitenote_active":false,"_monsterinsights_sitenote_note":"","_monsterinsights_sitenote_category":0,"jetpack_post_was_ever_published":false,"_jetpack_newsletter_access":"","_jetpack_dont_email_post_to_subs":false,"_jetpack_newsletter_tier_id":0,"_jetpack_memberships_contains_paywalled_content":false,"_jetpack_memberships_contains_paid_content":false,"footnotes":"","jetpack_publicize_message":"","jetpack_publicize_feature_enabled":true,"jetpack_social_post_already_shared":true,"jetpack_social_options":{"image_generator_settings":{"template":"highway","default_image_id":0,"font":"","enabled":false},"version":2},"_wpas_customize_per_network":false},"categories":[5],"tags":[79,6540,8605,15,2652,402,8604,8606],"class_list":["post-47745","post","type-post","status-publish","format-standard","has-post-thumbnail","hentry","category-politica","tag-cestari","tag-charla","tag-cuenca","tag-hcd","tag-inundacion","tag-rio-lujan","tag-romanazzai","tag-vecinalismo","generate-columns","tablet-grid-50","mobile-grid-100","grid-parent","grid-50"],"jetpack_publicize_connections":[],"jetpack_featured_media_url":"https:\/\/www.hoymercedes.com.ar\/principal\/wp-content\/uploads\/2016\/03\/cestari.jpg","wps_subtitle":"Para mitigar las inundaciones","jetpack_sharing_enabled":true,"_links":{"self":[{"href":"https:\/\/www.hoymercedes.com.ar\/principal\/wp-json\/wp\/v2\/posts\/47745","targetHints":{"allow":["GET"]}}],"collection":[{"href":"https:\/\/www.hoymercedes.com.ar\/principal\/wp-json\/wp\/v2\/posts"}],"about":[{"href":"https:\/\/www.hoymercedes.com.ar\/principal\/wp-json\/wp\/v2\/types\/post"}],"author":[{"embeddable":true,"href":"https:\/\/www.hoymercedes.com.ar\/principal\/wp-json\/wp\/v2\/users\/1"}],"replies":[{"embeddable":true,"href":"https:\/\/www.hoymercedes.com.ar\/principal\/wp-json\/wp\/v2\/comments?post=47745"}],"version-history":[{"count":0,"href":"https:\/\/www.hoymercedes.com.ar\/principal\/wp-json\/wp\/v2\/posts\/47745\/revisions"}],"wp:featuredmedia":[{"embeddable":true,"href":"https:\/\/www.hoymercedes.com.ar\/principal\/wp-json\/wp\/v2\/media\/47747"}],"wp:attachment":[{"href":"https:\/\/www.hoymercedes.com.ar\/principal\/wp-json\/wp\/v2\/media?parent=47745"}],"wp:term":[{"taxonomy":"category","embeddable":true,"href":"https:\/\/www.hoymercedes.com.ar\/principal\/wp-json\/wp\/v2\/categories?post=47745"},{"taxonomy":"post_tag","embeddable":true,"href":"https:\/\/www.hoymercedes.com.ar\/principal\/wp-json\/wp\/v2\/tags?post=47745"}],"curies":[{"name":"wp","href":"https:\/\/api.w.org\/{rel}","templated":true}]}}