{"id":47763,"date":"2016-03-14T20:49:19","date_gmt":"2016-03-14T23:49:19","guid":{"rendered":"http:\/\/www.hoymercedes.com.ar\/principal\/?p=47763"},"modified":"2016-03-15T13:38:34","modified_gmt":"2016-03-15T16:38:34","slug":"comenzaron-las-actividades-en-el-mes-de-la-memoria","status":"publish","type":"post","link":"https:\/\/www.hoymercedes.com.ar\/principal\/2016\/03\/14\/comenzaron-las-actividades-en-el-mes-de-la-memoria\/","title":{"rendered":"Comenzaron las actividades en el Mes de la Memoria"},"content":{"rendered":"<p><img loading=\"lazy\" decoding=\"async\" data-attachment-id=\"47775\" data-permalink=\"https:\/\/www.hoymercedes.com.ar\/principal\/2016\/03\/14\/comenzaron-las-actividades-en-el-mes-de-la-memoria\/mes-memoria\/#main\" data-orig-file=\"https:\/\/www.hoymercedes.com.ar\/principal\/wp-content\/uploads\/2016\/03\/mes-memoria.jpg\" data-orig-size=\"640,427\" data-comments-opened=\"1\" data-image-meta=\"{&quot;aperture&quot;:&quot;0&quot;,&quot;credit&quot;:&quot;&quot;,&quot;camera&quot;:&quot;&quot;,&quot;caption&quot;:&quot;&quot;,&quot;created_timestamp&quot;:&quot;0&quot;,&quot;copyright&quot;:&quot;&quot;,&quot;focal_length&quot;:&quot;0&quot;,&quot;iso&quot;:&quot;0&quot;,&quot;shutter_speed&quot;:&quot;0&quot;,&quot;title&quot;:&quot;&quot;,&quot;orientation&quot;:&quot;0&quot;}\" data-image-title=\"mes memoria\" data-image-description=\"\" data-image-caption=\"\" data-large-file=\"https:\/\/www.hoymercedes.com.ar\/principal\/wp-content\/uploads\/2016\/03\/mes-memoria.jpg\" class=\"aligncenter size-medium wp-image-47775\" src=\"https:\/\/www.hoymercedes.com.ar\/principal\/wp-content\/uploads\/2016\/03\/mes-memoria-630x420.jpg\" alt=\"mes memoria\" width=\"630\" height=\"420\" srcset=\"https:\/\/www.hoymercedes.com.ar\/principal\/wp-content\/uploads\/2016\/03\/mes-memoria-630x420.jpg 630w, https:\/\/www.hoymercedes.com.ar\/principal\/wp-content\/uploads\/2016\/03\/mes-memoria-150x100.jpg 150w, https:\/\/www.hoymercedes.com.ar\/principal\/wp-content\/uploads\/2016\/03\/mes-memoria-300x200.jpg 300w, https:\/\/www.hoymercedes.com.ar\/principal\/wp-content\/uploads\/2016\/03\/mes-memoria.jpg 640w\" sizes=\"auto, (max-width: 630px) 100vw, 630px\" \/>La\u00a0 Municipalidad de Mercedes a trav\u00e9s de la Direcci\u00f3n de Cultura y Educaci\u00f3n en conjunto con la Comisi\u00f3n Municipal de la Memoria, y Comisi\u00f3n de Familiares y Amigos de Detenidos-Desaparecidos y Asesinados de la Ciudad de Mercedes por la Dictadura C\u00edvico-Militar, tienen el agrado de anunciar la realizaci\u00f3n de un Ciclo de Actividades que se enmarcan en el Mes de la Memoria.<\/p>\n<p>Las actividades comenzaron en la ma\u00f1ana del lunes 14 de marzo y continuar\u00e1n hasta fin de mes.<\/p>\n<p>Cronograma de Actividades<br \/>\nPEATONAL DE LA MEMORIA<\/p>\n<p>Jueves 17 y viernes 18 (19.00 hs.) Calle 25 e\/ 20 y 24.<\/p>\n<p>\u00b7\u00a0\u00a0\u00a0\u00a0\u00a0\u00a0\u00a0\u00a0 Presentaci\u00f3n de \u201cAl Margen\u201d Colectivo Cultural:<\/p>\n<p>&#8211;\u00a0\u00a0\u00a0\u00a0\u00a0\u00a0\u00a0\u00a0\u00a0 Arte Pl\u00e1stico: Gladys Ares, Pablo Russo<\/p>\n<p>&#8211;\u00a0\u00a0\u00a0\u00a0\u00a0\u00a0\u00a0\u00a0\u00a0 M\u00fasicos: Mariel Solari, Ariel Schfrik, Pedro Martini, Marcelo Giorgione, Pedro DeLuca, Rodrigo Actis, Juan Habberman, Eliana Ramponi.<\/p>\n<p>&nbsp;<\/p>\n<p>PRESENTACI\u00d3N DEL LIBRO \u201cEL NI\u00d1O AZUL\u201d DE MIGUEL REP<\/p>\n<p>Domingo 20 (18.30 hs.) Centro Cultural La Trocha<\/p>\n<p>\u00b7\u00a0\u00a0\u00a0\u00a0\u00a0\u00a0\u00a0 Presentaci\u00f3n del libro \u00abEl Ni\u00f1o Azul. En el Campus de la Poes\u00eda\u00bb, una antolog\u00eda de tiras publicadas por Miguel Rep en el diario P\u00e1gina 12; la cita ser\u00e1 el domingo 20 de marzo en el Centro Cultural La Trocha a las 20.30 hs. con entrada libre y gratuita.<\/p>\n<p>El autor estar\u00e1 acompa\u00f1ado con artistas de nuestra ciudad:\u00a0Juan Feerandis,\u00a0Alicia Lennard,\u00a0Marcos Tabossi y\u00a0Eliana Ramponi<br \/>\nINAUGURACI\u00d3N \u201cMEMORIA\u201d DE MARCELA BROWN<\/p>\n<p>Martes 22. (20 hs.)<\/p>\n<p>\u00b7\u00a0\u00a0\u00a0\u00a0\u00a0\u00a0\u00a0 Inauguraci\u00f3n de la muestra \u201cLA MEMORIA\u201d\u00a0 de Marcela Brown.<\/p>\n<p>Museo del\u00a0 Arte de la Municipalidad de Mercedes<\/p>\n<p>VIGILIA POR MEMORIA, VERDAD Y JUSTICIA<\/p>\n<p>Mi\u00e9rcoles 23. (20 hs.) Teatro Argentino.<\/p>\n<p>\u00b7\u00a0\u00a0\u00a0\u00a0\u00a0\u00a0\u00a0 Inauguraci\u00f3n de la muestra \u201c21-119\u201d de Diego Cirulli.<\/p>\n<p>\u201cInstalaci\u00f3n de 21 retratos de mujeres que dieron a luz cautivas en la ESMA durante la \u00faltima dictadura militar Investigaci\u00f3n que permiti\u00f3 conocer el trabajo realizado para la restituci\u00f3n de 119 identidades (hasta la fecha de la muestra) de un total de 500 v\u00edctimas del plan de apropiaci\u00f3n de beb\u00e9s.<\/p>\n<p>Mi\u00e9rcoles 23 (21 hs.). Plaza San Mart\u00edn<\/p>\n<p>\u00b7\u00a0\u00a0\u00a0\u00a0\u00a0\u00a0\u00a0 Actividades, manifestaciones y expresiones art\u00edsticas relativas a los 40 a\u00f1os del golpe c\u00edvico-militar.<\/p>\n<p>ACTO OFICIAL<\/p>\n<p>Jueves 24 (10 hs.). Plaza San Mart\u00edn<\/p>\n<p>ACTIVIDADES VARIAS<\/p>\n<p>S\u00e1bado 26 (19 hs.). Frente al Teatro Argentino.\u00a0M\u00fasica con Juan Habbermann y Claudio Zemoglio<\/p>\n<p>Domingo 27 (19 hs.) Tiempo de Papel.\u00a0Eliana Ramponi (Ciclo Cronopios) y\u00a0Gladys Ares<\/p>\n","protected":false},"excerpt":{"rendered":"<p>La\u00a0 Municipalidad de Mercedes a trav\u00e9s de la Direcci\u00f3n de Cultura y Educaci\u00f3n en conjunto con la Comisi\u00f3n Municipal de &#8230; <a title=\"Comenzaron las actividades en el Mes de la Memoria\" class=\"read-more\" href=\"https:\/\/www.hoymercedes.com.ar\/principal\/2016\/03\/14\/comenzaron-las-actividades-en-el-mes-de-la-memoria\/\" aria-label=\"Leer m\u00e1s sobre Comenzaron las actividades en el Mes de la Memoria\">Leer m\u00e1s<\/a><\/p>\n","protected":false},"author":1,"featured_media":47775,"comment_status":"open","ping_status":"open","sticky":false,"template":"","format":"standard","meta":{"_monsterinsights_skip_tracking":false,"_monsterinsights_sitenote_active":false,"_monsterinsights_sitenote_note":"","_monsterinsights_sitenote_category":0,"jetpack_post_was_ever_published":false,"_jetpack_newsletter_access":"","_jetpack_dont_email_post_to_subs":false,"_jetpack_newsletter_tier_id":0,"_jetpack_memberships_contains_paywalled_content":false,"_jetpack_memberships_contains_paid_content":false,"footnotes":"","jetpack_publicize_message":"","jetpack_publicize_feature_enabled":true,"jetpack_social_post_already_shared":true,"jetpack_social_options":{"image_generator_settings":{"template":"highway","default_image_id":0,"font":"","enabled":false},"version":2},"_wpas_customize_per_network":false},"categories":[30],"tags":[4935,2468,8618,244],"class_list":["post-47763","post","type-post","status-publish","format-standard","has-post-thumbnail","hentry","category-municipio","tag-memoria","tag-actividades","tag-cronograma","tag-municipio-2","generate-columns","tablet-grid-50","mobile-grid-100","grid-parent","grid-50"],"jetpack_publicize_connections":[],"jetpack_featured_media_url":"https:\/\/www.hoymercedes.com.ar\/principal\/wp-content\/uploads\/2016\/03\/mes-memoria.jpg","wps_subtitle":"Memoria, Verdad y Justicia","jetpack_sharing_enabled":true,"_links":{"self":[{"href":"https:\/\/www.hoymercedes.com.ar\/principal\/wp-json\/wp\/v2\/posts\/47763","targetHints":{"allow":["GET"]}}],"collection":[{"href":"https:\/\/www.hoymercedes.com.ar\/principal\/wp-json\/wp\/v2\/posts"}],"about":[{"href":"https:\/\/www.hoymercedes.com.ar\/principal\/wp-json\/wp\/v2\/types\/post"}],"author":[{"embeddable":true,"href":"https:\/\/www.hoymercedes.com.ar\/principal\/wp-json\/wp\/v2\/users\/1"}],"replies":[{"embeddable":true,"href":"https:\/\/www.hoymercedes.com.ar\/principal\/wp-json\/wp\/v2\/comments?post=47763"}],"version-history":[{"count":0,"href":"https:\/\/www.hoymercedes.com.ar\/principal\/wp-json\/wp\/v2\/posts\/47763\/revisions"}],"wp:featuredmedia":[{"embeddable":true,"href":"https:\/\/www.hoymercedes.com.ar\/principal\/wp-json\/wp\/v2\/media\/47775"}],"wp:attachment":[{"href":"https:\/\/www.hoymercedes.com.ar\/principal\/wp-json\/wp\/v2\/media?parent=47763"}],"wp:term":[{"taxonomy":"category","embeddable":true,"href":"https:\/\/www.hoymercedes.com.ar\/principal\/wp-json\/wp\/v2\/categories?post=47763"},{"taxonomy":"post_tag","embeddable":true,"href":"https:\/\/www.hoymercedes.com.ar\/principal\/wp-json\/wp\/v2\/tags?post=47763"}],"curies":[{"name":"wp","href":"https:\/\/api.w.org\/{rel}","templated":true}]}}