{"id":47771,"date":"2016-03-15T14:26:21","date_gmt":"2016-03-15T17:26:21","guid":{"rendered":"http:\/\/www.hoymercedes.com.ar\/principal\/?p=47771"},"modified":"2016-03-15T14:26:21","modified_gmt":"2016-03-15T17:26:21","slug":"licitaron-obras-para-el-jardin-911","status":"publish","type":"post","link":"https:\/\/www.hoymercedes.com.ar\/principal\/2016\/03\/15\/licitaron-obras-para-el-jardin-911\/","title":{"rendered":"Licitaron obras para el Jard\u00edn 911"},"content":{"rendered":"<p><img loading=\"lazy\" decoding=\"async\" data-attachment-id=\"47773\" data-permalink=\"https:\/\/www.hoymercedes.com.ar\/principal\/2016\/03\/15\/licitaron-obras-para-el-jardin-911\/img_20160314_202642\/#main\" data-orig-file=\"https:\/\/www.hoymercedes.com.ar\/principal\/wp-content\/uploads\/2016\/03\/IMG_20160314_202642.jpg\" data-orig-size=\"640,360\" data-comments-opened=\"1\" data-image-meta=\"{&quot;aperture&quot;:&quot;0&quot;,&quot;credit&quot;:&quot;&quot;,&quot;camera&quot;:&quot;&quot;,&quot;caption&quot;:&quot;&quot;,&quot;created_timestamp&quot;:&quot;0&quot;,&quot;copyright&quot;:&quot;&quot;,&quot;focal_length&quot;:&quot;0&quot;,&quot;iso&quot;:&quot;0&quot;,&quot;shutter_speed&quot;:&quot;0&quot;,&quot;title&quot;:&quot;&quot;,&quot;orientation&quot;:&quot;0&quot;}\" data-image-title=\"IMG_20160314_202642\" data-image-description=\"\" data-image-caption=\"\" data-large-file=\"https:\/\/www.hoymercedes.com.ar\/principal\/wp-content\/uploads\/2016\/03\/IMG_20160314_202642.jpg\" class=\"aligncenter size-medium wp-image-47773\" src=\"https:\/\/www.hoymercedes.com.ar\/principal\/wp-content\/uploads\/2016\/03\/IMG_20160314_202642-630x354.jpg\" alt=\"IMG_20160314_202642\" width=\"630\" height=\"354\" srcset=\"https:\/\/www.hoymercedes.com.ar\/principal\/wp-content\/uploads\/2016\/03\/IMG_20160314_202642-630x354.jpg 630w, https:\/\/www.hoymercedes.com.ar\/principal\/wp-content\/uploads\/2016\/03\/IMG_20160314_202642-150x84.jpg 150w, https:\/\/www.hoymercedes.com.ar\/principal\/wp-content\/uploads\/2016\/03\/IMG_20160314_202642.jpg 640w\" sizes=\"auto, (max-width: 630px) 100vw, 630px\" \/>D\u00edas atr\u00e1s se llev\u00f3 adelante la apertura de sobre de la licitaci\u00f3n para hacer una obra en el Jard\u00edn de Infantes 911 de Altamira. La obra a realizar es el arreglo en un techo y el alero de un costado, ya que una tormenta lo averi\u00f3. De acuerdo a las autoridades del Consejo Escolar la obra comenzar\u00e1 a realizarse la pr\u00f3xima semana.<\/p>\n","protected":false},"excerpt":{"rendered":"<p>D\u00edas atr\u00e1s se llev\u00f3 adelante la apertura de sobre de la licitaci\u00f3n para hacer una obra en el Jard\u00edn de &#8230; <a title=\"Licitaron obras para el Jard\u00edn 911\" class=\"read-more\" href=\"https:\/\/www.hoymercedes.com.ar\/principal\/2016\/03\/15\/licitaron-obras-para-el-jardin-911\/\" aria-label=\"Leer m\u00e1s sobre Licitaron obras para el Jard\u00edn 911\">Leer m\u00e1s<\/a><\/p>\n","protected":false},"author":1,"featured_media":47773,"comment_status":"open","ping_status":"open","sticky":false,"template":"","format":"standard","meta":{"_monsterinsights_skip_tracking":false,"_monsterinsights_sitenote_active":false,"_monsterinsights_sitenote_note":"","_monsterinsights_sitenote_category":0,"jetpack_post_was_ever_published":false,"_jetpack_newsletter_access":"","_jetpack_dont_email_post_to_subs":false,"_jetpack_newsletter_tier_id":0,"_jetpack_memberships_contains_paywalled_content":false,"_jetpack_memberships_contains_paid_content":false,"footnotes":"","jetpack_publicize_message":"","jetpack_publicize_feature_enabled":true,"jetpack_social_post_already_shared":true,"jetpack_social_options":{"image_generator_settings":{"template":"highway","default_image_id":0,"font":"","enabled":false},"version":2},"_wpas_customize_per_network":false},"categories":[23],"tags":[8620,1317,47,8619,1014],"class_list":["post-47771","post","type-post","status-publish","format-standard","has-post-thumbnail","hentry","category-educacion","tag-arreglos","tag-consejo-escolar","tag-educacion-2","tag-licitacion","tag-obras","generate-columns","tablet-grid-50","mobile-grid-100","grid-parent","grid-50"],"jetpack_publicize_connections":[],"jetpack_featured_media_url":"https:\/\/www.hoymercedes.com.ar\/principal\/wp-content\/uploads\/2016\/03\/IMG_20160314_202642.jpg","wps_subtitle":"Arreglos en el edificio","jetpack_sharing_enabled":true,"_links":{"self":[{"href":"https:\/\/www.hoymercedes.com.ar\/principal\/wp-json\/wp\/v2\/posts\/47771","targetHints":{"allow":["GET"]}}],"collection":[{"href":"https:\/\/www.hoymercedes.com.ar\/principal\/wp-json\/wp\/v2\/posts"}],"about":[{"href":"https:\/\/www.hoymercedes.com.ar\/principal\/wp-json\/wp\/v2\/types\/post"}],"author":[{"embeddable":true,"href":"https:\/\/www.hoymercedes.com.ar\/principal\/wp-json\/wp\/v2\/users\/1"}],"replies":[{"embeddable":true,"href":"https:\/\/www.hoymercedes.com.ar\/principal\/wp-json\/wp\/v2\/comments?post=47771"}],"version-history":[{"count":0,"href":"https:\/\/www.hoymercedes.com.ar\/principal\/wp-json\/wp\/v2\/posts\/47771\/revisions"}],"wp:featuredmedia":[{"embeddable":true,"href":"https:\/\/www.hoymercedes.com.ar\/principal\/wp-json\/wp\/v2\/media\/47773"}],"wp:attachment":[{"href":"https:\/\/www.hoymercedes.com.ar\/principal\/wp-json\/wp\/v2\/media?parent=47771"}],"wp:term":[{"taxonomy":"category","embeddable":true,"href":"https:\/\/www.hoymercedes.com.ar\/principal\/wp-json\/wp\/v2\/categories?post=47771"},{"taxonomy":"post_tag","embeddable":true,"href":"https:\/\/www.hoymercedes.com.ar\/principal\/wp-json\/wp\/v2\/tags?post=47771"}],"curies":[{"name":"wp","href":"https:\/\/api.w.org\/{rel}","templated":true}]}}