{"id":47799,"date":"2016-03-15T20:59:32","date_gmt":"2016-03-15T23:59:32","guid":{"rendered":"http:\/\/www.hoymercedes.com.ar\/principal\/?p=47799"},"modified":"2016-03-16T14:07:47","modified_gmt":"2016-03-16T17:07:47","slug":"presentaron-nuevo-esquema-de-atencion-primaria","status":"publish","type":"post","link":"https:\/\/www.hoymercedes.com.ar\/principal\/2016\/03\/15\/presentaron-nuevo-esquema-de-atencion-primaria\/","title":{"rendered":"Presentaron nuevo esquema de Atenci\u00f3n Primaria"},"content":{"rendered":"<p><img loading=\"lazy\" decoding=\"async\" data-attachment-id=\"47800\" data-permalink=\"https:\/\/www.hoymercedes.com.ar\/principal\/2016\/03\/15\/presentaron-nuevo-esquema-de-atencion-primaria\/aps-salud\/#main\" data-orig-file=\"https:\/\/www.hoymercedes.com.ar\/principal\/wp-content\/uploads\/2016\/03\/APS-salud.jpg\" data-orig-size=\"640,427\" data-comments-opened=\"1\" data-image-meta=\"{&quot;aperture&quot;:&quot;0&quot;,&quot;credit&quot;:&quot;&quot;,&quot;camera&quot;:&quot;&quot;,&quot;caption&quot;:&quot;&quot;,&quot;created_timestamp&quot;:&quot;0&quot;,&quot;copyright&quot;:&quot;&quot;,&quot;focal_length&quot;:&quot;0&quot;,&quot;iso&quot;:&quot;0&quot;,&quot;shutter_speed&quot;:&quot;0&quot;,&quot;title&quot;:&quot;&quot;,&quot;orientation&quot;:&quot;0&quot;}\" data-image-title=\"APS salud\" data-image-description=\"\" data-image-caption=\"\" data-large-file=\"https:\/\/www.hoymercedes.com.ar\/principal\/wp-content\/uploads\/2016\/03\/APS-salud.jpg\" class=\"aligncenter size-medium wp-image-47800\" src=\"https:\/\/www.hoymercedes.com.ar\/principal\/wp-content\/uploads\/2016\/03\/APS-salud-630x420.jpg\" alt=\"APS salud\" width=\"630\" height=\"420\" srcset=\"https:\/\/www.hoymercedes.com.ar\/principal\/wp-content\/uploads\/2016\/03\/APS-salud-630x420.jpg 630w, https:\/\/www.hoymercedes.com.ar\/principal\/wp-content\/uploads\/2016\/03\/APS-salud-150x100.jpg 150w, https:\/\/www.hoymercedes.com.ar\/principal\/wp-content\/uploads\/2016\/03\/APS-salud-300x200.jpg 300w, https:\/\/www.hoymercedes.com.ar\/principal\/wp-content\/uploads\/2016\/03\/APS-salud.jpg 640w\" sizes=\"auto, (max-width: 630px) 100vw, 630px\" \/>En la tarde del martes 15 de marzo, se llev\u00f3 adelante la presentaci\u00f3n del nuevo esquema territorial de Atenci\u00f3n Primaria de la Salud (APS), proyecto dentro de la Secretar\u00eda de Salud que dirige el Dr. Pablo Cassiani.<\/p>\n<p>En el recinto del Concejo Deliberante, el Dr. Cassiani, junto a la responsable de APS, la Dra. Marina Geracitano, dieron cuenta del proyecto de regionalizar los Centros de Atenci\u00f3n Primaria (CAPS) de la ciudad con el fin de mejorar el sistema sanitario municipal.<\/p>\n<p>De acuerdo a lo explicado por la Dra. Geracitano, los coordinadores del \u00e1rea de APS son Mart\u00edn Avalle y la doctora Betiana Gonz\u00e1lez, entre otros. Adem\u00e1s explic\u00f3 el organigrama de la Secretar\u00eda de Salud y destac\u00f3 el apoyo del \u00e1rea de planificaci\u00f3n y a los profesionales a cargo. \u201cNos ayudan y simplifican nuestro trabajo\u201d, indic\u00f3 la m\u00e9dica, y dej\u00f3 en claro que hay un sistema inform\u00e1tico que permite llevar estad\u00edsticas, entre otras cuestiones.<\/p>\n<p>Entre las metas del \u00e1rea de Atenci\u00f3n Primaria de la Salud, destacaron tener\u00a0un sistema integrado de salud y regionalizaci\u00f3n; la articulaci\u00f3n con el Hospital, Provincia y Naci\u00f3n; el cuidado continuo e integral de la comunidad; y la construcci\u00f3n participativa del primer nivel de atenci\u00f3n (trabajadores y comunidad). Y, por \u00faltimo, hablaron\u00a0del \u201cacompa\u00f1amiento en la formaci\u00f3n de equipos\u201d.<\/p>\n<p>&nbsp;<\/p>\n<p>Asimismo, los m\u00e9dicos destacaron la importancia del trabajo en red entre los Centros de Salud Municipal y el Hospital Dubarry, como centro de atenci\u00f3n de segundo grado.<\/p>\n","protected":false},"excerpt":{"rendered":"<p>En la tarde del martes 15 de marzo, se llev\u00f3 adelante la presentaci\u00f3n del nuevo esquema territorial de Atenci\u00f3n Primaria &#8230; <a title=\"Presentaron nuevo esquema de Atenci\u00f3n Primaria\" class=\"read-more\" href=\"https:\/\/www.hoymercedes.com.ar\/principal\/2016\/03\/15\/presentaron-nuevo-esquema-de-atencion-primaria\/\" aria-label=\"Leer m\u00e1s sobre Presentaron nuevo esquema de Atenci\u00f3n Primaria\">Leer m\u00e1s<\/a><\/p>\n","protected":false},"author":1,"featured_media":47800,"comment_status":"open","ping_status":"open","sticky":false,"template":"","format":"standard","meta":{"_monsterinsights_skip_tracking":false,"_monsterinsights_sitenote_active":false,"_monsterinsights_sitenote_note":"","_monsterinsights_sitenote_category":0,"jetpack_post_was_ever_published":false,"_jetpack_newsletter_access":"","_jetpack_dont_email_post_to_subs":false,"_jetpack_newsletter_tier_id":0,"_jetpack_memberships_contains_paywalled_content":false,"_jetpack_memberships_contains_paid_content":false,"footnotes":"","jetpack_publicize_message":"","jetpack_publicize_feature_enabled":true,"jetpack_social_post_already_shared":true,"jetpack_social_options":{"image_generator_settings":{"template":"highway","default_image_id":0,"font":"","enabled":false},"version":2},"_wpas_customize_per_network":false},"categories":[30],"tags":[8635,8636,1078,8637,8638,244,134],"class_list":["post-47799","post","type-post","status-publish","format-standard","has-post-thumbnail","hentry","category-municipio","tag-aps","tag-atencion-primaria","tag-caps","tag-cassiani","tag-gerasitano","tag-municipio-2","tag-salud","generate-columns","tablet-grid-50","mobile-grid-100","grid-parent","grid-50"],"jetpack_publicize_connections":[],"jetpack_featured_media_url":"https:\/\/www.hoymercedes.com.ar\/principal\/wp-content\/uploads\/2016\/03\/APS-salud.jpg","wps_subtitle":"En la Secretar\u00eda de Salud","jetpack_sharing_enabled":true,"_links":{"self":[{"href":"https:\/\/www.hoymercedes.com.ar\/principal\/wp-json\/wp\/v2\/posts\/47799","targetHints":{"allow":["GET"]}}],"collection":[{"href":"https:\/\/www.hoymercedes.com.ar\/principal\/wp-json\/wp\/v2\/posts"}],"about":[{"href":"https:\/\/www.hoymercedes.com.ar\/principal\/wp-json\/wp\/v2\/types\/post"}],"author":[{"embeddable":true,"href":"https:\/\/www.hoymercedes.com.ar\/principal\/wp-json\/wp\/v2\/users\/1"}],"replies":[{"embeddable":true,"href":"https:\/\/www.hoymercedes.com.ar\/principal\/wp-json\/wp\/v2\/comments?post=47799"}],"version-history":[{"count":0,"href":"https:\/\/www.hoymercedes.com.ar\/principal\/wp-json\/wp\/v2\/posts\/47799\/revisions"}],"wp:featuredmedia":[{"embeddable":true,"href":"https:\/\/www.hoymercedes.com.ar\/principal\/wp-json\/wp\/v2\/media\/47800"}],"wp:attachment":[{"href":"https:\/\/www.hoymercedes.com.ar\/principal\/wp-json\/wp\/v2\/media?parent=47799"}],"wp:term":[{"taxonomy":"category","embeddable":true,"href":"https:\/\/www.hoymercedes.com.ar\/principal\/wp-json\/wp\/v2\/categories?post=47799"},{"taxonomy":"post_tag","embeddable":true,"href":"https:\/\/www.hoymercedes.com.ar\/principal\/wp-json\/wp\/v2\/tags?post=47799"}],"curies":[{"name":"wp","href":"https:\/\/api.w.org\/{rel}","templated":true}]}}