{"id":47811,"date":"2016-03-16T14:01:08","date_gmt":"2016-03-16T17:01:08","guid":{"rendered":"http:\/\/www.hoymercedes.com.ar\/principal\/?p=47811"},"modified":"2016-03-16T14:01:08","modified_gmt":"2016-03-16T17:01:08","slug":"estreno-simultaneo-de-kung-fu-panda-y-me-case-con-un-b","status":"publish","type":"post","link":"https:\/\/www.hoymercedes.com.ar\/principal\/2016\/03\/16\/estreno-simultaneo-de-kung-fu-panda-y-me-case-con-un-b\/","title":{"rendered":"Estreno simult\u00e1neo de Kung Fu Panda y Me cas\u00e9 con un b&#8230;"},"content":{"rendered":"<p><img loading=\"lazy\" decoding=\"async\" data-attachment-id=\"47812\" data-permalink=\"https:\/\/www.hoymercedes.com.ar\/principal\/2016\/03\/16\/estreno-simultaneo-de-kung-fu-panda-y-me-case-con-un-b\/cine-me-case\/#main\" data-orig-file=\"https:\/\/www.hoymercedes.com.ar\/principal\/wp-content\/uploads\/2016\/03\/cine-me-case.jpg\" data-orig-size=\"598,398\" data-comments-opened=\"1\" data-image-meta=\"{&quot;aperture&quot;:&quot;0&quot;,&quot;credit&quot;:&quot;&quot;,&quot;camera&quot;:&quot;&quot;,&quot;caption&quot;:&quot;&quot;,&quot;created_timestamp&quot;:&quot;0&quot;,&quot;copyright&quot;:&quot;&quot;,&quot;focal_length&quot;:&quot;0&quot;,&quot;iso&quot;:&quot;0&quot;,&quot;shutter_speed&quot;:&quot;0&quot;,&quot;title&quot;:&quot;&quot;,&quot;orientation&quot;:&quot;0&quot;}\" data-image-title=\"cine me case\" data-image-description=\"\" data-image-caption=\"\" data-large-file=\"https:\/\/www.hoymercedes.com.ar\/principal\/wp-content\/uploads\/2016\/03\/cine-me-case.jpg\" class=\"aligncenter size-full wp-image-47812\" src=\"https:\/\/www.hoymercedes.com.ar\/principal\/wp-content\/uploads\/2016\/03\/cine-me-case.jpg\" alt=\"cine me case\" width=\"598\" height=\"398\" srcset=\"https:\/\/www.hoymercedes.com.ar\/principal\/wp-content\/uploads\/2016\/03\/cine-me-case.jpg 598w, https:\/\/www.hoymercedes.com.ar\/principal\/wp-content\/uploads\/2016\/03\/cine-me-case-150x100.jpg 150w, https:\/\/www.hoymercedes.com.ar\/principal\/wp-content\/uploads\/2016\/03\/cine-me-case-300x200.jpg 300w\" sizes=\"auto, (max-width: 598px) 100vw, 598px\" \/>En simult\u00e1neo con las salas de cine de todo el pa\u00eds, el Cine Mercedes (calle 20, entre 29 y 31) estrena el jueves 17 de marzo dos pel\u00edculas que continuar\u00e1n present\u00e1ndose hasta el martes 22 de marzo. Por un lado, film de animaci\u00f3n Kung Fu Panda 3, y por el otro, la nueva pel\u00edcula argentina con la dupla protagonista Valeria Bertuccelli y Adri\u00e1n Suar.<\/p>\n<div class=\"\" data-block=\"true\" data-editor=\"cutj2\" data-offset-key=\"2ceku-0-0\">\n<div class=\"_1mf _1mj\" data-offset-key=\"2ceku-0-0\"><span data-offset-key=\"2ceku-0-0\"><span data-text=\"true\">\u00abKung Fu Panda 3\u00bb se proyectar\u00e1 en las de\u00a0las 17:30 y 20:00 horas, ambas funciones hablada en castellano. La sinopsis de la pel\u00edcula:\u00a0\u00ab<\/span><\/span><span data-offset-key=\"f9tkp-0-0\"><span data-text=\"true\">Perdido desde hace mucho tiempo el padre del panda Po de repente reaparece , el d\u00fao se re\u00fane y viaja a un para\u00edso secreto panda para cumplir con decenas de hilarante nuevos personajes panda . Pero cuando el villano sobrenatural Kai comienza a barrer toda China y derrotar a todos los maestros de kung fu , Po debe hacer lo imposible &#8211; aprender a entrenar a un pueblo lleno de amantes de la diversi\u00f3n y hermanos torpes para convertirse en la banda final de Kung Fu Pandas\u00bb<\/span><\/span><\/div>\n<div class=\"_1mf _1mj\" data-offset-key=\"2ceku-0-0\"><\/div>\n<\/div>\n<div class=\"\" data-block=\"true\" data-editor=\"cutj2\" data-offset-key=\"f9tkp-0-0\"><\/div>\n<div class=\"\" data-block=\"true\" data-editor=\"cutj2\" data-offset-key=\"evvij-0-0\">\n<div class=\"_1mf _1mj\" data-offset-key=\"evvij-0-0\"><span data-offset-key=\"evvij-0-0\"><span data-text=\"true\">Por su parte,\u00a0\u00abMe Cas\u00e9 con un Boludo\u00bb, protagonizada por Valeria Bertuccelli y Adri\u00e1n Suar bajo la direcci\u00f3n de Juan Taratuto, podr\u00e1 verse en la funci\u00f3n de las\u00a0<span class=\"text_exposed_show\">22:30 horas y el s\u00e1bado trasnoche (0:30 horas).\u00a0SINOPSIS:\u00a0Florencia, una actriz en ascenso pero que reci\u00e9n comienza su carrera en cine, se termina enamorando de su coprotagonista, un famoso actor de cine. Cuando deciden casarse, Florencia se dar\u00e1 cuenta que en realidad ella se enamor\u00f3 del personaje y que su esposo es en realidad un aut\u00e9ntico boludo.<\/p>\n<p><\/span><\/span><\/span><\/div>\n<div class=\"_1mf _1mj\" data-offset-key=\"evvij-0-0\">La boleter\u00eda del cine abre a las 17 horas, sin embargo, la venta de entradas para la pel\u00edcula \u00abMe cas\u00e9 con un b&#8230;\u00bb comenzar\u00e1 a la hora 18.<\/div>\n<\/div>\n","protected":false},"excerpt":{"rendered":"<p>En simult\u00e1neo con las salas de cine de todo el pa\u00eds, el Cine Mercedes (calle 20, entre 29 y 31) &#8230; <a title=\"Estreno simult\u00e1neo de Kung Fu Panda y Me cas\u00e9 con un b&#8230;\" class=\"read-more\" href=\"https:\/\/www.hoymercedes.com.ar\/principal\/2016\/03\/16\/estreno-simultaneo-de-kung-fu-panda-y-me-case-con-un-b\/\" aria-label=\"Leer m\u00e1s sobre Estreno simult\u00e1neo de Kung Fu Panda y Me cas\u00e9 con un b&#8230;\">Leer m\u00e1s<\/a><\/p>\n","protected":false},"author":1,"featured_media":47812,"comment_status":"open","ping_status":"open","sticky":false,"template":"","format":"standard","meta":{"_monsterinsights_skip_tracking":false,"_monsterinsights_sitenote_active":false,"_monsterinsights_sitenote_note":"","_monsterinsights_sitenote_category":0,"jetpack_post_was_ever_published":false,"_jetpack_newsletter_access":"","_jetpack_dont_email_post_to_subs":false,"_jetpack_newsletter_tier_id":0,"_jetpack_memberships_contains_paywalled_content":false,"_jetpack_memberships_contains_paid_content":false,"footnotes":"","jetpack_publicize_message":"","jetpack_publicize_feature_enabled":true,"jetpack_social_post_already_shared":true,"jetpack_social_options":{"image_generator_settings":{"template":"highway","default_image_id":0,"font":"","enabled":false},"version":2},"_wpas_customize_per_network":false},"categories":[104],"tags":[5273,7805,8643,8642],"class_list":["post-47811","post","type-post","status-publish","format-standard","has-post-thumbnail","hentry","category-cultura","tag-cine","tag-cultura","tag-estreno","tag-programacion","generate-columns","tablet-grid-50","mobile-grid-100","grid-parent","grid-50"],"jetpack_publicize_connections":[],"jetpack_featured_media_url":"https:\/\/www.hoymercedes.com.ar\/principal\/wp-content\/uploads\/2016\/03\/cine-me-case.jpg","wps_subtitle":"En el Cine Mercedes","jetpack_sharing_enabled":true,"_links":{"self":[{"href":"https:\/\/www.hoymercedes.com.ar\/principal\/wp-json\/wp\/v2\/posts\/47811","targetHints":{"allow":["GET"]}}],"collection":[{"href":"https:\/\/www.hoymercedes.com.ar\/principal\/wp-json\/wp\/v2\/posts"}],"about":[{"href":"https:\/\/www.hoymercedes.com.ar\/principal\/wp-json\/wp\/v2\/types\/post"}],"author":[{"embeddable":true,"href":"https:\/\/www.hoymercedes.com.ar\/principal\/wp-json\/wp\/v2\/users\/1"}],"replies":[{"embeddable":true,"href":"https:\/\/www.hoymercedes.com.ar\/principal\/wp-json\/wp\/v2\/comments?post=47811"}],"version-history":[{"count":0,"href":"https:\/\/www.hoymercedes.com.ar\/principal\/wp-json\/wp\/v2\/posts\/47811\/revisions"}],"wp:featuredmedia":[{"embeddable":true,"href":"https:\/\/www.hoymercedes.com.ar\/principal\/wp-json\/wp\/v2\/media\/47812"}],"wp:attachment":[{"href":"https:\/\/www.hoymercedes.com.ar\/principal\/wp-json\/wp\/v2\/media?parent=47811"}],"wp:term":[{"taxonomy":"category","embeddable":true,"href":"https:\/\/www.hoymercedes.com.ar\/principal\/wp-json\/wp\/v2\/categories?post=47811"},{"taxonomy":"post_tag","embeddable":true,"href":"https:\/\/www.hoymercedes.com.ar\/principal\/wp-json\/wp\/v2\/tags?post=47811"}],"curies":[{"name":"wp","href":"https:\/\/api.w.org\/{rel}","templated":true}]}}