{"id":4782,"date":"2011-06-05T03:12:37","date_gmt":"2011-06-05T03:12:37","guid":{"rendered":"http:\/\/www.hoymercedes.com.ar\/principal\/?p=4782"},"modified":"2011-06-05T03:12:37","modified_gmt":"2011-06-05T03:12:37","slug":"el-radicalismo-local-analiza-que-pasos-seguira-con-relacion-a-la-union-alfonsin-de-narvaez","status":"publish","type":"post","link":"https:\/\/www.hoymercedes.com.ar\/principal\/2011\/06\/05\/el-radicalismo-local-analiza-que-pasos-seguira-con-relacion-a-la-union-alfonsin-de-narvaez\/","title":{"rendered":"El radicalismo local analiza que pasos seguir\u00e1 con relaci\u00f3n a la uni\u00f3n Alfonsin-De Narv\u00e1ez"},"content":{"rendered":"<figure id=\"attachment_4784\" aria-describedby=\"caption-attachment-4784\" style=\"width: 290px\" class=\"wp-caption alignleft\"><a href=\"https:\/\/www.hoymercedes.com.ar\/principal\/wp-content\/uploads\/2011\/06\/JavierTorres.jpg\"><img loading=\"lazy\" decoding=\"async\" data-attachment-id=\"4784\" data-permalink=\"https:\/\/www.hoymercedes.com.ar\/principal\/2011\/06\/05\/el-radicalismo-local-analiza-que-pasos-seguira-con-relacion-a-la-union-alfonsin-de-narvaez\/javiertorres\/#main\" data-orig-file=\"https:\/\/www.hoymercedes.com.ar\/principal\/wp-content\/uploads\/2011\/06\/JavierTorres.jpg\" data-orig-size=\"300,238\" data-comments-opened=\"1\" data-image-meta=\"{&quot;aperture&quot;:&quot;2.8&quot;,&quot;credit&quot;:&quot;&quot;,&quot;camera&quot;:&quot;COOLPIX L10&quot;,&quot;caption&quot;:&quot;&quot;,&quot;created_timestamp&quot;:&quot;1306830990&quot;,&quot;copyright&quot;:&quot;Copyright 2006&quot;,&quot;focal_length&quot;:&quot;6.2&quot;,&quot;iso&quot;:&quot;200&quot;,&quot;shutter_speed&quot;:&quot;0.016666666666667&quot;,&quot;title&quot;:&quot;&quot;}\" data-image-title=\"JavierTorres\" data-image-description=\"\" data-image-caption=\"&lt;p&gt;Javier Torres&lt;\/p&gt;\n\" data-large-file=\"https:\/\/www.hoymercedes.com.ar\/principal\/wp-content\/uploads\/2011\/06\/JavierTorres.jpg\" class=\"size-full wp-image-4784\" title=\"JavierTorres\" src=\"https:\/\/www.hoymercedes.com.ar\/principal\/wp-content\/uploads\/2011\/06\/JavierTorres.jpg\" alt=\"\" width=\"300\" height=\"238\" \/><\/a><figcaption id=\"caption-attachment-4784\" class=\"wp-caption-text\">Javier Torres<\/figcaption><\/figure>\n<p>Luego de haberse conocido casi de manera oficial la uni\u00f3n en la provincia de Buenos Aires del radicalismo con su candidato a presidente Ricardo Alfons\u00edn y la gente que postula a Francisco De Narv\u00e1ez como candidato a gobernador bonaerense formul\u00f3 declaraciones el Dr. Javier Torres referente de una de la l\u00ednea internas del centenario partido en nuestra ciudad.<\/p>\n<p>En primer t\u00e9rmino sostuvo \u201cpara que la uni\u00f3n sea definitivamente oficial debemos aguardar hasta que la Convenci\u00f3n de nuestro partido que se reunir\u00e1 en Avellaneda el 11 de junio apruebe el acuerdo.<\/p>\n<p>En lo personal sostengo y pienso conveniente la concreci\u00f3n de dicho acuerdo porque nos permitir\u00e1 poder ganar la provincia por un lado y por el otro hacer una alternativa competitiva a nivel nacional.<\/p>\n<p>Si bien existen las ideolog\u00edas,  la sociedad hoy requiere instrumentos para poder fortalecer a las instituciones y si bien uno muchas veces ha dicho  que el radicalismo es de Centro Izquierda y De Narv\u00e1ez de Centro Derecha ello no alcanza para descalificar a una u otra postura, sino que hay otros principios y postulados que es necesario sostener dentro de lo que es la sociedad argentina.<\/p>\n<p>Nosotros creemos  que para poder sostener este acuerdo en el futuro es necesario que se entienda que no solo  hay que  hacer acuerdos electorales sino tambi\u00e9n de gobierno y de programas y dentro de dicho contexto es que se hace el acuerdo entre las dos fuerzas\u201d<\/p>\n<p>Al ser consultado acerca de cual ser\u00eda el futuro del radicalismo en nuestra ciudad, el Dr. Javier Torres manifest\u00f3 \u201cuna vez que se firme dicho acuerdo deberemos en nuestra ciudad desarrollar dos cuestiones, la primera es ver lo que tiene De Narv\u00e1ez en Mercedes para intentar localmente un acuerdo a trav\u00e9s del di\u00e1logo para el 14 de agosto y la segunda se determinar\u00e1 este lunes con la realizaci\u00f3n de una asamblea plenaria del Comit\u00e9 en la que todos los radicales de manera totalmente abierta podamos discutir acerca de las necesidades o no, de formalizar el acuerdo en nuestra ciudad.<\/p>\n<p>Se que hay sectores de nuestro partido que se oponen al acuerdo con argumentos que uno podr\u00e1 considerar como v\u00e1lidos pero que no son en definitiva sustanciosos como para poder decir que no se deba llevar adelante este acuerdo.<\/p>\n<p>Es inevitable que se diga que dentro del radicalismo haya gente que no quiera a De Narv\u00e1ez como seguramente dentro de los seguidores de este habr\u00e1 quien no lo quiera a Ricardo Alfons\u00edn, pero yo digo que cuando se dice no quiero a alguien hay que dar los motivos porque cuando hacemos pol\u00edtica no podemos estar en funci\u00f3n de la est\u00e9tica, la belleza ni de ninguna cosa similar como decir porque no lo quiero.<\/p>\n<p>Debemos hacer pol\u00edtica por ideas y si digo que a mi De Narv\u00e1ez no me gusta deber\u00e9 sostener con motivos cre\u00edbles porque no me gusta. Esto lo digo como radical pero igual debe ser para quienes integran el sector disidente del peronismo en la provincia de Buenos Aires que puedan criticar a Alfons\u00edn, tendr\u00e1n que sostener que es lo que no les gusta de \u00e9l.<\/p>\n<p>Por supuesto que alguna diferencia ideol\u00f3gica tiene que existir ya que uno es de Centro Izquierda y el otro de Centro Derecha, pero por ejemplo en Brasil Lula hizo un acuerdo con la derecha y ello no signific\u00f3 que el gobierno se convirtiera a dicho signo pol\u00edtico sino que por el contario pudieron trabajar juntos.<\/p>\n<p>Parece ser que nosotros tenemos un sector que debe contar con un \u201cprogres\u00f3metro\u201d porque dicen y eval\u00faan quienes son o no progresistas, escucho a Margarita Stolbizer, o en Mercedes a Luis Colao,  \u00f3 a los socialistas de la ciudad decir que ellos son progresistas y que el radicalismo est\u00e1 haciendo una alianza con la derecha y que ello lo hace ser un partido reaccionario y me pregunto si realmente conocen cual es la filosof\u00eda Social Dem\u00f3crata y lo que es el progresismo.<\/p>\n<p>Entiendo que Alfons\u00edn no tiene que dar ninguna explicaci\u00f3n si es progresista y que De Narv\u00e1ez no tiene porque explicar si es de la derecha social cristiana porque pertenecen a dichas estructura lo cual no quiere decir que no se puedan compatibilizar pol\u00edticas de gobierno\u201d<\/p>\n<p>&nbsp;<\/p>\n","protected":false},"excerpt":{"rendered":"<p>Luego de haberse conocido casi de manera oficial la uni\u00f3n en la provincia de Buenos Aires del radicalismo con su &#8230; <a title=\"El radicalismo local analiza que pasos seguir\u00e1 con relaci\u00f3n a la uni\u00f3n Alfonsin-De Narv\u00e1ez\" class=\"read-more\" href=\"https:\/\/www.hoymercedes.com.ar\/principal\/2011\/06\/05\/el-radicalismo-local-analiza-que-pasos-seguira-con-relacion-a-la-union-alfonsin-de-narvaez\/\" aria-label=\"Leer m\u00e1s sobre El radicalismo local analiza que pasos seguir\u00e1 con relaci\u00f3n a la uni\u00f3n Alfonsin-De Narv\u00e1ez\">Leer m\u00e1s<\/a><\/p>\n","protected":false},"author":1,"featured_media":0,"comment_status":"open","ping_status":"open","sticky":false,"template":"","format":"standard","meta":{"_monsterinsights_skip_tracking":false,"_monsterinsights_sitenote_active":false,"_monsterinsights_sitenote_note":"","_monsterinsights_sitenote_category":0,"jetpack_post_was_ever_published":false,"_jetpack_newsletter_access":"","_jetpack_dont_email_post_to_subs":false,"_jetpack_newsletter_tier_id":0,"_jetpack_memberships_contains_paywalled_content":false,"_jetpack_memberships_contains_paid_content":false,"footnotes":"","jetpack_publicize_message":"","jetpack_publicize_feature_enabled":true,"jetpack_social_post_already_shared":false,"jetpack_social_options":{"image_generator_settings":{"template":"highway","default_image_id":0,"font":"","enabled":false},"version":2},"_wpas_customize_per_network":false},"categories":[5],"tags":[239,217],"class_list":["post-4782","post","type-post","status-publish","format-standard","hentry","category-politica","tag-javier-torres","tag-ucr-mercedes","generate-columns","tablet-grid-50","mobile-grid-100","grid-parent","grid-50"],"jetpack_publicize_connections":[],"jetpack_featured_media_url":"","wps_subtitle":"","jetpack_sharing_enabled":true,"_links":{"self":[{"href":"https:\/\/www.hoymercedes.com.ar\/principal\/wp-json\/wp\/v2\/posts\/4782","targetHints":{"allow":["GET"]}}],"collection":[{"href":"https:\/\/www.hoymercedes.com.ar\/principal\/wp-json\/wp\/v2\/posts"}],"about":[{"href":"https:\/\/www.hoymercedes.com.ar\/principal\/wp-json\/wp\/v2\/types\/post"}],"author":[{"embeddable":true,"href":"https:\/\/www.hoymercedes.com.ar\/principal\/wp-json\/wp\/v2\/users\/1"}],"replies":[{"embeddable":true,"href":"https:\/\/www.hoymercedes.com.ar\/principal\/wp-json\/wp\/v2\/comments?post=4782"}],"version-history":[{"count":0,"href":"https:\/\/www.hoymercedes.com.ar\/principal\/wp-json\/wp\/v2\/posts\/4782\/revisions"}],"wp:attachment":[{"href":"https:\/\/www.hoymercedes.com.ar\/principal\/wp-json\/wp\/v2\/media?parent=4782"}],"wp:term":[{"taxonomy":"category","embeddable":true,"href":"https:\/\/www.hoymercedes.com.ar\/principal\/wp-json\/wp\/v2\/categories?post=4782"},{"taxonomy":"post_tag","embeddable":true,"href":"https:\/\/www.hoymercedes.com.ar\/principal\/wp-json\/wp\/v2\/tags?post=4782"}],"curies":[{"name":"wp","href":"https:\/\/api.w.org\/{rel}","templated":true}]}}