{"id":47875,"date":"2016-03-17T18:30:16","date_gmt":"2016-03-17T21:30:16","guid":{"rendered":"http:\/\/www.hoymercedes.com.ar\/principal\/?p=47875"},"modified":"2016-03-17T17:09:33","modified_gmt":"2016-03-17T20:09:33","slug":"principio-de-incendio-en-el-vehiculo","status":"publish","type":"post","link":"https:\/\/www.hoymercedes.com.ar\/principal\/2016\/03\/17\/principio-de-incendio-en-el-vehiculo\/","title":{"rendered":"Principio de incendio en el veh\u00edculo"},"content":{"rendered":"<p><img loading=\"lazy\" decoding=\"async\" data-attachment-id=\"47876\" data-permalink=\"https:\/\/www.hoymercedes.com.ar\/principal\/2016\/03\/17\/principio-de-incendio-en-el-vehiculo\/17-incendio\/#main\" data-orig-file=\"https:\/\/www.hoymercedes.com.ar\/principal\/wp-content\/uploads\/2016\/03\/17-incendio.jpg\" data-orig-size=\"640,384\" data-comments-opened=\"1\" data-image-meta=\"{&quot;aperture&quot;:&quot;0&quot;,&quot;credit&quot;:&quot;&quot;,&quot;camera&quot;:&quot;&quot;,&quot;caption&quot;:&quot;&quot;,&quot;created_timestamp&quot;:&quot;0&quot;,&quot;copyright&quot;:&quot;&quot;,&quot;focal_length&quot;:&quot;0&quot;,&quot;iso&quot;:&quot;0&quot;,&quot;shutter_speed&quot;:&quot;0&quot;,&quot;title&quot;:&quot;&quot;,&quot;orientation&quot;:&quot;0&quot;}\" data-image-title=\"17 incendio\" data-image-description=\"\" data-image-caption=\"\" data-large-file=\"https:\/\/www.hoymercedes.com.ar\/principal\/wp-content\/uploads\/2016\/03\/17-incendio.jpg\" class=\"aligncenter size-medium wp-image-47876\" src=\"https:\/\/www.hoymercedes.com.ar\/principal\/wp-content\/uploads\/2016\/03\/17-incendio-630x378.jpg\" alt=\"17 incendio\" width=\"630\" height=\"378\" srcset=\"https:\/\/www.hoymercedes.com.ar\/principal\/wp-content\/uploads\/2016\/03\/17-incendio-630x378.jpg 630w, https:\/\/www.hoymercedes.com.ar\/principal\/wp-content\/uploads\/2016\/03\/17-incendio-150x90.jpg 150w, https:\/\/www.hoymercedes.com.ar\/principal\/wp-content\/uploads\/2016\/03\/17-incendio.jpg 640w\" sizes=\"auto, (max-width: 630px) 100vw, 630px\" \/>A la hora de la siesta del mi\u00e9rcoles \u00faltimo, un veh\u00edculo que se encontraba en la calle 27, entre las calles 22 y 24, tuvo un principio de incendio por lo cual debi\u00f3 ser auxiliado por una dotaci\u00f3n de bomberos para evitar su propagaci\u00f3n.<\/p>\n<p>Fuente: Pablo Pauli.<\/p>\n","protected":false},"excerpt":{"rendered":"<p>A la hora de la siesta del mi\u00e9rcoles \u00faltimo, un veh\u00edculo que se encontraba en la calle 27, entre las &#8230; <a title=\"Principio de incendio en el veh\u00edculo\" class=\"read-more\" href=\"https:\/\/www.hoymercedes.com.ar\/principal\/2016\/03\/17\/principio-de-incendio-en-el-vehiculo\/\" aria-label=\"Leer m\u00e1s sobre Principio de incendio en el veh\u00edculo\">Leer m\u00e1s<\/a><\/p>\n","protected":false},"author":1,"featured_media":47876,"comment_status":"open","ping_status":"open","sticky":false,"template":"","format":"standard","meta":{"_monsterinsights_skip_tracking":false,"_monsterinsights_sitenote_active":false,"_monsterinsights_sitenote_note":"","_monsterinsights_sitenote_category":0,"jetpack_post_was_ever_published":false,"_jetpack_newsletter_access":"","_jetpack_dont_email_post_to_subs":false,"_jetpack_newsletter_tier_id":0,"_jetpack_memberships_contains_paywalled_content":false,"_jetpack_memberships_contains_paid_content":false,"footnotes":"","jetpack_publicize_message":"","jetpack_publicize_feature_enabled":true,"jetpack_social_post_already_shared":true,"jetpack_social_options":{"image_generator_settings":{"template":"highway","default_image_id":0,"font":"","enabled":false},"version":2},"_wpas_customize_per_network":false},"categories":[85],"tags":[4128,96,6800],"class_list":["post-47875","post","type-post","status-publish","format-standard","has-post-thumbnail","hentry","category-policial","tag-bomberos","tag-policial-2","tag-principio-de-incendio","generate-columns","tablet-grid-50","mobile-grid-100","grid-parent","grid-50"],"jetpack_publicize_connections":[],"jetpack_featured_media_url":"https:\/\/www.hoymercedes.com.ar\/principal\/wp-content\/uploads\/2016\/03\/17-incendio.jpg","wps_subtitle":"En la 27 y 24","jetpack_sharing_enabled":true,"_links":{"self":[{"href":"https:\/\/www.hoymercedes.com.ar\/principal\/wp-json\/wp\/v2\/posts\/47875","targetHints":{"allow":["GET"]}}],"collection":[{"href":"https:\/\/www.hoymercedes.com.ar\/principal\/wp-json\/wp\/v2\/posts"}],"about":[{"href":"https:\/\/www.hoymercedes.com.ar\/principal\/wp-json\/wp\/v2\/types\/post"}],"author":[{"embeddable":true,"href":"https:\/\/www.hoymercedes.com.ar\/principal\/wp-json\/wp\/v2\/users\/1"}],"replies":[{"embeddable":true,"href":"https:\/\/www.hoymercedes.com.ar\/principal\/wp-json\/wp\/v2\/comments?post=47875"}],"version-history":[{"count":0,"href":"https:\/\/www.hoymercedes.com.ar\/principal\/wp-json\/wp\/v2\/posts\/47875\/revisions"}],"wp:featuredmedia":[{"embeddable":true,"href":"https:\/\/www.hoymercedes.com.ar\/principal\/wp-json\/wp\/v2\/media\/47876"}],"wp:attachment":[{"href":"https:\/\/www.hoymercedes.com.ar\/principal\/wp-json\/wp\/v2\/media?parent=47875"}],"wp:term":[{"taxonomy":"category","embeddable":true,"href":"https:\/\/www.hoymercedes.com.ar\/principal\/wp-json\/wp\/v2\/categories?post=47875"},{"taxonomy":"post_tag","embeddable":true,"href":"https:\/\/www.hoymercedes.com.ar\/principal\/wp-json\/wp\/v2\/tags?post=47875"}],"curies":[{"name":"wp","href":"https:\/\/api.w.org\/{rel}","templated":true}]}}