{"id":47879,"date":"2016-03-18T00:07:52","date_gmt":"2016-03-18T03:07:52","guid":{"rendered":"http:\/\/www.hoymercedes.com.ar\/principal\/?p=47879"},"modified":"2016-03-18T00:07:52","modified_gmt":"2016-03-18T03:07:52","slug":"memoria-verdad-justicia-y-peatonal-para-toda-la-familia","status":"publish","type":"post","link":"https:\/\/www.hoymercedes.com.ar\/principal\/2016\/03\/18\/memoria-verdad-justicia-y-peatonal-para-toda-la-familia\/","title":{"rendered":"Memoria, Verdad, Justicia y peatonal para toda la familia"},"content":{"rendered":"<figure id=\"attachment_47880\" aria-describedby=\"caption-attachment-47880\" style=\"width: 610px\" class=\"wp-caption aligncenter\"><img loading=\"lazy\" decoding=\"async\" data-attachment-id=\"47880\" data-permalink=\"https:\/\/www.hoymercedes.com.ar\/principal\/2016\/03\/18\/memoria-verdad-justicia-y-peatonal-para-toda-la-familia\/peatonal-17-03-16dsc_0889\/#main\" data-orig-file=\"https:\/\/www.hoymercedes.com.ar\/principal\/wp-content\/uploads\/2016\/03\/peatonal-17.03.16DSC_0889.jpg\" data-orig-size=\"620,412\" data-comments-opened=\"1\" data-image-meta=\"{&quot;aperture&quot;:&quot;0&quot;,&quot;credit&quot;:&quot;&quot;,&quot;camera&quot;:&quot;&quot;,&quot;caption&quot;:&quot;&quot;,&quot;created_timestamp&quot;:&quot;0&quot;,&quot;copyright&quot;:&quot;&quot;,&quot;focal_length&quot;:&quot;0&quot;,&quot;iso&quot;:&quot;0&quot;,&quot;shutter_speed&quot;:&quot;0&quot;,&quot;title&quot;:&quot;&quot;,&quot;orientation&quot;:&quot;0&quot;}\" data-image-title=\"peatonal-17.03.16DSC_0889\" data-image-description=\"\" data-image-caption=\"&lt;p&gt;Peatonal de la memoria&lt;\/p&gt;\n\" data-large-file=\"https:\/\/www.hoymercedes.com.ar\/principal\/wp-content\/uploads\/2016\/03\/peatonal-17.03.16DSC_0889.jpg\" class=\"size-full wp-image-47880\" src=\"https:\/\/www.hoymercedes.com.ar\/principal\/wp-content\/uploads\/2016\/03\/peatonal-17.03.16DSC_0889.jpg\" alt=\"Peatonal de la memoria\" width=\"620\" height=\"412\" srcset=\"https:\/\/www.hoymercedes.com.ar\/principal\/wp-content\/uploads\/2016\/03\/peatonal-17.03.16DSC_0889.jpg 620w, https:\/\/www.hoymercedes.com.ar\/principal\/wp-content\/uploads\/2016\/03\/peatonal-17.03.16DSC_0889-150x100.jpg 150w, https:\/\/www.hoymercedes.com.ar\/principal\/wp-content\/uploads\/2016\/03\/peatonal-17.03.16DSC_0889-300x200.jpg 300w\" sizes=\"auto, (max-width: 620px) 100vw, 620px\" \/><figcaption id=\"caption-attachment-47880\" class=\"wp-caption-text\">Peatonal de la memoria<\/figcaption><\/figure>\n<p><em><strong>Continuando con las actividades del mes de la Memoria, la Verdad y la Justicia durante la tarde del jueves se inici\u00f3 la primera de las dos veladas pensadas como peatonal del arte, la m\u00fasica y a cultura. Es sobre calle 25 entre 20 y 24. Este viernes m\u00e1s propuestas.<\/strong><\/em><\/p>\n<p>En la primera noche se pudo disfrutar de la m\u00fasica, pero tambi\u00e9n del arte y la exposici\u00f3n con eje en el recuerdo de aquellos que ya no est\u00e1n y que fueron v\u00edctimas de la \u00faltima dictadura c\u00edvica, militar, medi\u00e1tica, econ\u00f3mica y eclesi\u00e1stica que vivi\u00f3 nuestro pa\u00eds.<\/p>\n<p>Las peatonales buscaron exponer el arte mercedino, a la vez de ser un v\u00ednculo m\u00e1s que permita a toda la ciudadan\u00eda tener presente la vida de aquellos que ya no est\u00e1n por brindarse en la lucha que implica un mundo mejor, solidario y humanizado.<\/p>\n<p>Hubo exposici\u00f3n de pintura a instancias de Jimena Rivas y presentaciones de \u201cAl Margen\u201d Colectivo Cultural. Arte Pl\u00e1stico por Gladys Ares, Pablo Russo. M\u00fasicos como Mariel Solari, Ariel Schfrik, Pedro Martini, Marcelo Giorgione, Pedro DeLuca, Rodrigo Actis, Juan Habberman, Eliana Ramponi.<\/p>\n<p>La jornada tuvo la participaci\u00f3n de los mercedinos que adem\u00e1s aprovecharon las confiter\u00edas sobre calle 25, recorrieron los comercios y disfrutaron con sus hijos en los juegos gigantes, el metegol y disfrutando el aire libre de la noche local.<\/p>\n<p><strong>Continuidad<\/strong><\/p>\n<p>Durante la tarde de \u00e9ste s\u00e1bado se prev\u00e9n actividades musicales y art\u00edsticas sobre calle 27 entre 16 y 18 y en especial en Tiempos de Papes \u2013 Espacio Cultura donde se espera a los meredinos siempre con propuestas libres, p\u00fablicas y gratuitas y en el marco del mes de la Memoria, Verdad y Justicia.<\/p>\n<div class=\"tiled-gallery type-rectangular tiled-gallery-unresized\" data-original-width=\"1200\" data-carousel-extra='{&quot;blog_id&quot;:1,&quot;permalink&quot;:&quot;https:\\\/\\\/www.hoymercedes.com.ar\\\/principal\\\/2016\\\/03\\\/18\\\/memoria-verdad-justicia-y-peatonal-para-toda-la-familia\\\/&quot;,&quot;likes_blog_id&quot;:50631561}' itemscope itemtype=\"http:\/\/schema.org\/ImageGallery\" > <div class=\"gallery-row\" style=\"width: 1200px; height: 327px;\" data-original-width=\"1200\" data-original-height=\"327\" > <div class=\"gallery-group images-1\" style=\"width: 491px; height: 327px;\" data-original-width=\"491\" data-original-height=\"327\" > <div class=\"tiled-gallery-item tiled-gallery-item-large\" itemprop=\"associatedMedia\" itemscope itemtype=\"http:\/\/schema.org\/ImageObject\"> <a href=\"https:\/\/www.hoymercedes.com.ar\/principal\/2016\/03\/18\/memoria-verdad-justicia-y-peatonal-para-toda-la-familia\/peatonal-17-03-16dsc_0823\/#main\" border=\"0\" itemprop=\"url\"> <meta itemprop=\"width\" content=\"487\"> <meta itemprop=\"height\" content=\"323\"> <img decoding=\"async\" class=\"\" data-attachment-id=\"47881\" data-orig-file=\"https:\/\/www.hoymercedes.com.ar\/principal\/wp-content\/uploads\/2016\/03\/peatonal-17.03.16DSC_0823.jpg\" data-orig-size=\"620,412\" data-comments-opened=\"1\" data-image-meta=\"{&quot;aperture&quot;:&quot;0&quot;,&quot;credit&quot;:&quot;&quot;,&quot;camera&quot;:&quot;&quot;,&quot;caption&quot;:&quot;&quot;,&quot;created_timestamp&quot;:&quot;0&quot;,&quot;copyright&quot;:&quot;&quot;,&quot;focal_length&quot;:&quot;0&quot;,&quot;iso&quot;:&quot;0&quot;,&quot;shutter_speed&quot;:&quot;0&quot;,&quot;title&quot;:&quot;&quot;,&quot;orientation&quot;:&quot;0&quot;}\" data-image-title=\"peatonal-17.03.16DSC_0823\" data-image-description=\"\" data-medium-file=\"https:\/\/www.hoymercedes.com.ar\/principal\/wp-content\/uploads\/2016\/03\/peatonal-17.03.16DSC_0823.jpg\" data-large-file=\"https:\/\/www.hoymercedes.com.ar\/principal\/wp-content\/uploads\/2016\/03\/peatonal-17.03.16DSC_0823.jpg\" src=\"https:\/\/i0.wp.com\/www.hoymercedes.com.ar\/principal\/wp-content\/uploads\/2016\/03\/peatonal-17.03.16DSC_0823.jpg?w=487&#038;h=323&#038;ssl=1\" srcset=\"https:\/\/www.hoymercedes.com.ar\/principal\/wp-content\/uploads\/2016\/03\/peatonal-17.03.16DSC_0823.jpg 620w, https:\/\/www.hoymercedes.com.ar\/principal\/wp-content\/uploads\/2016\/03\/peatonal-17.03.16DSC_0823-150x100.jpg 150w, https:\/\/www.hoymercedes.com.ar\/principal\/wp-content\/uploads\/2016\/03\/peatonal-17.03.16DSC_0823-300x200.jpg 300w\" width=\"487\" height=\"323\" loading=\"lazy\" data-original-width=\"487\" data-original-height=\"323\" itemprop=\"http:\/\/schema.org\/image\" title=\"peatonal-17.03.16DSC_0823\" alt=\"peatonal-17.03.16DSC_0823\" style=\"width: 487px; height: 323px;\" \/> <\/a> <\/div> <\/div> <!-- close group --> <div class=\"gallery-group images-1\" style=\"width: 219px; height: 327px;\" data-original-width=\"219\" data-original-height=\"327\" > <div class=\"tiled-gallery-item tiled-gallery-item-small\" itemprop=\"associatedMedia\" itemscope itemtype=\"http:\/\/schema.org\/ImageObject\"> <a href=\"https:\/\/www.hoymercedes.com.ar\/principal\/2016\/03\/18\/memoria-verdad-justicia-y-peatonal-para-toda-la-familia\/peatonal-17-03-16dsc_0825\/#main\" border=\"0\" itemprop=\"url\"> <meta itemprop=\"width\" content=\"215\"> <meta itemprop=\"height\" content=\"323\"> <img decoding=\"async\" class=\"\" data-attachment-id=\"47882\" data-orig-file=\"https:\/\/www.hoymercedes.com.ar\/principal\/wp-content\/uploads\/2016\/03\/peatonal-17.03.16DSC_0825.jpg\" data-orig-size=\"620,932\" data-comments-opened=\"1\" data-image-meta=\"{&quot;aperture&quot;:&quot;0&quot;,&quot;credit&quot;:&quot;&quot;,&quot;camera&quot;:&quot;&quot;,&quot;caption&quot;:&quot;&quot;,&quot;created_timestamp&quot;:&quot;0&quot;,&quot;copyright&quot;:&quot;&quot;,&quot;focal_length&quot;:&quot;0&quot;,&quot;iso&quot;:&quot;0&quot;,&quot;shutter_speed&quot;:&quot;0&quot;,&quot;title&quot;:&quot;&quot;,&quot;orientation&quot;:&quot;0&quot;}\" data-image-title=\"peatonal-17.03.16DSC_0825\" data-image-description=\"\" data-medium-file=\"https:\/\/www.hoymercedes.com.ar\/principal\/wp-content\/uploads\/2016\/03\/peatonal-17.03.16DSC_0825-412x620.jpg\" data-large-file=\"https:\/\/www.hoymercedes.com.ar\/principal\/wp-content\/uploads\/2016\/03\/peatonal-17.03.16DSC_0825.jpg\" src=\"https:\/\/i0.wp.com\/www.hoymercedes.com.ar\/principal\/wp-content\/uploads\/2016\/03\/peatonal-17.03.16DSC_0825.jpg?w=215&#038;h=323&#038;ssl=1\" srcset=\"https:\/\/www.hoymercedes.com.ar\/principal\/wp-content\/uploads\/2016\/03\/peatonal-17.03.16DSC_0825.jpg 620w, https:\/\/www.hoymercedes.com.ar\/principal\/wp-content\/uploads\/2016\/03\/peatonal-17.03.16DSC_0825-100x150.jpg 100w, https:\/\/www.hoymercedes.com.ar\/principal\/wp-content\/uploads\/2016\/03\/peatonal-17.03.16DSC_0825-412x620.jpg 412w\" width=\"215\" height=\"323\" loading=\"lazy\" data-original-width=\"215\" data-original-height=\"323\" itemprop=\"http:\/\/schema.org\/image\" title=\"peatonal-17.03.16DSC_0825\" alt=\"peatonal-17.03.16DSC_0825\" style=\"width: 215px; height: 323px;\" \/> <\/a> <\/div> <\/div> <!-- close group --> <div class=\"gallery-group images-1\" style=\"width: 490px; height: 327px;\" data-original-width=\"490\" data-original-height=\"327\" > <div class=\"tiled-gallery-item tiled-gallery-item-large\" itemprop=\"associatedMedia\" itemscope itemtype=\"http:\/\/schema.org\/ImageObject\"> <a href=\"https:\/\/www.hoymercedes.com.ar\/principal\/2016\/03\/18\/memoria-verdad-justicia-y-peatonal-para-toda-la-familia\/peatonal-17-03-16dsc_0831\/#main\" border=\"0\" itemprop=\"url\"> <meta itemprop=\"width\" content=\"486\"> <meta itemprop=\"height\" content=\"323\"> <img decoding=\"async\" class=\"\" data-attachment-id=\"47883\" data-orig-file=\"https:\/\/www.hoymercedes.com.ar\/principal\/wp-content\/uploads\/2016\/03\/peatonal-17.03.16DSC_0831.jpg\" data-orig-size=\"620,412\" data-comments-opened=\"1\" data-image-meta=\"{&quot;aperture&quot;:&quot;0&quot;,&quot;credit&quot;:&quot;&quot;,&quot;camera&quot;:&quot;&quot;,&quot;caption&quot;:&quot;&quot;,&quot;created_timestamp&quot;:&quot;0&quot;,&quot;copyright&quot;:&quot;&quot;,&quot;focal_length&quot;:&quot;0&quot;,&quot;iso&quot;:&quot;0&quot;,&quot;shutter_speed&quot;:&quot;0&quot;,&quot;title&quot;:&quot;&quot;,&quot;orientation&quot;:&quot;0&quot;}\" data-image-title=\"peatonal-17.03.16DSC_0831\" data-image-description=\"\" data-medium-file=\"https:\/\/www.hoymercedes.com.ar\/principal\/wp-content\/uploads\/2016\/03\/peatonal-17.03.16DSC_0831.jpg\" data-large-file=\"https:\/\/www.hoymercedes.com.ar\/principal\/wp-content\/uploads\/2016\/03\/peatonal-17.03.16DSC_0831.jpg\" src=\"https:\/\/i0.wp.com\/www.hoymercedes.com.ar\/principal\/wp-content\/uploads\/2016\/03\/peatonal-17.03.16DSC_0831.jpg?w=486&#038;h=323&#038;ssl=1\" srcset=\"https:\/\/www.hoymercedes.com.ar\/principal\/wp-content\/uploads\/2016\/03\/peatonal-17.03.16DSC_0831.jpg 620w, https:\/\/www.hoymercedes.com.ar\/principal\/wp-content\/uploads\/2016\/03\/peatonal-17.03.16DSC_0831-150x100.jpg 150w, https:\/\/www.hoymercedes.com.ar\/principal\/wp-content\/uploads\/2016\/03\/peatonal-17.03.16DSC_0831-300x200.jpg 300w\" width=\"486\" height=\"323\" loading=\"lazy\" data-original-width=\"486\" data-original-height=\"323\" itemprop=\"http:\/\/schema.org\/image\" title=\"peatonal-17.03.16DSC_0831\" alt=\"peatonal-17.03.16DSC_0831\" style=\"width: 486px; height: 323px;\" \/> <\/a> <\/div> <\/div> <!-- close group --> <\/div> <!-- close row --> <div class=\"gallery-row\" style=\"width: 1200px; height: 533px;\" data-original-width=\"1200\" data-original-height=\"533\" > <div class=\"gallery-group images-1\" style=\"width: 801px; height: 533px;\" data-original-width=\"801\" data-original-height=\"533\" > <div class=\"tiled-gallery-item tiled-gallery-item-large\" itemprop=\"associatedMedia\" itemscope itemtype=\"http:\/\/schema.org\/ImageObject\"> <a href=\"https:\/\/www.hoymercedes.com.ar\/principal\/2016\/03\/18\/memoria-verdad-justicia-y-peatonal-para-toda-la-familia\/peatonal-17-03-16dsc_0832\/#main\" border=\"0\" itemprop=\"url\"> <meta itemprop=\"width\" content=\"797\"> <meta itemprop=\"height\" content=\"529\"> <img decoding=\"async\" class=\"\" data-attachment-id=\"47884\" data-orig-file=\"https:\/\/www.hoymercedes.com.ar\/principal\/wp-content\/uploads\/2016\/03\/peatonal-17.03.16DSC_0832.jpg\" data-orig-size=\"620,412\" data-comments-opened=\"1\" data-image-meta=\"{&quot;aperture&quot;:&quot;0&quot;,&quot;credit&quot;:&quot;&quot;,&quot;camera&quot;:&quot;&quot;,&quot;caption&quot;:&quot;&quot;,&quot;created_timestamp&quot;:&quot;0&quot;,&quot;copyright&quot;:&quot;&quot;,&quot;focal_length&quot;:&quot;0&quot;,&quot;iso&quot;:&quot;0&quot;,&quot;shutter_speed&quot;:&quot;0&quot;,&quot;title&quot;:&quot;&quot;,&quot;orientation&quot;:&quot;0&quot;}\" data-image-title=\"peatonal-17.03.16DSC_0832\" data-image-description=\"\" data-medium-file=\"https:\/\/www.hoymercedes.com.ar\/principal\/wp-content\/uploads\/2016\/03\/peatonal-17.03.16DSC_0832.jpg\" data-large-file=\"https:\/\/www.hoymercedes.com.ar\/principal\/wp-content\/uploads\/2016\/03\/peatonal-17.03.16DSC_0832.jpg\" src=\"https:\/\/i0.wp.com\/www.hoymercedes.com.ar\/principal\/wp-content\/uploads\/2016\/03\/peatonal-17.03.16DSC_0832.jpg?w=797&#038;h=529&#038;ssl=1\" srcset=\"https:\/\/www.hoymercedes.com.ar\/principal\/wp-content\/uploads\/2016\/03\/peatonal-17.03.16DSC_0832.jpg 620w, https:\/\/www.hoymercedes.com.ar\/principal\/wp-content\/uploads\/2016\/03\/peatonal-17.03.16DSC_0832-150x100.jpg 150w, https:\/\/www.hoymercedes.com.ar\/principal\/wp-content\/uploads\/2016\/03\/peatonal-17.03.16DSC_0832-300x200.jpg 300w\" width=\"797\" height=\"529\" loading=\"lazy\" data-original-width=\"797\" data-original-height=\"529\" itemprop=\"http:\/\/schema.org\/image\" title=\"peatonal-17.03.16DSC_0832\" alt=\"peatonal-17.03.16DSC_0832\" style=\"width: 797px; height: 529px;\" \/> <\/a> <\/div> <\/div> <!-- close group --> <div class=\"gallery-group images-2\" style=\"width: 399px; height: 533px;\" data-original-width=\"399\" data-original-height=\"533\" > <div class=\"tiled-gallery-item tiled-gallery-item-large\" itemprop=\"associatedMedia\" itemscope itemtype=\"http:\/\/schema.org\/ImageObject\"> <a href=\"https:\/\/www.hoymercedes.com.ar\/principal\/2016\/03\/18\/memoria-verdad-justicia-y-peatonal-para-toda-la-familia\/peatonal-17-03-16dsc_0833\/#main\" border=\"0\" itemprop=\"url\"> <meta itemprop=\"width\" content=\"395\"> <meta itemprop=\"height\" content=\"263\"> <img decoding=\"async\" class=\"\" data-attachment-id=\"47885\" data-orig-file=\"https:\/\/www.hoymercedes.com.ar\/principal\/wp-content\/uploads\/2016\/03\/peatonal-17.03.16DSC_0833.jpg\" data-orig-size=\"620,412\" data-comments-opened=\"1\" data-image-meta=\"{&quot;aperture&quot;:&quot;0&quot;,&quot;credit&quot;:&quot;&quot;,&quot;camera&quot;:&quot;&quot;,&quot;caption&quot;:&quot;&quot;,&quot;created_timestamp&quot;:&quot;0&quot;,&quot;copyright&quot;:&quot;&quot;,&quot;focal_length&quot;:&quot;0&quot;,&quot;iso&quot;:&quot;0&quot;,&quot;shutter_speed&quot;:&quot;0&quot;,&quot;title&quot;:&quot;&quot;,&quot;orientation&quot;:&quot;0&quot;}\" data-image-title=\"peatonal-17.03.16DSC_0833\" data-image-description=\"\" data-medium-file=\"https:\/\/www.hoymercedes.com.ar\/principal\/wp-content\/uploads\/2016\/03\/peatonal-17.03.16DSC_0833.jpg\" data-large-file=\"https:\/\/www.hoymercedes.com.ar\/principal\/wp-content\/uploads\/2016\/03\/peatonal-17.03.16DSC_0833.jpg\" src=\"https:\/\/i0.wp.com\/www.hoymercedes.com.ar\/principal\/wp-content\/uploads\/2016\/03\/peatonal-17.03.16DSC_0833.jpg?w=395&#038;h=263&#038;ssl=1\" srcset=\"https:\/\/www.hoymercedes.com.ar\/principal\/wp-content\/uploads\/2016\/03\/peatonal-17.03.16DSC_0833.jpg 620w, https:\/\/www.hoymercedes.com.ar\/principal\/wp-content\/uploads\/2016\/03\/peatonal-17.03.16DSC_0833-150x100.jpg 150w, https:\/\/www.hoymercedes.com.ar\/principal\/wp-content\/uploads\/2016\/03\/peatonal-17.03.16DSC_0833-300x200.jpg 300w\" width=\"395\" height=\"263\" loading=\"lazy\" data-original-width=\"395\" data-original-height=\"263\" itemprop=\"http:\/\/schema.org\/image\" title=\"peatonal-17.03.16DSC_0833\" alt=\"peatonal-17.03.16DSC_0833\" style=\"width: 395px; height: 263px;\" \/> <\/a> <\/div> <div class=\"tiled-gallery-item tiled-gallery-item-large\" itemprop=\"associatedMedia\" itemscope itemtype=\"http:\/\/schema.org\/ImageObject\"> <a href=\"https:\/\/www.hoymercedes.com.ar\/principal\/2016\/03\/18\/memoria-verdad-justicia-y-peatonal-para-toda-la-familia\/peatonal-17-03-16dsc_0845\/#main\" border=\"0\" itemprop=\"url\"> <meta itemprop=\"width\" content=\"395\"> <meta itemprop=\"height\" content=\"262\"> <img decoding=\"async\" class=\"\" data-attachment-id=\"47886\" data-orig-file=\"https:\/\/www.hoymercedes.com.ar\/principal\/wp-content\/uploads\/2016\/03\/peatonal-17.03.16DSC_0845.jpg\" data-orig-size=\"620,412\" data-comments-opened=\"1\" data-image-meta=\"{&quot;aperture&quot;:&quot;0&quot;,&quot;credit&quot;:&quot;&quot;,&quot;camera&quot;:&quot;&quot;,&quot;caption&quot;:&quot;&quot;,&quot;created_timestamp&quot;:&quot;0&quot;,&quot;copyright&quot;:&quot;&quot;,&quot;focal_length&quot;:&quot;0&quot;,&quot;iso&quot;:&quot;0&quot;,&quot;shutter_speed&quot;:&quot;0&quot;,&quot;title&quot;:&quot;&quot;,&quot;orientation&quot;:&quot;0&quot;}\" data-image-title=\"peatonal-17.03.16DSC_0845\" data-image-description=\"\" data-medium-file=\"https:\/\/www.hoymercedes.com.ar\/principal\/wp-content\/uploads\/2016\/03\/peatonal-17.03.16DSC_0845.jpg\" data-large-file=\"https:\/\/www.hoymercedes.com.ar\/principal\/wp-content\/uploads\/2016\/03\/peatonal-17.03.16DSC_0845.jpg\" src=\"https:\/\/i0.wp.com\/www.hoymercedes.com.ar\/principal\/wp-content\/uploads\/2016\/03\/peatonal-17.03.16DSC_0845.jpg?w=395&#038;h=262&#038;ssl=1\" srcset=\"https:\/\/www.hoymercedes.com.ar\/principal\/wp-content\/uploads\/2016\/03\/peatonal-17.03.16DSC_0845.jpg 620w, https:\/\/www.hoymercedes.com.ar\/principal\/wp-content\/uploads\/2016\/03\/peatonal-17.03.16DSC_0845-150x100.jpg 150w, https:\/\/www.hoymercedes.com.ar\/principal\/wp-content\/uploads\/2016\/03\/peatonal-17.03.16DSC_0845-300x200.jpg 300w\" width=\"395\" height=\"262\" loading=\"lazy\" data-original-width=\"395\" data-original-height=\"262\" itemprop=\"http:\/\/schema.org\/image\" title=\"peatonal-17.03.16DSC_0845\" alt=\"peatonal-17.03.16DSC_0845\" style=\"width: 395px; height: 262px;\" \/> <\/a> <\/div> <\/div> <!-- close group --> <\/div> <!-- close row --> <div class=\"gallery-row\" style=\"width: 1200px; height: 533px;\" data-original-width=\"1200\" data-original-height=\"533\" > <div class=\"gallery-group images-2\" style=\"width: 399px; height: 533px;\" data-original-width=\"399\" data-original-height=\"533\" > <div class=\"tiled-gallery-item tiled-gallery-item-large\" itemprop=\"associatedMedia\" itemscope itemtype=\"http:\/\/schema.org\/ImageObject\"> <a href=\"https:\/\/www.hoymercedes.com.ar\/principal\/2016\/03\/18\/memoria-verdad-justicia-y-peatonal-para-toda-la-familia\/peatonal-17-03-16dsc_0846\/#main\" border=\"0\" itemprop=\"url\"> <meta itemprop=\"width\" content=\"395\"> <meta itemprop=\"height\" content=\"263\"> <img decoding=\"async\" class=\"\" data-attachment-id=\"47887\" data-orig-file=\"https:\/\/www.hoymercedes.com.ar\/principal\/wp-content\/uploads\/2016\/03\/peatonal-17.03.16DSC_0846.jpg\" data-orig-size=\"620,412\" data-comments-opened=\"1\" data-image-meta=\"{&quot;aperture&quot;:&quot;0&quot;,&quot;credit&quot;:&quot;&quot;,&quot;camera&quot;:&quot;&quot;,&quot;caption&quot;:&quot;&quot;,&quot;created_timestamp&quot;:&quot;0&quot;,&quot;copyright&quot;:&quot;&quot;,&quot;focal_length&quot;:&quot;0&quot;,&quot;iso&quot;:&quot;0&quot;,&quot;shutter_speed&quot;:&quot;0&quot;,&quot;title&quot;:&quot;&quot;,&quot;orientation&quot;:&quot;0&quot;}\" data-image-title=\"peatonal-17.03.16DSC_0846\" data-image-description=\"\" data-medium-file=\"https:\/\/www.hoymercedes.com.ar\/principal\/wp-content\/uploads\/2016\/03\/peatonal-17.03.16DSC_0846.jpg\" data-large-file=\"https:\/\/www.hoymercedes.com.ar\/principal\/wp-content\/uploads\/2016\/03\/peatonal-17.03.16DSC_0846.jpg\" src=\"https:\/\/i0.wp.com\/www.hoymercedes.com.ar\/principal\/wp-content\/uploads\/2016\/03\/peatonal-17.03.16DSC_0846.jpg?w=395&#038;h=263&#038;ssl=1\" srcset=\"https:\/\/www.hoymercedes.com.ar\/principal\/wp-content\/uploads\/2016\/03\/peatonal-17.03.16DSC_0846.jpg 620w, https:\/\/www.hoymercedes.com.ar\/principal\/wp-content\/uploads\/2016\/03\/peatonal-17.03.16DSC_0846-150x100.jpg 150w, https:\/\/www.hoymercedes.com.ar\/principal\/wp-content\/uploads\/2016\/03\/peatonal-17.03.16DSC_0846-300x200.jpg 300w\" width=\"395\" height=\"263\" loading=\"lazy\" data-original-width=\"395\" data-original-height=\"263\" itemprop=\"http:\/\/schema.org\/image\" title=\"peatonal-17.03.16DSC_0846\" alt=\"peatonal-17.03.16DSC_0846\" style=\"width: 395px; height: 263px;\" \/> <\/a> <\/div> <div class=\"tiled-gallery-item tiled-gallery-item-large\" itemprop=\"associatedMedia\" itemscope itemtype=\"http:\/\/schema.org\/ImageObject\"> <a href=\"https:\/\/www.hoymercedes.com.ar\/principal\/2016\/03\/18\/memoria-verdad-justicia-y-peatonal-para-toda-la-familia\/peatonal-17-03-16dsc_0848\/#main\" border=\"0\" itemprop=\"url\"> <meta itemprop=\"width\" content=\"395\"> <meta itemprop=\"height\" content=\"262\"> <img decoding=\"async\" class=\"\" data-attachment-id=\"47888\" data-orig-file=\"https:\/\/www.hoymercedes.com.ar\/principal\/wp-content\/uploads\/2016\/03\/peatonal-17.03.16DSC_0848.jpg\" data-orig-size=\"620,412\" data-comments-opened=\"1\" data-image-meta=\"{&quot;aperture&quot;:&quot;0&quot;,&quot;credit&quot;:&quot;&quot;,&quot;camera&quot;:&quot;&quot;,&quot;caption&quot;:&quot;&quot;,&quot;created_timestamp&quot;:&quot;0&quot;,&quot;copyright&quot;:&quot;&quot;,&quot;focal_length&quot;:&quot;0&quot;,&quot;iso&quot;:&quot;0&quot;,&quot;shutter_speed&quot;:&quot;0&quot;,&quot;title&quot;:&quot;&quot;,&quot;orientation&quot;:&quot;0&quot;}\" data-image-title=\"peatonal-17.03.16DSC_0848\" data-image-description=\"\" data-medium-file=\"https:\/\/www.hoymercedes.com.ar\/principal\/wp-content\/uploads\/2016\/03\/peatonal-17.03.16DSC_0848.jpg\" data-large-file=\"https:\/\/www.hoymercedes.com.ar\/principal\/wp-content\/uploads\/2016\/03\/peatonal-17.03.16DSC_0848.jpg\" src=\"https:\/\/i0.wp.com\/www.hoymercedes.com.ar\/principal\/wp-content\/uploads\/2016\/03\/peatonal-17.03.16DSC_0848.jpg?w=395&#038;h=262&#038;ssl=1\" srcset=\"https:\/\/www.hoymercedes.com.ar\/principal\/wp-content\/uploads\/2016\/03\/peatonal-17.03.16DSC_0848.jpg 620w, https:\/\/www.hoymercedes.com.ar\/principal\/wp-content\/uploads\/2016\/03\/peatonal-17.03.16DSC_0848-150x100.jpg 150w, https:\/\/www.hoymercedes.com.ar\/principal\/wp-content\/uploads\/2016\/03\/peatonal-17.03.16DSC_0848-300x200.jpg 300w\" width=\"395\" height=\"262\" loading=\"lazy\" data-original-width=\"395\" data-original-height=\"262\" itemprop=\"http:\/\/schema.org\/image\" title=\"peatonal-17.03.16DSC_0848\" alt=\"peatonal-17.03.16DSC_0848\" style=\"width: 395px; height: 262px;\" \/> <\/a> <\/div> <\/div> <!-- close group --> <div class=\"gallery-group images-1\" style=\"width: 801px; height: 533px;\" data-original-width=\"801\" data-original-height=\"533\" > <div class=\"tiled-gallery-item tiled-gallery-item-large\" itemprop=\"associatedMedia\" itemscope itemtype=\"http:\/\/schema.org\/ImageObject\"> <a href=\"https:\/\/www.hoymercedes.com.ar\/principal\/2016\/03\/18\/memoria-verdad-justicia-y-peatonal-para-toda-la-familia\/peatonal-17-03-16dsc_0862\/#main\" border=\"0\" itemprop=\"url\"> <meta itemprop=\"width\" content=\"797\"> <meta itemprop=\"height\" content=\"529\"> <img decoding=\"async\" class=\"\" data-attachment-id=\"47889\" data-orig-file=\"https:\/\/www.hoymercedes.com.ar\/principal\/wp-content\/uploads\/2016\/03\/peatonal-17.03.16DSC_0862.jpg\" data-orig-size=\"620,412\" data-comments-opened=\"1\" data-image-meta=\"{&quot;aperture&quot;:&quot;0&quot;,&quot;credit&quot;:&quot;&quot;,&quot;camera&quot;:&quot;&quot;,&quot;caption&quot;:&quot;&quot;,&quot;created_timestamp&quot;:&quot;0&quot;,&quot;copyright&quot;:&quot;&quot;,&quot;focal_length&quot;:&quot;0&quot;,&quot;iso&quot;:&quot;0&quot;,&quot;shutter_speed&quot;:&quot;0&quot;,&quot;title&quot;:&quot;&quot;,&quot;orientation&quot;:&quot;0&quot;}\" data-image-title=\"peatonal-17.03.16DSC_0862\" data-image-description=\"\" data-medium-file=\"https:\/\/www.hoymercedes.com.ar\/principal\/wp-content\/uploads\/2016\/03\/peatonal-17.03.16DSC_0862.jpg\" data-large-file=\"https:\/\/www.hoymercedes.com.ar\/principal\/wp-content\/uploads\/2016\/03\/peatonal-17.03.16DSC_0862.jpg\" src=\"https:\/\/i0.wp.com\/www.hoymercedes.com.ar\/principal\/wp-content\/uploads\/2016\/03\/peatonal-17.03.16DSC_0862.jpg?w=797&#038;h=529&#038;ssl=1\" srcset=\"https:\/\/www.hoymercedes.com.ar\/principal\/wp-content\/uploads\/2016\/03\/peatonal-17.03.16DSC_0862.jpg 620w, https:\/\/www.hoymercedes.com.ar\/principal\/wp-content\/uploads\/2016\/03\/peatonal-17.03.16DSC_0862-150x100.jpg 150w, https:\/\/www.hoymercedes.com.ar\/principal\/wp-content\/uploads\/2016\/03\/peatonal-17.03.16DSC_0862-300x200.jpg 300w\" width=\"797\" height=\"529\" loading=\"lazy\" data-original-width=\"797\" data-original-height=\"529\" itemprop=\"http:\/\/schema.org\/image\" title=\"peatonal-17.03.16DSC_0862\" alt=\"peatonal-17.03.16DSC_0862\" style=\"width: 797px; height: 529px;\" \/> <\/a> <\/div> <\/div> <!-- close group --> <\/div> <!-- close row --> <div class=\"gallery-row\" style=\"width: 1200px; height: 553px;\" data-original-width=\"1200\" data-original-height=\"553\" > <div class=\"gallery-group images-1\" style=\"width: 831px; height: 553px;\" data-original-width=\"831\" data-original-height=\"553\" > <div class=\"tiled-gallery-item tiled-gallery-item-large\" itemprop=\"associatedMedia\" itemscope itemtype=\"http:\/\/schema.org\/ImageObject\"> <a href=\"https:\/\/www.hoymercedes.com.ar\/principal\/2016\/03\/18\/memoria-verdad-justicia-y-peatonal-para-toda-la-familia\/peatonal-17-03-16dsc_0863\/#main\" border=\"0\" itemprop=\"url\"> <meta itemprop=\"width\" content=\"827\"> <meta itemprop=\"height\" content=\"549\"> <img decoding=\"async\" class=\"\" data-attachment-id=\"47890\" data-orig-file=\"https:\/\/www.hoymercedes.com.ar\/principal\/wp-content\/uploads\/2016\/03\/peatonal-17.03.16DSC_0863.jpg\" data-orig-size=\"620,412\" data-comments-opened=\"1\" data-image-meta=\"{&quot;aperture&quot;:&quot;0&quot;,&quot;credit&quot;:&quot;&quot;,&quot;camera&quot;:&quot;&quot;,&quot;caption&quot;:&quot;&quot;,&quot;created_timestamp&quot;:&quot;0&quot;,&quot;copyright&quot;:&quot;&quot;,&quot;focal_length&quot;:&quot;0&quot;,&quot;iso&quot;:&quot;0&quot;,&quot;shutter_speed&quot;:&quot;0&quot;,&quot;title&quot;:&quot;&quot;,&quot;orientation&quot;:&quot;0&quot;}\" data-image-title=\"peatonal-17.03.16DSC_0863\" data-image-description=\"\" data-medium-file=\"https:\/\/www.hoymercedes.com.ar\/principal\/wp-content\/uploads\/2016\/03\/peatonal-17.03.16DSC_0863.jpg\" data-large-file=\"https:\/\/www.hoymercedes.com.ar\/principal\/wp-content\/uploads\/2016\/03\/peatonal-17.03.16DSC_0863.jpg\" src=\"https:\/\/i0.wp.com\/www.hoymercedes.com.ar\/principal\/wp-content\/uploads\/2016\/03\/peatonal-17.03.16DSC_0863.jpg?w=827&#038;h=549&#038;ssl=1\" srcset=\"https:\/\/www.hoymercedes.com.ar\/principal\/wp-content\/uploads\/2016\/03\/peatonal-17.03.16DSC_0863.jpg 620w, https:\/\/www.hoymercedes.com.ar\/principal\/wp-content\/uploads\/2016\/03\/peatonal-17.03.16DSC_0863-150x100.jpg 150w, https:\/\/www.hoymercedes.com.ar\/principal\/wp-content\/uploads\/2016\/03\/peatonal-17.03.16DSC_0863-300x200.jpg 300w\" width=\"827\" height=\"549\" loading=\"lazy\" data-original-width=\"827\" data-original-height=\"549\" itemprop=\"http:\/\/schema.org\/image\" title=\"peatonal-17.03.16DSC_0863\" alt=\"peatonal-17.03.16DSC_0863\" style=\"width: 827px; height: 549px;\" \/> <\/a> <\/div> <\/div> <!-- close group --> <div class=\"gallery-group images-1\" style=\"width: 369px; height: 553px;\" data-original-width=\"369\" data-original-height=\"553\" > <div class=\"tiled-gallery-item tiled-gallery-item-large\" itemprop=\"associatedMedia\" itemscope itemtype=\"http:\/\/schema.org\/ImageObject\"> <a href=\"https:\/\/www.hoymercedes.com.ar\/principal\/2016\/03\/18\/memoria-verdad-justicia-y-peatonal-para-toda-la-familia\/peatonal-17-03-16dsc_0879\/#main\" border=\"0\" itemprop=\"url\"> <meta itemprop=\"width\" content=\"365\"> <meta itemprop=\"height\" content=\"549\"> <img decoding=\"async\" class=\"\" data-attachment-id=\"47891\" data-orig-file=\"https:\/\/www.hoymercedes.com.ar\/principal\/wp-content\/uploads\/2016\/03\/peatonal-17.03.16DSC_0879.jpg\" data-orig-size=\"620,932\" data-comments-opened=\"1\" data-image-meta=\"{&quot;aperture&quot;:&quot;0&quot;,&quot;credit&quot;:&quot;&quot;,&quot;camera&quot;:&quot;&quot;,&quot;caption&quot;:&quot;&quot;,&quot;created_timestamp&quot;:&quot;0&quot;,&quot;copyright&quot;:&quot;&quot;,&quot;focal_length&quot;:&quot;0&quot;,&quot;iso&quot;:&quot;0&quot;,&quot;shutter_speed&quot;:&quot;0&quot;,&quot;title&quot;:&quot;&quot;,&quot;orientation&quot;:&quot;0&quot;}\" data-image-title=\"peatonal-17.03.16DSC_0879\" data-image-description=\"\" data-medium-file=\"https:\/\/www.hoymercedes.com.ar\/principal\/wp-content\/uploads\/2016\/03\/peatonal-17.03.16DSC_0879-412x620.jpg\" data-large-file=\"https:\/\/www.hoymercedes.com.ar\/principal\/wp-content\/uploads\/2016\/03\/peatonal-17.03.16DSC_0879.jpg\" src=\"https:\/\/i0.wp.com\/www.hoymercedes.com.ar\/principal\/wp-content\/uploads\/2016\/03\/peatonal-17.03.16DSC_0879.jpg?w=365&#038;h=549&#038;ssl=1\" srcset=\"https:\/\/www.hoymercedes.com.ar\/principal\/wp-content\/uploads\/2016\/03\/peatonal-17.03.16DSC_0879.jpg 620w, https:\/\/www.hoymercedes.com.ar\/principal\/wp-content\/uploads\/2016\/03\/peatonal-17.03.16DSC_0879-100x150.jpg 100w, https:\/\/www.hoymercedes.com.ar\/principal\/wp-content\/uploads\/2016\/03\/peatonal-17.03.16DSC_0879-412x620.jpg 412w\" width=\"365\" height=\"549\" loading=\"lazy\" data-original-width=\"365\" data-original-height=\"549\" itemprop=\"http:\/\/schema.org\/image\" title=\"peatonal-17.03.16DSC_0879\" alt=\"peatonal-17.03.16DSC_0879\" style=\"width: 365px; height: 549px;\" \/> <\/a> <\/div> <\/div> <!-- close group --> <\/div> <!-- close row --> <div class=\"gallery-row\" style=\"width: 1200px; height: 799px;\" data-original-width=\"1200\" data-original-height=\"799\" > <div class=\"gallery-group images-1\" style=\"width: 1200px; height: 799px;\" data-original-width=\"1200\" data-original-height=\"799\" > <div class=\"tiled-gallery-item tiled-gallery-item-large\" itemprop=\"associatedMedia\" itemscope itemtype=\"http:\/\/schema.org\/ImageObject\"> <a href=\"https:\/\/www.hoymercedes.com.ar\/principal\/2016\/03\/18\/memoria-verdad-justicia-y-peatonal-para-toda-la-familia\/peatonal-17-03-16dsc_0903\/#main\" border=\"0\" itemprop=\"url\"> <meta itemprop=\"width\" content=\"1196\"> <meta itemprop=\"height\" content=\"795\"> <img decoding=\"async\" class=\"\" data-attachment-id=\"47892\" data-orig-file=\"https:\/\/www.hoymercedes.com.ar\/principal\/wp-content\/uploads\/2016\/03\/peatonal-17.03.16DSC_0903.jpg\" data-orig-size=\"620,412\" data-comments-opened=\"1\" data-image-meta=\"{&quot;aperture&quot;:&quot;0&quot;,&quot;credit&quot;:&quot;&quot;,&quot;camera&quot;:&quot;&quot;,&quot;caption&quot;:&quot;&quot;,&quot;created_timestamp&quot;:&quot;0&quot;,&quot;copyright&quot;:&quot;&quot;,&quot;focal_length&quot;:&quot;0&quot;,&quot;iso&quot;:&quot;0&quot;,&quot;shutter_speed&quot;:&quot;0&quot;,&quot;title&quot;:&quot;&quot;,&quot;orientation&quot;:&quot;0&quot;}\" data-image-title=\"peatonal-17.03.16DSC_0903\" data-image-description=\"\" data-medium-file=\"https:\/\/www.hoymercedes.com.ar\/principal\/wp-content\/uploads\/2016\/03\/peatonal-17.03.16DSC_0903.jpg\" data-large-file=\"https:\/\/www.hoymercedes.com.ar\/principal\/wp-content\/uploads\/2016\/03\/peatonal-17.03.16DSC_0903.jpg\" src=\"https:\/\/i0.wp.com\/www.hoymercedes.com.ar\/principal\/wp-content\/uploads\/2016\/03\/peatonal-17.03.16DSC_0903.jpg?w=1196&#038;h=795&#038;ssl=1\" srcset=\"https:\/\/www.hoymercedes.com.ar\/principal\/wp-content\/uploads\/2016\/03\/peatonal-17.03.16DSC_0903.jpg 620w, https:\/\/www.hoymercedes.com.ar\/principal\/wp-content\/uploads\/2016\/03\/peatonal-17.03.16DSC_0903-150x100.jpg 150w, https:\/\/www.hoymercedes.com.ar\/principal\/wp-content\/uploads\/2016\/03\/peatonal-17.03.16DSC_0903-300x200.jpg 300w\" width=\"1196\" height=\"795\" loading=\"lazy\" data-original-width=\"1196\" data-original-height=\"795\" itemprop=\"http:\/\/schema.org\/image\" title=\"peatonal-17.03.16DSC_0903\" alt=\"peatonal-17.03.16DSC_0903\" style=\"width: 1196px; height: 795px;\" \/> <\/a> <\/div> <\/div> <!-- close group --> <\/div> <!-- close row --> <\/div>\n","protected":false},"excerpt":{"rendered":"<p>Continuando con las actividades del mes de la Memoria, la Verdad y la Justicia durante la tarde del jueves se &#8230; <a title=\"Memoria, Verdad, Justicia y peatonal para toda la familia\" class=\"read-more\" href=\"https:\/\/www.hoymercedes.com.ar\/principal\/2016\/03\/18\/memoria-verdad-justicia-y-peatonal-para-toda-la-familia\/\" aria-label=\"Leer m\u00e1s sobre Memoria, Verdad, Justicia y peatonal para toda la familia\">Leer m\u00e1s<\/a><\/p>\n","protected":false},"author":1,"featured_media":47880,"comment_status":"open","ping_status":"open","sticky":false,"template":"","format":"standard","meta":{"_monsterinsights_skip_tracking":false,"_monsterinsights_sitenote_active":false,"_monsterinsights_sitenote_note":"","_monsterinsights_sitenote_category":0,"jetpack_post_was_ever_published":false,"_jetpack_newsletter_access":"","_jetpack_dont_email_post_to_subs":false,"_jetpack_newsletter_tier_id":0,"_jetpack_memberships_contains_paywalled_content":false,"_jetpack_memberships_contains_paid_content":false,"footnotes":"","jetpack_publicize_message":"","jetpack_publicize_feature_enabled":true,"jetpack_social_post_already_shared":true,"jetpack_social_options":{"image_generator_settings":{"template":"highway","default_image_id":0,"font":"","enabled":false},"version":2},"_wpas_customize_per_network":false},"categories":[8],"tags":[4935,7073,739,8670,8256],"class_list":["post-47879","post","type-post","status-publish","format-standard","has-post-thumbnail","hentry","category-sociedad","tag-memoria","tag-coordinacion-de-derechos-humanos","tag-direccion-de-cultura","tag-peatonal-mercedes","tag-verdad-y-justicia","generate-columns","tablet-grid-50","mobile-grid-100","grid-parent","grid-50"],"jetpack_publicize_connections":[],"jetpack_featured_media_url":"https:\/\/www.hoymercedes.com.ar\/principal\/wp-content\/uploads\/2016\/03\/peatonal-17.03.16DSC_0889.jpg","wps_subtitle":"A 40 a\u00f1os del golpe","jetpack_sharing_enabled":true,"_links":{"self":[{"href":"https:\/\/www.hoymercedes.com.ar\/principal\/wp-json\/wp\/v2\/posts\/47879","targetHints":{"allow":["GET"]}}],"collection":[{"href":"https:\/\/www.hoymercedes.com.ar\/principal\/wp-json\/wp\/v2\/posts"}],"about":[{"href":"https:\/\/www.hoymercedes.com.ar\/principal\/wp-json\/wp\/v2\/types\/post"}],"author":[{"embeddable":true,"href":"https:\/\/www.hoymercedes.com.ar\/principal\/wp-json\/wp\/v2\/users\/1"}],"replies":[{"embeddable":true,"href":"https:\/\/www.hoymercedes.com.ar\/principal\/wp-json\/wp\/v2\/comments?post=47879"}],"version-history":[{"count":0,"href":"https:\/\/www.hoymercedes.com.ar\/principal\/wp-json\/wp\/v2\/posts\/47879\/revisions"}],"wp:featuredmedia":[{"embeddable":true,"href":"https:\/\/www.hoymercedes.com.ar\/principal\/wp-json\/wp\/v2\/media\/47880"}],"wp:attachment":[{"href":"https:\/\/www.hoymercedes.com.ar\/principal\/wp-json\/wp\/v2\/media?parent=47879"}],"wp:term":[{"taxonomy":"category","embeddable":true,"href":"https:\/\/www.hoymercedes.com.ar\/principal\/wp-json\/wp\/v2\/categories?post=47879"},{"taxonomy":"post_tag","embeddable":true,"href":"https:\/\/www.hoymercedes.com.ar\/principal\/wp-json\/wp\/v2\/tags?post=47879"}],"curies":[{"name":"wp","href":"https:\/\/api.w.org\/{rel}","templated":true}]}}