{"id":47902,"date":"2016-03-18T15:29:42","date_gmt":"2016-03-18T18:29:42","guid":{"rendered":"http:\/\/www.hoymercedes.com.ar\/principal\/?p=47902"},"modified":"2016-03-18T15:29:42","modified_gmt":"2016-03-18T18:29:42","slug":"accidente-fatal-sobre-ruta-5-un-muerto-por-el-fuego-y-varios-heridos","status":"publish","type":"post","link":"https:\/\/www.hoymercedes.com.ar\/principal\/2016\/03\/18\/accidente-fatal-sobre-ruta-5-un-muerto-por-el-fuego-y-varios-heridos\/","title":{"rendered":"Accidente fatal sobre Ruta 5: un muerto por el fuego y varios heridos"},"content":{"rendered":"<figure id=\"attachment_47903\" aria-describedby=\"caption-attachment-47903\" style=\"width: 620px\" class=\"wp-caption aligncenter\"><img loading=\"lazy\" decoding=\"async\" data-attachment-id=\"47903\" data-permalink=\"https:\/\/www.hoymercedes.com.ar\/principal\/2016\/03\/18\/accidente-fatal-sobre-ruta-5-un-muerto-por-el-fuego-y-varios-heridos\/18-accidente-r5-2\/#main\" data-orig-file=\"https:\/\/www.hoymercedes.com.ar\/principal\/wp-content\/uploads\/2016\/03\/18-accidente-r5-2.jpg\" data-orig-size=\"640,360\" data-comments-opened=\"1\" data-image-meta=\"{&quot;aperture&quot;:&quot;0&quot;,&quot;credit&quot;:&quot;&quot;,&quot;camera&quot;:&quot;&quot;,&quot;caption&quot;:&quot;&quot;,&quot;created_timestamp&quot;:&quot;0&quot;,&quot;copyright&quot;:&quot;&quot;,&quot;focal_length&quot;:&quot;0&quot;,&quot;iso&quot;:&quot;0&quot;,&quot;shutter_speed&quot;:&quot;0&quot;,&quot;title&quot;:&quot;&quot;,&quot;orientation&quot;:&quot;0&quot;}\" data-image-title=\"18 accidente r5 2\" data-image-description=\"\" data-image-caption=\"\" data-large-file=\"https:\/\/www.hoymercedes.com.ar\/principal\/wp-content\/uploads\/2016\/03\/18-accidente-r5-2.jpg\" class=\"wp-image-47903 size-medium\" src=\"https:\/\/www.hoymercedes.com.ar\/principal\/wp-content\/uploads\/2016\/03\/18-accidente-r5-2-630x354.jpg\" alt=\"18 accidente r5 2\" width=\"630\" height=\"354\" srcset=\"https:\/\/www.hoymercedes.com.ar\/principal\/wp-content\/uploads\/2016\/03\/18-accidente-r5-2-630x354.jpg 630w, https:\/\/www.hoymercedes.com.ar\/principal\/wp-content\/uploads\/2016\/03\/18-accidente-r5-2-150x84.jpg 150w, https:\/\/www.hoymercedes.com.ar\/principal\/wp-content\/uploads\/2016\/03\/18-accidente-r5-2.jpg 640w\" sizes=\"auto, (max-width: 630px) 100vw, 630px\" \/><figcaption id=\"caption-attachment-47903\" class=\"wp-caption-text\">Foto: Oscar Lasala<\/figcaption><\/figure>\n<p><em><strong>Entre las localidades de Suipacha y Chivilcoy, alrededor de las 06.10am de\u00a0viernes 18 de marzo ocurri\u00f3 un nuevo siniestro vial sobre la Ruta Nacional N\u00ba 5. Una mujer perdi\u00f3 la vida por las llamas que invadieron el veh\u00edculo en que se transportaban. Su esposo est\u00e1 gravemente internado con el 80% del cuerpo con quemaduras.<\/strong><\/em><\/p>\n<p>Los medios de las localidades vecinas confirmaron que cerca de las seis de la ma\u00f1ana, en el\u00a0km 138,500 de la ruta nacional 5 , en jurisdicci\u00f3n de Suipacha se produjo la colisi\u00f3n entre dos veh\u00edculos dando como \u00a0saldo lamentable, una persona fallecida , y cuatro heridos, uno de car\u00e1cter grave y tres con heridas leves. Actuaron en el lugar los bomberos, polic\u00eda y el Homei de Suipacha.<\/p>\n<p>Los\u00a0dos veh\u00edculos circulaban en el mismo sentido. Por un lado, un Ford Focus, color gris, domino FWZ331, ocupado por tres j\u00f3venes entre 25 y 33 a\u00f1os de la localidad de\u00a0Alberti.\u00a0Sobre el puente ubicado sobre el arroyo \u201cLas Saladas\u201c colisionaron violentamente con la parte trasera de una Volkswagen Saveiro , color bordeaux , dominio UVG109 , que circulaba delante rumbo a Chivilcoy. All\u00ed viajaba una pareja de m\u00e1s de 60 a\u00f1os, ambos domiciliados en la localidad de Presidente Derqui, partido de Pilar y son los que terminaron con el peor panorama.<\/p>\n<p>Producto de la violenta colisi\u00f3n la Volkswagen se incendia y ambos veh\u00edculos caen por el profundo desnivel del terrapl\u00e9n del puente , quedando finalmente ubicados sobre la cuneta ubicada en la zona de pr\u00e9stamo donde el incendio es sofocado por otros automovilistas que circulaban por la ruta y por bomberos de Suipacha . Lamentablemente la pareja que circulaba en la Saveiro es despedida del veh\u00edculo falleciendo en el lugar la se\u00f1ora Mar\u00eda Ang\u00e9lica Kozuh de 62 a\u00f1os, en tanto con heridas graves qued\u00f3 el chofer de dicho veh\u00edculo, el se\u00f1or Manuel Granda. En tanto los ocupantes del Ford Focus resultan con heridas leves.<\/p>\n<p>Intervinieron Bomberos Voluntarios, polic\u00eda comunal, CPR, ambulancias del Hospital Esteban Iribarne de Suipacha<\/p>\n<p>Fotos: Jorge Lasala<\/p>\n<p><img loading=\"lazy\" decoding=\"async\" data-attachment-id=\"47904\" data-permalink=\"https:\/\/www.hoymercedes.com.ar\/principal\/2016\/03\/18\/accidente-fatal-sobre-ruta-5-un-muerto-por-el-fuego-y-varios-heridos\/18-accidente-r5-1\/#main\" data-orig-file=\"https:\/\/www.hoymercedes.com.ar\/principal\/wp-content\/uploads\/2016\/03\/18-accidente-r5-1.jpg\" data-orig-size=\"640,360\" data-comments-opened=\"1\" data-image-meta=\"{&quot;aperture&quot;:&quot;0&quot;,&quot;credit&quot;:&quot;&quot;,&quot;camera&quot;:&quot;&quot;,&quot;caption&quot;:&quot;&quot;,&quot;created_timestamp&quot;:&quot;0&quot;,&quot;copyright&quot;:&quot;&quot;,&quot;focal_length&quot;:&quot;0&quot;,&quot;iso&quot;:&quot;0&quot;,&quot;shutter_speed&quot;:&quot;0&quot;,&quot;title&quot;:&quot;&quot;,&quot;orientation&quot;:&quot;0&quot;}\" data-image-title=\"18 accidente r5 1\" data-image-description=\"\" data-image-caption=\"\" data-large-file=\"https:\/\/www.hoymercedes.com.ar\/principal\/wp-content\/uploads\/2016\/03\/18-accidente-r5-1.jpg\" class=\"aligncenter size-medium wp-image-47904\" src=\"https:\/\/www.hoymercedes.com.ar\/principal\/wp-content\/uploads\/2016\/03\/18-accidente-r5-1-630x354.jpg\" alt=\"18 accidente r5 1\" width=\"630\" height=\"354\" srcset=\"https:\/\/www.hoymercedes.com.ar\/principal\/wp-content\/uploads\/2016\/03\/18-accidente-r5-1-630x354.jpg 630w, https:\/\/www.hoymercedes.com.ar\/principal\/wp-content\/uploads\/2016\/03\/18-accidente-r5-1-150x84.jpg 150w, https:\/\/www.hoymercedes.com.ar\/principal\/wp-content\/uploads\/2016\/03\/18-accidente-r5-1.jpg 640w\" sizes=\"auto, (max-width: 630px) 100vw, 630px\" \/><\/p>\n","protected":false},"excerpt":{"rendered":"<p>Entre las localidades de Suipacha y Chivilcoy, alrededor de las 06.10am de\u00a0viernes 18 de marzo ocurri\u00f3 un nuevo siniestro vial &#8230; <a title=\"Accidente fatal sobre Ruta 5: un muerto por el fuego y varios heridos\" class=\"read-more\" href=\"https:\/\/www.hoymercedes.com.ar\/principal\/2016\/03\/18\/accidente-fatal-sobre-ruta-5-un-muerto-por-el-fuego-y-varios-heridos\/\" aria-label=\"Leer m\u00e1s sobre Accidente fatal sobre Ruta 5: un muerto por el fuego y varios heridos\">Leer m\u00e1s<\/a><\/p>\n","protected":false},"author":1,"featured_media":47903,"comment_status":"open","ping_status":"open","sticky":false,"template":"","format":"standard","meta":{"_monsterinsights_skip_tracking":false,"_monsterinsights_sitenote_active":false,"_monsterinsights_sitenote_note":"","_monsterinsights_sitenote_category":0,"jetpack_post_was_ever_published":false,"_jetpack_newsletter_access":"","_jetpack_dont_email_post_to_subs":false,"_jetpack_newsletter_tier_id":0,"_jetpack_memberships_contains_paywalled_content":false,"_jetpack_memberships_contains_paid_content":false,"footnotes":"","jetpack_publicize_message":"","jetpack_publicize_feature_enabled":true,"jetpack_social_post_already_shared":true,"jetpack_social_options":{"image_generator_settings":{"template":"highway","default_image_id":0,"font":"","enabled":false},"version":2},"_wpas_customize_per_network":false},"categories":[85],"tags":[832,62,538,559],"class_list":["post-47902","post","type-post","status-publish","format-standard","has-post-thumbnail","hentry","category-policial","tag-accidente","tag-chivilcoy","tag-ruta-5","tag-suipacha","generate-columns","tablet-grid-50","mobile-grid-100","grid-parent","grid-50"],"jetpack_publicize_connections":[],"jetpack_featured_media_url":"https:\/\/www.hoymercedes.com.ar\/principal\/wp-content\/uploads\/2016\/03\/18-accidente-r5-2.jpg","wps_subtitle":"En el kil\u00f3metro 138,5","jetpack_sharing_enabled":true,"_links":{"self":[{"href":"https:\/\/www.hoymercedes.com.ar\/principal\/wp-json\/wp\/v2\/posts\/47902","targetHints":{"allow":["GET"]}}],"collection":[{"href":"https:\/\/www.hoymercedes.com.ar\/principal\/wp-json\/wp\/v2\/posts"}],"about":[{"href":"https:\/\/www.hoymercedes.com.ar\/principal\/wp-json\/wp\/v2\/types\/post"}],"author":[{"embeddable":true,"href":"https:\/\/www.hoymercedes.com.ar\/principal\/wp-json\/wp\/v2\/users\/1"}],"replies":[{"embeddable":true,"href":"https:\/\/www.hoymercedes.com.ar\/principal\/wp-json\/wp\/v2\/comments?post=47902"}],"version-history":[{"count":0,"href":"https:\/\/www.hoymercedes.com.ar\/principal\/wp-json\/wp\/v2\/posts\/47902\/revisions"}],"wp:featuredmedia":[{"embeddable":true,"href":"https:\/\/www.hoymercedes.com.ar\/principal\/wp-json\/wp\/v2\/media\/47903"}],"wp:attachment":[{"href":"https:\/\/www.hoymercedes.com.ar\/principal\/wp-json\/wp\/v2\/media?parent=47902"}],"wp:term":[{"taxonomy":"category","embeddable":true,"href":"https:\/\/www.hoymercedes.com.ar\/principal\/wp-json\/wp\/v2\/categories?post=47902"},{"taxonomy":"post_tag","embeddable":true,"href":"https:\/\/www.hoymercedes.com.ar\/principal\/wp-json\/wp\/v2\/tags?post=47902"}],"curies":[{"name":"wp","href":"https:\/\/api.w.org\/{rel}","templated":true}]}}