{"id":47929,"date":"2016-03-18T23:00:22","date_gmt":"2016-03-19T02:00:22","guid":{"rendered":"http:\/\/www.hoymercedes.com.ar\/principal\/?p=47929"},"modified":"2016-03-18T22:33:31","modified_gmt":"2016-03-19T01:33:31","slug":"se-reunieron-los-intendentes-de-la-cuenca-del-rio-lujan","status":"publish","type":"post","link":"https:\/\/www.hoymercedes.com.ar\/principal\/2016\/03\/18\/se-reunieron-los-intendentes-de-la-cuenca-del-rio-lujan\/","title":{"rendered":"Se reunieron los Intendentes de la Cuenca del R\u00edo Luj\u00e1n"},"content":{"rendered":"<p>Representantes de 15 ciudades de la regi\u00f3n se reunieron en la ciudad de Mercedes con el fin de interiorizarse sobre las propuestas para paliar y solucionar las posibles inundaciones en las localidades incluidas en la cuenca del R\u00edo Luj\u00e1n.<\/p>\n<p>El recinto del Concejo Deliberante de Mercedes\u00a0fue el espacio elegido por los\u00a0intendentes de las distintas localidades que conforman la cuenca del R\u00edo Luj\u00e1n para reunirse en la ma\u00f1ana del viernes 18 de marzo. La problem\u00e1tica hidr\u00e1ulica del cauce de agua dulce fue el principal, por no decir \u00fanico, tema del encuentro.<\/p>\n<p>El objetivo principal del encuentro fue dar respuesta efectiva y concreta a los vecinos de la cuenca del R\u00edo Luj\u00e1n que sufren los desbordes del cauce del agua provocando reiteradas inundaciones en zonas altamente pobladas. Las autoridades provinciales escucharon los reclamos y preocupaciones de cada municipio y adem\u00e1s indicaron cu\u00e1les son los pasos a seguir para poder ir concretando el largo camino de las obras con soluciones para estas zonas.<\/p>\n<p>Los dos principales oradores por parte del Gobierno provincial fueron Rodrigo Silvosa y Virginia Laino quienes explicaron qu\u00e9 obras son las necesarias en cada sector de cada ciudad perteneciente a la Cuenca del Luj\u00e1n. En pantalla gigante, expusieron sus propuestas y\u00a0mostraron los estudios realizados el a\u00f1o pasado.<\/p>\n<p>Los jefes comunales, pidieron celeridad para completar las obras hidr\u00e1ulicas y concreci\u00f3n de los proyectos pendientes a la vera del r\u00edo ya que la demora de estos trabajo implican graves consecuencias en los vecinos de los partidos, sobre todo, Luj\u00e1n, Mercedes y Pilar que son los m\u00e1s comprometidos.<\/p>\n<p>&nbsp;<\/p>\n<figure id=\"attachment_47930\" aria-describedby=\"caption-attachment-47930\" style=\"width: 620px\" class=\"wp-caption aligncenter\"><img loading=\"lazy\" decoding=\"async\" data-attachment-id=\"47930\" data-permalink=\"https:\/\/www.hoymercedes.com.ar\/principal\/2016\/03\/18\/se-reunieron-los-intendentes-de-la-cuenca-del-rio-lujan\/18-cuenca-intendentes\/#main\" data-orig-file=\"https:\/\/www.hoymercedes.com.ar\/principal\/wp-content\/uploads\/2016\/03\/18-cuenca-intendentes.jpg\" data-orig-size=\"640,427\" data-comments-opened=\"1\" data-image-meta=\"{&quot;aperture&quot;:&quot;0&quot;,&quot;credit&quot;:&quot;&quot;,&quot;camera&quot;:&quot;&quot;,&quot;caption&quot;:&quot;&quot;,&quot;created_timestamp&quot;:&quot;0&quot;,&quot;copyright&quot;:&quot;&quot;,&quot;focal_length&quot;:&quot;0&quot;,&quot;iso&quot;:&quot;0&quot;,&quot;shutter_speed&quot;:&quot;0&quot;,&quot;title&quot;:&quot;&quot;,&quot;orientation&quot;:&quot;0&quot;}\" data-image-title=\"18 cuenca intendentes\" data-image-description=\"\" data-image-caption=\"&lt;p&gt;Los Intendentes volver\u00e1n a reunirse en Pilar &lt;\/p&gt;\n\" data-large-file=\"https:\/\/www.hoymercedes.com.ar\/principal\/wp-content\/uploads\/2016\/03\/18-cuenca-intendentes.jpg\" class=\"size-medium wp-image-47930\" src=\"https:\/\/www.hoymercedes.com.ar\/principal\/wp-content\/uploads\/2016\/03\/18-cuenca-intendentes-630x420.jpg\" alt=\"Los Intendentes volver\u00e1n a reunirse en Pilar \" width=\"630\" height=\"420\" srcset=\"https:\/\/www.hoymercedes.com.ar\/principal\/wp-content\/uploads\/2016\/03\/18-cuenca-intendentes-630x420.jpg 630w, https:\/\/www.hoymercedes.com.ar\/principal\/wp-content\/uploads\/2016\/03\/18-cuenca-intendentes-150x100.jpg 150w, https:\/\/www.hoymercedes.com.ar\/principal\/wp-content\/uploads\/2016\/03\/18-cuenca-intendentes-300x200.jpg 300w, https:\/\/www.hoymercedes.com.ar\/principal\/wp-content\/uploads\/2016\/03\/18-cuenca-intendentes.jpg 640w\" sizes=\"auto, (max-width: 630px) 100vw, 630px\" \/><figcaption id=\"caption-attachment-47930\" class=\"wp-caption-text\">Los Intendentes volver\u00e1n a reunirse en Pilar<\/figcaption><\/figure>\n<p>Al finalizar el encuentro, se anunci\u00f3 una nueva reuni\u00f3n la cual se llevar\u00e1 a cabo en al localidad de Pilar donde los funcionarios Silvosa y Laino prometieron llevar el protocolo para actuar ante una inundaci\u00f3n, y acercarle a los intendentes las primeras propuestas concretas de obras.<\/p>\n<p>De dicho encuentro participaron los intendentes Alejandro Federico, de Suipacha; Oscar Luciani, de Luj\u00e1n; Nicol\u00e1s Ducot\u00e8, el jefe comunal de Pilar; Dar\u00edo Kubar, del Municipio de General Rodr\u00edguez; y Adri\u00e1n S\u00e1nchez, intendente de Exaltaci\u00f3n de la Cruz.\u00a0 En esta oportunidad se sumaron tambi\u00e9n la directora de Riesgos y Emergencias de la Provincia de Buenos Aires, Virginia Laino; el subsecretario de Hidr\u00e1ulica de la Provincia de Buenos Aires, Rodrigo Silvosa; el subsecretario de Asuntos Municipales de la Provincia de Buenos Aires, Alex Campbell; el subsecretario de Gobierno de la Provincia, Tom\u00e1s Salomone; y el presidente de la Autoridad del Agua, Pablo Rodrigu\u00e9z; entre otro importantes funcionarios bonaerenses competentes en la materia.<\/p>\n<p>Foto: Prensa Municipal<\/p>\n","protected":false},"excerpt":{"rendered":"<p>Representantes de 15 ciudades de la regi\u00f3n se reunieron en la ciudad de Mercedes con el fin de interiorizarse sobre &#8230; <a title=\"Se reunieron los Intendentes de la Cuenca del R\u00edo Luj\u00e1n\" class=\"read-more\" href=\"https:\/\/www.hoymercedes.com.ar\/principal\/2016\/03\/18\/se-reunieron-los-intendentes-de-la-cuenca-del-rio-lujan\/\" aria-label=\"Leer m\u00e1s sobre Se reunieron los Intendentes de la Cuenca del R\u00edo Luj\u00e1n\">Leer m\u00e1s<\/a><\/p>\n","protected":false},"author":1,"featured_media":47930,"comment_status":"open","ping_status":"open","sticky":false,"template":"","format":"standard","meta":{"_monsterinsights_skip_tracking":false,"_monsterinsights_sitenote_active":false,"_monsterinsights_sitenote_note":"","_monsterinsights_sitenote_category":0,"jetpack_post_was_ever_published":false,"_jetpack_newsletter_access":"","_jetpack_dont_email_post_to_subs":false,"_jetpack_newsletter_tier_id":0,"_jetpack_memberships_contains_paywalled_content":false,"_jetpack_memberships_contains_paid_content":false,"footnotes":"","jetpack_publicize_message":"","jetpack_publicize_feature_enabled":true,"jetpack_social_post_already_shared":true,"jetpack_social_options":{"image_generator_settings":{"template":"highway","default_image_id":0,"font":"","enabled":false},"version":2},"_wpas_customize_per_network":false},"categories":[30],"tags":[2312,15,8683,8685,8684],"class_list":["post-47929","post","type-post","status-publish","format-standard","has-post-thumbnail","hentry","category-municipio","tag-cuenca-rio-lujan","tag-hcd","tag-intendentes","tag-obras-hidraulicas","tag-reunion","generate-columns","tablet-grid-50","mobile-grid-100","grid-parent","grid-50"],"jetpack_publicize_connections":[],"jetpack_featured_media_url":"https:\/\/www.hoymercedes.com.ar\/principal\/wp-content\/uploads\/2016\/03\/18-cuenca-intendentes.jpg","wps_subtitle":"En la ciudad de Mercedes","jetpack_sharing_enabled":true,"_links":{"self":[{"href":"https:\/\/www.hoymercedes.com.ar\/principal\/wp-json\/wp\/v2\/posts\/47929","targetHints":{"allow":["GET"]}}],"collection":[{"href":"https:\/\/www.hoymercedes.com.ar\/principal\/wp-json\/wp\/v2\/posts"}],"about":[{"href":"https:\/\/www.hoymercedes.com.ar\/principal\/wp-json\/wp\/v2\/types\/post"}],"author":[{"embeddable":true,"href":"https:\/\/www.hoymercedes.com.ar\/principal\/wp-json\/wp\/v2\/users\/1"}],"replies":[{"embeddable":true,"href":"https:\/\/www.hoymercedes.com.ar\/principal\/wp-json\/wp\/v2\/comments?post=47929"}],"version-history":[{"count":0,"href":"https:\/\/www.hoymercedes.com.ar\/principal\/wp-json\/wp\/v2\/posts\/47929\/revisions"}],"wp:featuredmedia":[{"embeddable":true,"href":"https:\/\/www.hoymercedes.com.ar\/principal\/wp-json\/wp\/v2\/media\/47930"}],"wp:attachment":[{"href":"https:\/\/www.hoymercedes.com.ar\/principal\/wp-json\/wp\/v2\/media?parent=47929"}],"wp:term":[{"taxonomy":"category","embeddable":true,"href":"https:\/\/www.hoymercedes.com.ar\/principal\/wp-json\/wp\/v2\/categories?post=47929"},{"taxonomy":"post_tag","embeddable":true,"href":"https:\/\/www.hoymercedes.com.ar\/principal\/wp-json\/wp\/v2\/tags?post=47929"}],"curies":[{"name":"wp","href":"https:\/\/api.w.org\/{rel}","templated":true}]}}