{"id":47968,"date":"2016-03-20T19:08:01","date_gmt":"2016-03-20T22:08:01","guid":{"rendered":"http:\/\/www.hoymercedes.com.ar\/principal\/?p=47968"},"modified":"2016-03-20T19:08:01","modified_gmt":"2016-03-20T22:08:01","slug":"policia-local-inicio-el-proceso-de-seleccion-de-nuevos-aspirantes","status":"publish","type":"post","link":"https:\/\/www.hoymercedes.com.ar\/principal\/2016\/03\/20\/policia-local-inicio-el-proceso-de-seleccion-de-nuevos-aspirantes\/","title":{"rendered":"Polic\u00eda Local: inici\u00f3 el proceso de selecci\u00f3n de nuevos aspirantes"},"content":{"rendered":"<figure id=\"attachment_46988\" aria-describedby=\"caption-attachment-46988\" style=\"width: 610px\" class=\"wp-caption aligncenter\"><img loading=\"lazy\" decoding=\"async\" data-attachment-id=\"46988\" data-permalink=\"https:\/\/www.hoymercedes.com.ar\/principal\/2016\/01\/27\/control-urbano-llevo-a-cabo-encuentro-con-vecinos-por-agote-y-gowland\/kelly-josefina-controlurbano\/#main\" data-orig-file=\"https:\/\/www.hoymercedes.com.ar\/principal\/wp-content\/uploads\/2016\/01\/Kelly-Josefina-ControlUrbano.jpg\" data-orig-size=\"620,409\" data-comments-opened=\"1\" data-image-meta=\"{&quot;aperture&quot;:&quot;0&quot;,&quot;credit&quot;:&quot;&quot;,&quot;camera&quot;:&quot;&quot;,&quot;caption&quot;:&quot;&quot;,&quot;created_timestamp&quot;:&quot;0&quot;,&quot;copyright&quot;:&quot;&quot;,&quot;focal_length&quot;:&quot;0&quot;,&quot;iso&quot;:&quot;0&quot;,&quot;shutter_speed&quot;:&quot;0&quot;,&quot;title&quot;:&quot;&quot;,&quot;orientation&quot;:&quot;0&quot;}\" data-image-title=\"Kelly-Josefina-ControlUrbano\" data-image-description=\"\" data-image-caption=\"&lt;p&gt;Josefina Kelly, Secretaria de Control Urbano&lt;\/p&gt;\n\" data-large-file=\"https:\/\/www.hoymercedes.com.ar\/principal\/wp-content\/uploads\/2016\/01\/Kelly-Josefina-ControlUrbano.jpg\" class=\"size-full wp-image-46988\" src=\"https:\/\/www.hoymercedes.com.ar\/principal\/wp-content\/uploads\/2016\/01\/Kelly-Josefina-ControlUrbano.jpg\" alt=\"Josefina Kelly, Secretaria de Control Urbano\" width=\"620\" height=\"409\" srcset=\"https:\/\/www.hoymercedes.com.ar\/principal\/wp-content\/uploads\/2016\/01\/Kelly-Josefina-ControlUrbano.jpg 620w, https:\/\/www.hoymercedes.com.ar\/principal\/wp-content\/uploads\/2016\/01\/Kelly-Josefina-ControlUrbano-150x99.jpg 150w\" sizes=\"auto, (max-width: 620px) 100vw, 620px\" \/><figcaption id=\"caption-attachment-46988\" class=\"wp-caption-text\">Josefina Kelly, Secretaria de Control Urbano<\/figcaption><\/figure>\n<p><em><strong>Durante la ma\u00f1ana del pasado jueves se llev\u00f3 adelante el inicio del proceso de selecci\u00f3n e incorporaci\u00f3n de aspirantes a una nueva camada de Polic\u00eda Local. Es la segunda que se formar\u00e1 en nuestra localidad. Es estima para fin de a\u00f1o estar\u00edan recibidos. Se aguarda pronto el arribo de la autorizaci\u00f3n del Ministerio de Seguridad de la Provincia de Buenos Aires para que inicien funciones la promoci\u00f3n anterior.<\/strong><\/em><\/p>\n<p>La ma\u00f1ana del Unzu\u00e9, en las aulas del Centro Regional Universitario se volvieron a llenar de mercedinos esperanzados en ser uno de los seleccionados para conformar la nueva tanda de aspirantes a Polic\u00eda Local que ser\u00e1 formada en la escuela local.<\/p>\n<p>El encargado de la escuela es el Sub Comisario Jos\u00e9 Luis Gimeno quien nos cont\u00f3 que: \u201ctenemos 150 postulantes que inician el examen de ingreso para la Polic\u00eda de Prevenci\u00f3n Local Mercedes. Empezamos con los ex\u00e1menes psicol\u00f3gicos y los que aprueben seguir\u00e1n con el f\u00edsico. A fines de marzo arrancar\u00eda la cursada\u201d, sostuvo el hombre de las fuerzas de seguridad<\/p>\n<p>Por su parte, la Secretaria de Control Urbano coment\u00f3 que \u201cEl curso durar\u00e1 hasta noviembre, luego, por supuesto, depender\u00e1, los que egresen, del decreto provincial que los autorice a desempe\u00f1ar funciones\u201d en relaci\u00f3n a como se dar\u00e1 el cierre del ciclo formativo y el paso a la acci\u00f3n p\u00fablica.<\/p>\n<p>La Polic\u00eda Local es una fuerza que se cre\u00f3 el a\u00f1o pasado y que \u201ccumplir\u00e1n la funci\u00f3n propia de lo expuesto en la ley. Es polic\u00eda de proximidad, trabajar con el vecino, acercarse, resolver inquietudes en la v\u00eda p\u00fablica, consultas y en prevenci\u00f3n del delito que es tambi\u00e9n una funci\u00f3n que cumple el municipio en materia de seguridad\u201d coment\u00f3 Kelly.<\/p>\n<p>La funcionaria, junto a Gimeno y al Director de Seguridad, Esteban Rossi, estuvieron dando acompa\u00f1amiento a los j\u00f3venes mercedinos que iniciaron el camino formativo. Recordaban que la escuela se cre\u00f3 en 2014 y que durante el a\u00f1o pasado Mercedes llev\u00f3 a cabo su primera experiencia formativa. Los responsables continuaron el viernes dado que es muy fino el proceso de entrevistas.<\/p>\n<p>Los aspirantes son parte de un proceso de formaci\u00f3n que incluyen teor\u00eda y pr\u00e1ctica.<\/p>\n<p>Respecto a la nueva generaci\u00f3n se supo que cerca de 150 mercedinos se presentaron en la convocatoria que se llev\u00f3 a cabo y de los cuales estima la Secretar\u00eda de Control Urbano van a quedar entre 70 y 100 finalmente para en alg\u00fan momento salir a trabajar para los mercedinos.<\/p>\n<p>En relaci\u00f3n a los que hace un par de semanas se egresaron se est\u00e1 aguardando desde provincia se env\u00ede la autorizaci\u00f3n y habilitaci\u00f3n. Respecto a la parte local, la Municipalidad de Mercedes, ha cumplido en tiempo y forma con los requerimientos necesarios para que as\u00ed sea.<\/p>\n","protected":false},"excerpt":{"rendered":"<p>Durante la ma\u00f1ana del pasado jueves se llev\u00f3 adelante el inicio del proceso de selecci\u00f3n e incorporaci\u00f3n de aspirantes a &#8230; <a title=\"Polic\u00eda Local: inici\u00f3 el proceso de selecci\u00f3n de nuevos aspirantes\" class=\"read-more\" href=\"https:\/\/www.hoymercedes.com.ar\/principal\/2016\/03\/20\/policia-local-inicio-el-proceso-de-seleccion-de-nuevos-aspirantes\/\" aria-label=\"Leer m\u00e1s sobre Polic\u00eda Local: inici\u00f3 el proceso de selecci\u00f3n de nuevos aspirantes\">Leer m\u00e1s<\/a><\/p>\n","protected":false},"author":1,"featured_media":46988,"comment_status":"open","ping_status":"open","sticky":false,"template":"","format":"standard","meta":{"_monsterinsights_skip_tracking":false,"_monsterinsights_sitenote_active":false,"_monsterinsights_sitenote_note":"","_monsterinsights_sitenote_category":0,"jetpack_post_was_ever_published":false,"_jetpack_newsletter_access":"","_jetpack_dont_email_post_to_subs":false,"_jetpack_newsletter_tier_id":0,"_jetpack_memberships_contains_paywalled_content":false,"_jetpack_memberships_contains_paid_content":false,"footnotes":"","jetpack_publicize_message":"","jetpack_publicize_feature_enabled":true,"jetpack_social_post_already_shared":true,"jetpack_social_options":{"image_generator_settings":{"template":"highway","default_image_id":0,"font":"","enabled":false},"version":2},"_wpas_customize_per_network":false},"categories":[85],"tags":[8437],"class_list":["post-47968","post","type-post","status-publish","format-standard","has-post-thumbnail","hentry","category-policial","tag-josefina-kelly","generate-columns","tablet-grid-50","mobile-grid-100","grid-parent","grid-50"],"jetpack_publicize_connections":[],"jetpack_featured_media_url":"https:\/\/www.hoymercedes.com.ar\/principal\/wp-content\/uploads\/2016\/01\/Kelly-Josefina-ControlUrbano.jpg","wps_subtitle":"Seguridad local","jetpack_sharing_enabled":true,"_links":{"self":[{"href":"https:\/\/www.hoymercedes.com.ar\/principal\/wp-json\/wp\/v2\/posts\/47968","targetHints":{"allow":["GET"]}}],"collection":[{"href":"https:\/\/www.hoymercedes.com.ar\/principal\/wp-json\/wp\/v2\/posts"}],"about":[{"href":"https:\/\/www.hoymercedes.com.ar\/principal\/wp-json\/wp\/v2\/types\/post"}],"author":[{"embeddable":true,"href":"https:\/\/www.hoymercedes.com.ar\/principal\/wp-json\/wp\/v2\/users\/1"}],"replies":[{"embeddable":true,"href":"https:\/\/www.hoymercedes.com.ar\/principal\/wp-json\/wp\/v2\/comments?post=47968"}],"version-history":[{"count":0,"href":"https:\/\/www.hoymercedes.com.ar\/principal\/wp-json\/wp\/v2\/posts\/47968\/revisions"}],"wp:featuredmedia":[{"embeddable":true,"href":"https:\/\/www.hoymercedes.com.ar\/principal\/wp-json\/wp\/v2\/media\/46988"}],"wp:attachment":[{"href":"https:\/\/www.hoymercedes.com.ar\/principal\/wp-json\/wp\/v2\/media?parent=47968"}],"wp:term":[{"taxonomy":"category","embeddable":true,"href":"https:\/\/www.hoymercedes.com.ar\/principal\/wp-json\/wp\/v2\/categories?post=47968"},{"taxonomy":"post_tag","embeddable":true,"href":"https:\/\/www.hoymercedes.com.ar\/principal\/wp-json\/wp\/v2\/tags?post=47968"}],"curies":[{"name":"wp","href":"https:\/\/api.w.org\/{rel}","templated":true}]}}