{"id":47991,"date":"2016-03-21T09:32:29","date_gmt":"2016-03-21T12:32:29","guid":{"rendered":"http:\/\/www.hoymercedes.com.ar\/principal\/?p=47991"},"modified":"2016-03-21T16:19:18","modified_gmt":"2016-03-21T19:19:18","slug":"ingenieros-trabajan-sobre-un-polo-ferrovial-logistico","status":"publish","type":"post","link":"https:\/\/www.hoymercedes.com.ar\/principal\/2016\/03\/21\/ingenieros-trabajan-sobre-un-polo-ferrovial-logistico\/","title":{"rendered":"Ingenieros trabajan sobre un Polo FerroVial-Log\u00edstico"},"content":{"rendered":"<p><img loading=\"lazy\" decoding=\"async\" data-attachment-id=\"47992\" data-permalink=\"https:\/\/www.hoymercedes.com.ar\/principal\/2016\/03\/21\/ingenieros-trabajan-sobre-un-polo-ferrovial-logistico\/attachment\/015\/#main\" data-orig-file=\"https:\/\/www.hoymercedes.com.ar\/principal\/wp-content\/uploads\/2016\/03\/015.jpg\" data-orig-size=\"600,283\" data-comments-opened=\"1\" data-image-meta=\"{&quot;aperture&quot;:&quot;0&quot;,&quot;credit&quot;:&quot;&quot;,&quot;camera&quot;:&quot;&quot;,&quot;caption&quot;:&quot;&quot;,&quot;created_timestamp&quot;:&quot;0&quot;,&quot;copyright&quot;:&quot;&quot;,&quot;focal_length&quot;:&quot;0&quot;,&quot;iso&quot;:&quot;0&quot;,&quot;shutter_speed&quot;:&quot;0&quot;,&quot;title&quot;:&quot;&quot;,&quot;orientation&quot;:&quot;0&quot;}\" data-image-title=\"015\" data-image-description=\"\" data-image-caption=\"\" data-large-file=\"https:\/\/www.hoymercedes.com.ar\/principal\/wp-content\/uploads\/2016\/03\/015.jpg\" class=\"aligncenter size-full wp-image-47992\" src=\"https:\/\/www.hoymercedes.com.ar\/principal\/wp-content\/uploads\/2016\/03\/015.jpg\" alt=\"015\" width=\"600\" height=\"283\" srcset=\"https:\/\/www.hoymercedes.com.ar\/principal\/wp-content\/uploads\/2016\/03\/015.jpg 600w, https:\/\/www.hoymercedes.com.ar\/principal\/wp-content\/uploads\/2016\/03\/015-150x71.jpg 150w\" sizes=\"auto, (max-width: 600px) 100vw, 600px\" \/>El s\u00e1bado se reuni\u00f3 la comisi\u00f3n directiva del Centro de Ingenieros de Mercedes. Se llev\u00f3 a cabo un almuerzo de trabajo que cont\u00f3 con la presencia de especialistas en distintas tem\u00e1ticas, entre ellos: \u00a0Pablo Martorellien y el Dr. Marcelo Merlino\u00a0en V\u00edas Ferroviarias, \u00a0y el Ing. Iannone e Ing. Schenone en Log\u00edstica.<\/p>\n<p>En el encuentro se expuso y evalu\u00f3 exhaustivamente el tema Polo FerroVial-Log\u00edstico del Corredor Oeste.<\/p>\n<div>Adem\u00e1s, se le impuso del tema al\u00a0miembro del Centro, Ing. Lucas Fal, funcionario del Ministerio de Producci\u00f3n de la Provincia de Buenos Aires.<\/div>\n<div><\/div>\n","protected":false},"excerpt":{"rendered":"<p>El s\u00e1bado se reuni\u00f3 la comisi\u00f3n directiva del Centro de Ingenieros de Mercedes. Se llev\u00f3 a cabo un almuerzo de &#8230; <a title=\"Ingenieros trabajan sobre un Polo FerroVial-Log\u00edstico\" class=\"read-more\" href=\"https:\/\/www.hoymercedes.com.ar\/principal\/2016\/03\/21\/ingenieros-trabajan-sobre-un-polo-ferrovial-logistico\/\" aria-label=\"Leer m\u00e1s sobre Ingenieros trabajan sobre un Polo FerroVial-Log\u00edstico\">Leer m\u00e1s<\/a><\/p>\n","protected":false},"author":1,"featured_media":47992,"comment_status":"open","ping_status":"open","sticky":false,"template":"","format":"standard","meta":{"_monsterinsights_skip_tracking":false,"_monsterinsights_sitenote_active":false,"_monsterinsights_sitenote_note":"","_monsterinsights_sitenote_category":0,"jetpack_post_was_ever_published":false,"_jetpack_newsletter_access":"","_jetpack_dont_email_post_to_subs":false,"_jetpack_newsletter_tier_id":0,"_jetpack_memberships_contains_paywalled_content":false,"_jetpack_memberships_contains_paid_content":false,"footnotes":"","jetpack_publicize_message":"","jetpack_publicize_feature_enabled":true,"jetpack_social_post_already_shared":true,"jetpack_social_options":{"image_generator_settings":{"template":"highway","default_image_id":0,"font":"","enabled":false},"version":2},"_wpas_customize_per_network":false},"categories":[8],"tags":[8700,8701,7802],"class_list":["post-47991","post","type-post","status-publish","format-standard","has-post-thumbnail","hentry","category-sociedad","tag-ingenieros","tag-profesionales","tag-sociedad","generate-columns","tablet-grid-50","mobile-grid-100","grid-parent","grid-50"],"jetpack_publicize_connections":[],"jetpack_featured_media_url":"https:\/\/www.hoymercedes.com.ar\/principal\/wp-content\/uploads\/2016\/03\/015.jpg","wps_subtitle":"Para el Corredor Oeste","jetpack_sharing_enabled":true,"_links":{"self":[{"href":"https:\/\/www.hoymercedes.com.ar\/principal\/wp-json\/wp\/v2\/posts\/47991","targetHints":{"allow":["GET"]}}],"collection":[{"href":"https:\/\/www.hoymercedes.com.ar\/principal\/wp-json\/wp\/v2\/posts"}],"about":[{"href":"https:\/\/www.hoymercedes.com.ar\/principal\/wp-json\/wp\/v2\/types\/post"}],"author":[{"embeddable":true,"href":"https:\/\/www.hoymercedes.com.ar\/principal\/wp-json\/wp\/v2\/users\/1"}],"replies":[{"embeddable":true,"href":"https:\/\/www.hoymercedes.com.ar\/principal\/wp-json\/wp\/v2\/comments?post=47991"}],"version-history":[{"count":0,"href":"https:\/\/www.hoymercedes.com.ar\/principal\/wp-json\/wp\/v2\/posts\/47991\/revisions"}],"wp:featuredmedia":[{"embeddable":true,"href":"https:\/\/www.hoymercedes.com.ar\/principal\/wp-json\/wp\/v2\/media\/47992"}],"wp:attachment":[{"href":"https:\/\/www.hoymercedes.com.ar\/principal\/wp-json\/wp\/v2\/media?parent=47991"}],"wp:term":[{"taxonomy":"category","embeddable":true,"href":"https:\/\/www.hoymercedes.com.ar\/principal\/wp-json\/wp\/v2\/categories?post=47991"},{"taxonomy":"post_tag","embeddable":true,"href":"https:\/\/www.hoymercedes.com.ar\/principal\/wp-json\/wp\/v2\/tags?post=47991"}],"curies":[{"name":"wp","href":"https:\/\/api.w.org\/{rel}","templated":true}]}}