{"id":47997,"date":"2016-03-21T13:42:16","date_gmt":"2016-03-21T16:42:16","guid":{"rendered":"http:\/\/www.hoymercedes.com.ar\/principal\/?p=47997"},"modified":"2016-03-21T16:18:08","modified_gmt":"2016-03-21T19:18:08","slug":"esclarecen-varios-hechos-delictivos","status":"publish","type":"post","link":"https:\/\/www.hoymercedes.com.ar\/principal\/2016\/03\/21\/esclarecen-varios-hechos-delictivos\/","title":{"rendered":"Esclarecen varios hechos delictivos"},"content":{"rendered":"<p><img loading=\"lazy\" decoding=\"async\" data-attachment-id=\"47998\" data-permalink=\"https:\/\/www.hoymercedes.com.ar\/principal\/2016\/03\/21\/esclarecen-varios-hechos-delictivos\/poli\/#main\" data-orig-file=\"https:\/\/www.hoymercedes.com.ar\/principal\/wp-content\/uploads\/2016\/03\/poli.jpg\" data-orig-size=\"600,340\" data-comments-opened=\"1\" data-image-meta=\"{&quot;aperture&quot;:&quot;0&quot;,&quot;credit&quot;:&quot;&quot;,&quot;camera&quot;:&quot;&quot;,&quot;caption&quot;:&quot;&quot;,&quot;created_timestamp&quot;:&quot;0&quot;,&quot;copyright&quot;:&quot;&quot;,&quot;focal_length&quot;:&quot;0&quot;,&quot;iso&quot;:&quot;0&quot;,&quot;shutter_speed&quot;:&quot;0&quot;,&quot;title&quot;:&quot;&quot;,&quot;orientation&quot;:&quot;0&quot;}\" data-image-title=\"poli\" data-image-description=\"\" data-image-caption=\"\" data-large-file=\"https:\/\/www.hoymercedes.com.ar\/principal\/wp-content\/uploads\/2016\/03\/poli.jpg\" class=\"aligncenter size-full wp-image-47998\" src=\"https:\/\/www.hoymercedes.com.ar\/principal\/wp-content\/uploads\/2016\/03\/poli.jpg\" alt=\"poli\" width=\"600\" height=\"340\" srcset=\"https:\/\/www.hoymercedes.com.ar\/principal\/wp-content\/uploads\/2016\/03\/poli.jpg 600w, https:\/\/www.hoymercedes.com.ar\/principal\/wp-content\/uploads\/2016\/03\/poli-150x85.jpg 150w\" sizes=\"auto, (max-width: 600px) 100vw, 600px\" \/>Desde la Polic\u00eda Comunal Mercedes informaron que el pasado jueves tras un arduo trabajo de parte de los efectivos y su dirigencia se logr\u00f3 identificar al autor de un robo en local comercial de empresa Movistar de calle 25 entre 16 y 18.<\/p>\n<p>El hecho se hab\u00eda cometido el 14 de febrero pasado, cuando previo forzar la puerta de acceso al local y una vitrina exhibidora desconocidos se apoderaron de varios celulares de \u00faltima tecnolog\u00eda,<\/p>\n<p>Tras un trabajo de an\u00e1lisis telef\u00f3nico llevado a cabo por la UFI N\u00b0 7 se pudieron recuperar varios tel\u00e9fonos en poder de distintas personales, que fueron comercializados por el autor del il\u00edcito.<\/p>\n<p>El delincuente result\u00f3 ser menor de edad y por el momento se est\u00e1n evaluando las medidas a adoptar con el mismo.<\/p>\n<p>&nbsp;<\/p>\n<p><strong>Otro detenido<\/strong><\/p>\n<p>El pasado martes, la polic\u00eda tambi\u00e9n logr\u00f3 detener a un sujeto que fue identificado como Daniel Ram\u00edrez quien hab\u00eda forzado la puerta de una vivienda de calle 12 entre 49 y 51, intentando ingresar en la misma. Tras un llamado al 911 la polic\u00eda logr\u00f3 aprehenderlo y fue alojado en la dependencia policial.<\/p>\n","protected":false},"excerpt":{"rendered":"<p>Desde la Polic\u00eda Comunal Mercedes informaron que el pasado jueves tras un arduo trabajo de parte de los efectivos y &#8230; <a title=\"Esclarecen varios hechos delictivos\" class=\"read-more\" href=\"https:\/\/www.hoymercedes.com.ar\/principal\/2016\/03\/21\/esclarecen-varios-hechos-delictivos\/\" aria-label=\"Leer m\u00e1s sobre Esclarecen varios hechos delictivos\">Leer m\u00e1s<\/a><\/p>\n","protected":false},"author":1,"featured_media":47998,"comment_status":"open","ping_status":"open","sticky":false,"template":"","format":"standard","meta":{"_monsterinsights_skip_tracking":false,"_monsterinsights_sitenote_active":false,"_monsterinsights_sitenote_note":"","_monsterinsights_sitenote_category":0,"jetpack_post_was_ever_published":false,"_jetpack_newsletter_access":"","_jetpack_dont_email_post_to_subs":false,"_jetpack_newsletter_tier_id":0,"_jetpack_memberships_contains_paywalled_content":false,"_jetpack_memberships_contains_paid_content":false,"footnotes":"","jetpack_publicize_message":"","jetpack_publicize_feature_enabled":true,"jetpack_social_post_already_shared":true,"jetpack_social_options":{"image_generator_settings":{"template":"highway","default_image_id":0,"font":"","enabled":false},"version":2},"_wpas_customize_per_network":false},"categories":[85],"tags":[8695,26,5766,3457],"class_list":["post-47997","post","type-post","status-publish","format-standard","has-post-thumbnail","hentry","category-policial","tag-delitos","tag-detenidos","tag-policia-comunal","tag-policiales","generate-columns","tablet-grid-50","mobile-grid-100","grid-parent","grid-50"],"jetpack_publicize_connections":[],"jetpack_featured_media_url":"https:\/\/www.hoymercedes.com.ar\/principal\/wp-content\/uploads\/2016\/03\/poli.jpg","wps_subtitle":"Con intervenci\u00f3n de la Polic\u00eda Comunal","jetpack_sharing_enabled":true,"_links":{"self":[{"href":"https:\/\/www.hoymercedes.com.ar\/principal\/wp-json\/wp\/v2\/posts\/47997","targetHints":{"allow":["GET"]}}],"collection":[{"href":"https:\/\/www.hoymercedes.com.ar\/principal\/wp-json\/wp\/v2\/posts"}],"about":[{"href":"https:\/\/www.hoymercedes.com.ar\/principal\/wp-json\/wp\/v2\/types\/post"}],"author":[{"embeddable":true,"href":"https:\/\/www.hoymercedes.com.ar\/principal\/wp-json\/wp\/v2\/users\/1"}],"replies":[{"embeddable":true,"href":"https:\/\/www.hoymercedes.com.ar\/principal\/wp-json\/wp\/v2\/comments?post=47997"}],"version-history":[{"count":0,"href":"https:\/\/www.hoymercedes.com.ar\/principal\/wp-json\/wp\/v2\/posts\/47997\/revisions"}],"wp:featuredmedia":[{"embeddable":true,"href":"https:\/\/www.hoymercedes.com.ar\/principal\/wp-json\/wp\/v2\/media\/47998"}],"wp:attachment":[{"href":"https:\/\/www.hoymercedes.com.ar\/principal\/wp-json\/wp\/v2\/media?parent=47997"}],"wp:term":[{"taxonomy":"category","embeddable":true,"href":"https:\/\/www.hoymercedes.com.ar\/principal\/wp-json\/wp\/v2\/categories?post=47997"},{"taxonomy":"post_tag","embeddable":true,"href":"https:\/\/www.hoymercedes.com.ar\/principal\/wp-json\/wp\/v2\/tags?post=47997"}],"curies":[{"name":"wp","href":"https:\/\/api.w.org\/{rel}","templated":true}]}}