{"id":48015,"date":"2016-03-22T09:36:22","date_gmt":"2016-03-22T12:36:22","guid":{"rendered":"http:\/\/www.hoymercedes.com.ar\/principal\/?p=48015"},"modified":"2016-03-22T09:36:22","modified_gmt":"2016-03-22T12:36:22","slug":"sergio-aguero-dijo-que-biglia-podria-volver-a-independiente","status":"publish","type":"post","link":"https:\/\/www.hoymercedes.com.ar\/principal\/2016\/03\/22\/sergio-aguero-dijo-que-biglia-podria-volver-a-independiente\/","title":{"rendered":"Sergio Ag\u00fcero dijo que Biglia podr\u00eda volver a Independiente"},"content":{"rendered":"<p class=\"ecxMsoNormal\"><strong>El delantero de la Selecci\u00f3n argentina, luego de haber anunciado que tras la finalizaci\u00f3n de su contrato con el Manchester City volver\u00e1 al club de Avellaneda, tambi\u00e9n desliz\u00f3 que lo har\u00eda junto con Lucas Biglia. Ambos compartieron plantel en el rojo y desde 2011 lo hacen con la albiceleste.<\/strong><\/p>\n<p class=\"ecxMsoNormal\">\u00a0<img loading=\"lazy\" decoding=\"async\" data-attachment-id=\"48016\" data-permalink=\"https:\/\/www.hoymercedes.com.ar\/principal\/2016\/03\/22\/sergio-aguero-dijo-que-biglia-podria-volver-a-independiente\/biglia-aguero\/#main\" data-orig-file=\"https:\/\/www.hoymercedes.com.ar\/principal\/wp-content\/uploads\/2016\/03\/Biglia-Aguero.jpg\" data-orig-size=\"600,334\" data-comments-opened=\"1\" data-image-meta=\"{&quot;aperture&quot;:&quot;0&quot;,&quot;credit&quot;:&quot;&quot;,&quot;camera&quot;:&quot;&quot;,&quot;caption&quot;:&quot;&quot;,&quot;created_timestamp&quot;:&quot;0&quot;,&quot;copyright&quot;:&quot;&quot;,&quot;focal_length&quot;:&quot;0&quot;,&quot;iso&quot;:&quot;0&quot;,&quot;shutter_speed&quot;:&quot;0&quot;,&quot;title&quot;:&quot;&quot;,&quot;orientation&quot;:&quot;0&quot;}\" data-image-title=\"Biglia Aguero\" data-image-description=\"\" data-image-caption=\"\" data-large-file=\"https:\/\/www.hoymercedes.com.ar\/principal\/wp-content\/uploads\/2016\/03\/Biglia-Aguero.jpg\" class=\"aligncenter size-full wp-image-48016\" src=\"https:\/\/www.hoymercedes.com.ar\/principal\/wp-content\/uploads\/2016\/03\/Biglia-Aguero.jpg\" alt=\"Biglia Aguero\" width=\"600\" height=\"334\" srcset=\"https:\/\/www.hoymercedes.com.ar\/principal\/wp-content\/uploads\/2016\/03\/Biglia-Aguero.jpg 600w, https:\/\/www.hoymercedes.com.ar\/principal\/wp-content\/uploads\/2016\/03\/Biglia-Aguero-150x84.jpg 150w\" sizes=\"auto, (max-width: 600px) 100vw, 600px\" \/><\/p>\n<p class=\"ecxMsoNormal\">El Kun Ag\u00fcero anunci\u00f3 a los medios que luego del Mundial de Rusia 2018 finalizar\u00e1 su contrato con el Mancester City y que no lo renovar\u00e1 para volver a la Argentina a jugar en Independiente, justo en el momento en que el cuadro \u201cciudadano\u201d le ofrec\u00eda la renovaci\u00f3n del contrato hasta 2020.<\/p>\n<p class=\"ecxMsoNormal\">\u00abEn los \u00faltimos meses se hablaron tantas cosas de mi renovaci\u00f3n, pero yo no le di pelota. Tengo claro que termina el contrato, despu\u00e9s del Mundial, y me voy a Independiente\u00bb, fueron las palabras que solt\u00f3 el Kun en di\u00e1logo con Independiente en Uno, programa que se emite por Radio Uno.<\/p>\n<p class=\"ecxMsoNormal\">Sin embargo, avis\u00f3 que no llegar\u00eda solo: \u00abYo no s\u00e9 si \u00e9l quiere que lo diga, si lo prendo fuego o no. Porque quiz\u00e1s lo pongo en un compromiso, pero hay un compa\u00f1ero de la Selecci\u00f3n, que jug\u00f3 conmigo en Independiente, que siempre me dice que el d\u00eda que vuelva, \u00e9l se vuelve conmigo. As\u00ed que ojal\u00e1 se d\u00e9\u00bb.<\/p>\n<p class=\"ecxMsoNormal\">Ag\u00fcero intent\u00f3 ser prudente, y no \u201cmandar al frente\u201d a su amigo; pero con los datos que esboz\u00f3 dej\u00f3 entrever que se trata de Lucas Biglia. Si bien coincidieron en el Rojo -durante el 2005 y 2006-, su relaci\u00f3n se forj\u00f3 mayoritariamente con la camiseta de Argentina. Ambos ganaron el Mundial Sub 20 de 2005 y disputaron el Mundial de Brasil 2014 y las Copa Am\u00e9rica de 2011 y 2015.<\/p>\n","protected":false},"excerpt":{"rendered":"<p>El delantero de la Selecci\u00f3n argentina, luego de haber anunciado que tras la finalizaci\u00f3n de su contrato con el Manchester &#8230; <a title=\"Sergio Ag\u00fcero dijo que Biglia podr\u00eda volver a Independiente\" class=\"read-more\" href=\"https:\/\/www.hoymercedes.com.ar\/principal\/2016\/03\/22\/sergio-aguero-dijo-que-biglia-podria-volver-a-independiente\/\" aria-label=\"Leer m\u00e1s sobre Sergio Ag\u00fcero dijo que Biglia podr\u00eda volver a Independiente\">Leer m\u00e1s<\/a><\/p>\n","protected":false},"author":1,"featured_media":48016,"comment_status":"open","ping_status":"open","sticky":false,"template":"","format":"standard","meta":{"_monsterinsights_skip_tracking":false,"_monsterinsights_sitenote_active":false,"_monsterinsights_sitenote_note":"","_monsterinsights_sitenote_category":0,"jetpack_post_was_ever_published":false,"_jetpack_newsletter_access":"","_jetpack_dont_email_post_to_subs":false,"_jetpack_newsletter_tier_id":0,"_jetpack_memberships_contains_paywalled_content":false,"_jetpack_memberships_contains_paid_content":false,"footnotes":"","jetpack_publicize_message":"","jetpack_publicize_feature_enabled":true,"jetpack_social_post_already_shared":true,"jetpack_social_options":{"image_generator_settings":{"template":"highway","default_image_id":0,"font":"","enabled":false},"version":2},"_wpas_customize_per_network":false},"categories":[21],"tags":[8709,8707,305,8710,8708],"class_list":["post-48015","post","type-post","status-publish","format-standard","has-post-thumbnail","hentry","category-deportes","tag-independiente","tag-kun-aguero","tag-lucas-biglia","tag-manchester-city","tag-mundial-rusia-2018","generate-columns","tablet-grid-50","mobile-grid-100","grid-parent","grid-50"],"jetpack_publicize_connections":[],"jetpack_featured_media_url":"https:\/\/www.hoymercedes.com.ar\/principal\/wp-content\/uploads\/2016\/03\/Biglia-Aguero.jpg","wps_subtitle":"Mercedino a repatriar","jetpack_sharing_enabled":true,"_links":{"self":[{"href":"https:\/\/www.hoymercedes.com.ar\/principal\/wp-json\/wp\/v2\/posts\/48015","targetHints":{"allow":["GET"]}}],"collection":[{"href":"https:\/\/www.hoymercedes.com.ar\/principal\/wp-json\/wp\/v2\/posts"}],"about":[{"href":"https:\/\/www.hoymercedes.com.ar\/principal\/wp-json\/wp\/v2\/types\/post"}],"author":[{"embeddable":true,"href":"https:\/\/www.hoymercedes.com.ar\/principal\/wp-json\/wp\/v2\/users\/1"}],"replies":[{"embeddable":true,"href":"https:\/\/www.hoymercedes.com.ar\/principal\/wp-json\/wp\/v2\/comments?post=48015"}],"version-history":[{"count":0,"href":"https:\/\/www.hoymercedes.com.ar\/principal\/wp-json\/wp\/v2\/posts\/48015\/revisions"}],"wp:featuredmedia":[{"embeddable":true,"href":"https:\/\/www.hoymercedes.com.ar\/principal\/wp-json\/wp\/v2\/media\/48016"}],"wp:attachment":[{"href":"https:\/\/www.hoymercedes.com.ar\/principal\/wp-json\/wp\/v2\/media?parent=48015"}],"wp:term":[{"taxonomy":"category","embeddable":true,"href":"https:\/\/www.hoymercedes.com.ar\/principal\/wp-json\/wp\/v2\/categories?post=48015"},{"taxonomy":"post_tag","embeddable":true,"href":"https:\/\/www.hoymercedes.com.ar\/principal\/wp-json\/wp\/v2\/tags?post=48015"}],"curies":[{"name":"wp","href":"https:\/\/api.w.org\/{rel}","templated":true}]}}