{"id":48021,"date":"2016-03-22T09:48:33","date_gmt":"2016-03-22T12:48:33","guid":{"rendered":"http:\/\/www.hoymercedes.com.ar\/principal\/?p=48021"},"modified":"2016-03-22T09:48:33","modified_gmt":"2016-03-22T12:48:33","slug":"invitan-a-la-inauguracion-de-la-muestra-21-119","status":"publish","type":"post","link":"https:\/\/www.hoymercedes.com.ar\/principal\/2016\/03\/22\/invitan-a-la-inauguracion-de-la-muestra-21-119\/","title":{"rendered":"Invitan a la inauguraci\u00f3n de la muestra 21-119"},"content":{"rendered":"<p><img loading=\"lazy\" decoding=\"async\" data-attachment-id=\"48022\" data-permalink=\"https:\/\/www.hoymercedes.com.ar\/principal\/2016\/03\/22\/invitan-a-la-inauguracion-de-la-muestra-21-119\/imprimir-8\/#main\" data-orig-file=\"https:\/\/www.hoymercedes.com.ar\/principal\/wp-content\/uploads\/2016\/03\/postales_cirulli-01.jpg\" data-orig-size=\"600,422\" data-comments-opened=\"1\" data-image-meta=\"{&quot;aperture&quot;:&quot;0&quot;,&quot;credit&quot;:&quot;&quot;,&quot;camera&quot;:&quot;&quot;,&quot;caption&quot;:&quot;&quot;,&quot;created_timestamp&quot;:&quot;0&quot;,&quot;copyright&quot;:&quot;&quot;,&quot;focal_length&quot;:&quot;0&quot;,&quot;iso&quot;:&quot;0&quot;,&quot;shutter_speed&quot;:&quot;0&quot;,&quot;title&quot;:&quot;Imprimir&quot;,&quot;orientation&quot;:&quot;0&quot;}\" data-image-title=\"Imprimir\" data-image-description=\"\" data-image-caption=\"\" data-large-file=\"https:\/\/www.hoymercedes.com.ar\/principal\/wp-content\/uploads\/2016\/03\/postales_cirulli-01.jpg\" class=\"aligncenter size-full wp-image-48022\" src=\"https:\/\/www.hoymercedes.com.ar\/principal\/wp-content\/uploads\/2016\/03\/postales_cirulli-01.jpg\" alt=\"Imprimir\" width=\"600\" height=\"422\" srcset=\"https:\/\/www.hoymercedes.com.ar\/principal\/wp-content\/uploads\/2016\/03\/postales_cirulli-01.jpg 600w, https:\/\/www.hoymercedes.com.ar\/principal\/wp-content\/uploads\/2016\/03\/postales_cirulli-01-150x106.jpg 150w\" sizes=\"auto, (max-width: 600px) 100vw, 600px\" \/>Este mi\u00e9rcoles a las 20 horas en el teatro Argentino Julio C. Gioscio se llevar\u00e1 a cabo la\u00a0inauguraci\u00f3n de la muestra \u201c21-119\u201d de Diego Cirulli.<\/p>\n<p>\u201c21-119\u201d se compone de 21 retratos de mujeres que dieron a luz en cautiverio en el Centro Clandestino que funcion\u00f3 en la ESMA durante la \u00faltima dictadura militar. La muestra hace foco tanto en esas madres como en los ni\u00f1os recuperados y los que a\u00fan no conocen su identidad.<\/p>\n<p>La obra se inaugur\u00f3 en el Centro Cultural de la Memoria Haroldo Conti con el t\u00edtulo \u201c21-105\u201d en junio de 2012 siendo declarada de inter\u00e9s cultural por la Secretar\u00eda de Cultura de la Naci\u00f3n. Hoy forma parte del Programa de Itinerancia de ese Centro Cultural cuyo objetivo es federalizar sus producciones y ampliar el espectro de p\u00fablicos y territorios mediante la generaci\u00f3n de v\u00ednculos con otros sitios de memoria y espacios abocados a la promoci\u00f3n de cultura, la memoria y los derechos humanos.<\/p>\n<p>La Municipalidad de Mercedes en conjunto con la Comisi\u00f3n Municipal de la Memoria y la Comisi\u00f3n de Familiares y Amigos de detenidos, desaparecidos y asesinados de la ciudad de Mercedes invitan a la comunidad a esta novedosa muestra.\u00a0La obra estar\u00e1 en exposici\u00f3n 15 d\u00edas, quienes quieran disfrutarla pueden acercarse al Teatro de lunes a viernes de 8 a 16 horas.<\/p>\n<p>&nbsp;<\/p>\n<p><strong>El artista<\/strong><\/p>\n<p>Diego Cirulli es rionegrino, egresado de la carrera de Artes Visuales en el IUNA. Obtuvo premios y distinciones, ha realizado exposiciones a nivel internacional (Brasil, Espa\u00f1a y Francia). Trabaja en el taller de escenograf\u00eda del Teatro Col\u00f3n, y dirige el taller de arte Kal\u00f3s donde dicta clases, trabaja como ilustrador y realiza su obra.<\/p>\n<p>&nbsp;<\/p>\n<p>&nbsp;<\/p>\n","protected":false},"excerpt":{"rendered":"<p>Este mi\u00e9rcoles a las 20 horas en el teatro Argentino Julio C. Gioscio se llevar\u00e1 a cabo la\u00a0inauguraci\u00f3n de la &#8230; <a title=\"Invitan a la inauguraci\u00f3n de la muestra 21-119\" class=\"read-more\" href=\"https:\/\/www.hoymercedes.com.ar\/principal\/2016\/03\/22\/invitan-a-la-inauguracion-de-la-muestra-21-119\/\" aria-label=\"Leer m\u00e1s sobre Invitan a la inauguraci\u00f3n de la muestra 21-119\">Leer m\u00e1s<\/a><\/p>\n","protected":false},"author":1,"featured_media":48022,"comment_status":"open","ping_status":"open","sticky":false,"template":"","format":"standard","meta":{"_monsterinsights_skip_tracking":false,"_monsterinsights_sitenote_active":false,"_monsterinsights_sitenote_note":"","_monsterinsights_sitenote_category":0,"jetpack_post_was_ever_published":false,"_jetpack_newsletter_access":"","_jetpack_dont_email_post_to_subs":false,"_jetpack_newsletter_tier_id":0,"_jetpack_memberships_contains_paywalled_content":false,"_jetpack_memberships_contains_paid_content":false,"footnotes":"","jetpack_publicize_message":"","jetpack_publicize_feature_enabled":true,"jetpack_social_post_already_shared":true,"jetpack_social_options":{"image_generator_settings":{"template":"highway","default_image_id":0,"font":"","enabled":false},"version":2},"_wpas_customize_per_network":false},"categories":[104],"tags":[8716,8718,8714,8715,8717],"class_list":["post-48021","post","type-post","status-publish","format-standard","has-post-thumbnail","hentry","category-cultura","tag-21-119","tag-dia-de-la-memoria","tag-diego-cirulli","tag-muestra","tag-teatro-municipal","generate-columns","tablet-grid-50","mobile-grid-100","grid-parent","grid-50"],"jetpack_publicize_connections":[],"jetpack_featured_media_url":"https:\/\/www.hoymercedes.com.ar\/principal\/wp-content\/uploads\/2016\/03\/postales_cirulli-01.jpg","wps_subtitle":"En el teatro Argentino Julio C. Gioscio","jetpack_sharing_enabled":true,"_links":{"self":[{"href":"https:\/\/www.hoymercedes.com.ar\/principal\/wp-json\/wp\/v2\/posts\/48021","targetHints":{"allow":["GET"]}}],"collection":[{"href":"https:\/\/www.hoymercedes.com.ar\/principal\/wp-json\/wp\/v2\/posts"}],"about":[{"href":"https:\/\/www.hoymercedes.com.ar\/principal\/wp-json\/wp\/v2\/types\/post"}],"author":[{"embeddable":true,"href":"https:\/\/www.hoymercedes.com.ar\/principal\/wp-json\/wp\/v2\/users\/1"}],"replies":[{"embeddable":true,"href":"https:\/\/www.hoymercedes.com.ar\/principal\/wp-json\/wp\/v2\/comments?post=48021"}],"version-history":[{"count":0,"href":"https:\/\/www.hoymercedes.com.ar\/principal\/wp-json\/wp\/v2\/posts\/48021\/revisions"}],"wp:featuredmedia":[{"embeddable":true,"href":"https:\/\/www.hoymercedes.com.ar\/principal\/wp-json\/wp\/v2\/media\/48022"}],"wp:attachment":[{"href":"https:\/\/www.hoymercedes.com.ar\/principal\/wp-json\/wp\/v2\/media?parent=48021"}],"wp:term":[{"taxonomy":"category","embeddable":true,"href":"https:\/\/www.hoymercedes.com.ar\/principal\/wp-json\/wp\/v2\/categories?post=48021"},{"taxonomy":"post_tag","embeddable":true,"href":"https:\/\/www.hoymercedes.com.ar\/principal\/wp-json\/wp\/v2\/tags?post=48021"}],"curies":[{"name":"wp","href":"https:\/\/api.w.org\/{rel}","templated":true}]}}