{"id":48068,"date":"2016-03-23T05:43:09","date_gmt":"2016-03-23T08:43:09","guid":{"rendered":"http:\/\/www.hoymercedes.com.ar\/principal\/?p=48068"},"modified":"2016-03-22T19:59:25","modified_gmt":"2016-03-22T22:59:25","slug":"las-direcciones-de-discapacidad-y-deportes-trabajaran-juntas","status":"publish","type":"post","link":"https:\/\/www.hoymercedes.com.ar\/principal\/2016\/03\/23\/las-direcciones-de-discapacidad-y-deportes-trabajaran-juntas\/","title":{"rendered":"Las Direcciones de Discapacidad y Deportes trabajar\u00e1n juntas"},"content":{"rendered":"<p><strong><em><img loading=\"lazy\" decoding=\"async\" data-attachment-id=\"48071\" data-permalink=\"https:\/\/www.hoymercedes.com.ar\/principal\/2016\/03\/23\/las-direcciones-de-discapacidad-y-deportes-trabajaran-juntas\/23-discapcidad\/#main\" data-orig-file=\"https:\/\/www.hoymercedes.com.ar\/principal\/wp-content\/uploads\/2016\/03\/23-discapcidad.jpg\" data-orig-size=\"448,299\" data-comments-opened=\"1\" data-image-meta=\"{&quot;aperture&quot;:&quot;0&quot;,&quot;credit&quot;:&quot;&quot;,&quot;camera&quot;:&quot;&quot;,&quot;caption&quot;:&quot;&quot;,&quot;created_timestamp&quot;:&quot;0&quot;,&quot;copyright&quot;:&quot;&quot;,&quot;focal_length&quot;:&quot;0&quot;,&quot;iso&quot;:&quot;0&quot;,&quot;shutter_speed&quot;:&quot;0&quot;,&quot;title&quot;:&quot;&quot;,&quot;orientation&quot;:&quot;0&quot;}\" data-image-title=\"23 discapcidad\" data-image-description=\"\" data-image-caption=\"\" data-large-file=\"https:\/\/www.hoymercedes.com.ar\/principal\/wp-content\/uploads\/2016\/03\/23-discapcidad.jpg\" class=\"aligncenter size-full wp-image-48071\" src=\"https:\/\/www.hoymercedes.com.ar\/principal\/wp-content\/uploads\/2016\/03\/23-discapcidad.jpg\" alt=\"23 discapcidad\" width=\"448\" height=\"299\" srcset=\"https:\/\/www.hoymercedes.com.ar\/principal\/wp-content\/uploads\/2016\/03\/23-discapcidad.jpg 448w, https:\/\/www.hoymercedes.com.ar\/principal\/wp-content\/uploads\/2016\/03\/23-discapcidad-150x100.jpg 150w, https:\/\/www.hoymercedes.com.ar\/principal\/wp-content\/uploads\/2016\/03\/23-discapcidad-300x200.jpg 300w\" sizes=\"auto, (max-width: 448px) 100vw, 448px\" \/>Habr\u00e1\u00a0tenis y f\u00fatbol, adem\u00e1s de\u00a0talleres, capacitaciones laborales e incursi\u00f3n en el mercado profesional. Las actividades brindan\u00a0respuesta al pedido de los padres de ni\u00f1os y\u00a0j\u00f3venes con discapacidad.<\/em><\/strong><\/p>\n<p>En conferencia de prensa, el Intendente Municipal Dr. Juan Ignacio Ustarroz, acompa\u00f1ado de la Directora de Discapacidad Tatiana L\u00f3pez, el Director de Deportes Juan Mart\u00edn \u201cChino\u201d Silvestre y la coordinadora del \u00e1rea Mariana Saboredo anunci\u00f3 la creaci\u00f3n de actividades por parte de la comuna local para personas con discapacidad. Esta idea tiene como fin reconocer derechos e igualar oportunidades seg\u00fan explicaron desde la organizaci\u00f3n de las actividades.<\/p>\n<p>De acuerdo a lo explicado por las autoridades comunales, ambas direcciones comenzar\u00e1n a trabajar en\u00a0tenis y f\u00fatbol, pero luego seguir con talleres especiales y acciones concretas con todos aquellos que quieran participar. A modo de ejemplo, adelant\u00f3 que tendr\u00e1n\u00a0actividades acu\u00e1ticas, adem\u00e1s de talleres de recreaci\u00f3n y un taller de Psicomotricidad infantil.<\/p>\n<p>&nbsp;<\/p>\n","protected":false},"excerpt":{"rendered":"<p>Habr\u00e1\u00a0tenis y f\u00fatbol, adem\u00e1s de\u00a0talleres, capacitaciones laborales e incursi\u00f3n en el mercado profesional. Las actividades brindan\u00a0respuesta al pedido de los &#8230; <a title=\"Las Direcciones de Discapacidad y Deportes trabajar\u00e1n juntas\" class=\"read-more\" href=\"https:\/\/www.hoymercedes.com.ar\/principal\/2016\/03\/23\/las-direcciones-de-discapacidad-y-deportes-trabajaran-juntas\/\" aria-label=\"Leer m\u00e1s sobre Las Direcciones de Discapacidad y Deportes trabajar\u00e1n juntas\">Leer m\u00e1s<\/a><\/p>\n","protected":false},"author":1,"featured_media":48071,"comment_status":"open","ping_status":"open","sticky":false,"template":"","format":"standard","meta":{"_monsterinsights_skip_tracking":false,"_monsterinsights_sitenote_active":false,"_monsterinsights_sitenote_note":"","_monsterinsights_sitenote_category":0,"jetpack_post_was_ever_published":false,"_jetpack_newsletter_access":"","_jetpack_dont_email_post_to_subs":false,"_jetpack_newsletter_tier_id":0,"_jetpack_memberships_contains_paywalled_content":false,"_jetpack_memberships_contains_paid_content":false,"footnotes":"","jetpack_publicize_message":"","jetpack_publicize_feature_enabled":true,"jetpack_social_post_already_shared":true,"jetpack_social_options":{"image_generator_settings":{"template":"highway","default_image_id":0,"font":"","enabled":false},"version":2},"_wpas_customize_per_network":false},"categories":[30],"tags":[204,1422,3191,244,8741,8742,424],"class_list":["post-48068","post","type-post","status-publish","format-standard","has-post-thumbnail","hentry","category-municipio","tag-deportes-2","tag-discapacidad","tag-mariana-saboredo","tag-municipio-2","tag-silvestre","tag-tatiana-lopez","tag-ustarroz","generate-columns","tablet-grid-50","mobile-grid-100","grid-parent","grid-50"],"jetpack_publicize_connections":[],"jetpack_featured_media_url":"https:\/\/www.hoymercedes.com.ar\/principal\/wp-content\/uploads\/2016\/03\/23-discapcidad.jpg","wps_subtitle":"Actividades para j\u00f3venes con capacidades difernetes","jetpack_sharing_enabled":true,"_links":{"self":[{"href":"https:\/\/www.hoymercedes.com.ar\/principal\/wp-json\/wp\/v2\/posts\/48068","targetHints":{"allow":["GET"]}}],"collection":[{"href":"https:\/\/www.hoymercedes.com.ar\/principal\/wp-json\/wp\/v2\/posts"}],"about":[{"href":"https:\/\/www.hoymercedes.com.ar\/principal\/wp-json\/wp\/v2\/types\/post"}],"author":[{"embeddable":true,"href":"https:\/\/www.hoymercedes.com.ar\/principal\/wp-json\/wp\/v2\/users\/1"}],"replies":[{"embeddable":true,"href":"https:\/\/www.hoymercedes.com.ar\/principal\/wp-json\/wp\/v2\/comments?post=48068"}],"version-history":[{"count":0,"href":"https:\/\/www.hoymercedes.com.ar\/principal\/wp-json\/wp\/v2\/posts\/48068\/revisions"}],"wp:featuredmedia":[{"embeddable":true,"href":"https:\/\/www.hoymercedes.com.ar\/principal\/wp-json\/wp\/v2\/media\/48071"}],"wp:attachment":[{"href":"https:\/\/www.hoymercedes.com.ar\/principal\/wp-json\/wp\/v2\/media?parent=48068"}],"wp:term":[{"taxonomy":"category","embeddable":true,"href":"https:\/\/www.hoymercedes.com.ar\/principal\/wp-json\/wp\/v2\/categories?post=48068"},{"taxonomy":"post_tag","embeddable":true,"href":"https:\/\/www.hoymercedes.com.ar\/principal\/wp-json\/wp\/v2\/tags?post=48068"}],"curies":[{"name":"wp","href":"https:\/\/api.w.org\/{rel}","templated":true}]}}