{"id":48070,"date":"2016-03-22T19:59:24","date_gmt":"2016-03-22T22:59:24","guid":{"rendered":"http:\/\/www.hoymercedes.com.ar\/principal\/?p=48070"},"modified":"2016-03-22T21:56:50","modified_gmt":"2016-03-23T00:56:50","slug":"quilmes-no-pudo-y-cayo-con-atletico-las-campanas","status":"publish","type":"post","link":"https:\/\/www.hoymercedes.com.ar\/principal\/2016\/03\/22\/quilmes-no-pudo-y-cayo-con-atletico-las-campanas\/","title":{"rendered":"Quilmes no pudo y cay\u00f3 con Atl\u00e9tico las Campanas"},"content":{"rendered":"<p><em><strong>Por Ariel Musante \/ Club Quilmes jug\u00f3 el partido de ida de los cuartos por el Torneo Federaci\u00f3n Norte en la localidad de Campana cayendo 3 a 2 contra un rival conocido: Atl\u00e9tico las Campanas.<\/strong><\/em><\/p>\n<p>El partido no era simple y Atl\u00e9tico las Campanas ven\u00eda bien tras ganar en San Nicol\u00e1s. Un 3 a 2 fue el resultado de la derrota que, de todos modos, deja un final abierto dado que la pr\u00f3xima semana se enfrentar\u00e1n por el partido de vuelta en Mercedes.<\/p>\n<p>Para los campanenses anot\u00f3 un hack trick Gonz\u00e1lez marcando a los 12 y 16 del primer tiempo mientras que el tercero de su cosecha fue a los 20 del segundo.<\/p>\n<p>Por parte de los mercedinos dirigidos por Juan Ignacio Men\u00e9ndez fueron Torres a los 10 y Partor a los 24, ambos del segundo tiempo.<\/p>\n<p>De esta manera, Quilmes, se viene desde Campana con una derrota, sin embargo, el futuro sigue abierto dado que define de local.<\/p>\n","protected":false},"excerpt":{"rendered":"<p>Por Ariel Musante \/ Club Quilmes jug\u00f3 el partido de ida de los cuartos por el Torneo Federaci\u00f3n Norte en &#8230; <a title=\"Quilmes no pudo y cay\u00f3 con Atl\u00e9tico las Campanas\" class=\"read-more\" href=\"https:\/\/www.hoymercedes.com.ar\/principal\/2016\/03\/22\/quilmes-no-pudo-y-cayo-con-atletico-las-campanas\/\" aria-label=\"Leer m\u00e1s sobre Quilmes no pudo y cay\u00f3 con Atl\u00e9tico las Campanas\">Leer m\u00e1s<\/a><\/p>\n","protected":false},"author":1,"featured_media":48078,"comment_status":"open","ping_status":"open","sticky":false,"template":"","format":"standard","meta":{"_monsterinsights_skip_tracking":false,"_monsterinsights_sitenote_active":false,"_monsterinsights_sitenote_note":"","_monsterinsights_sitenote_category":0,"jetpack_post_was_ever_published":false,"_jetpack_newsletter_access":"","_jetpack_dont_email_post_to_subs":false,"_jetpack_newsletter_tier_id":0,"_jetpack_memberships_contains_paywalled_content":false,"_jetpack_memberships_contains_paid_content":false,"footnotes":"","jetpack_publicize_message":"","jetpack_publicize_feature_enabled":true,"jetpack_social_post_already_shared":true,"jetpack_social_options":{"image_generator_settings":{"template":"highway","default_image_id":0,"font":"","enabled":false},"version":2},"_wpas_customize_per_network":false},"categories":[21],"tags":[8407,8743],"class_list":["post-48070","post","type-post","status-publish","format-standard","has-post-thumbnail","hentry","category-deportes","tag-atletico-las-campanas","tag-quilmes-no-pudo-y-cayo-con-atletico-las-campanas","generate-columns","tablet-grid-50","mobile-grid-100","grid-parent","grid-50"],"jetpack_publicize_connections":[],"jetpack_featured_media_url":"https:\/\/www.hoymercedes.com.ar\/principal\/wp-content\/uploads\/2016\/03\/22-quilmes-vs-campana.jpg","wps_subtitle":"Cuartos de Final - Federaci\u00f3n Norte","jetpack_sharing_enabled":true,"_links":{"self":[{"href":"https:\/\/www.hoymercedes.com.ar\/principal\/wp-json\/wp\/v2\/posts\/48070","targetHints":{"allow":["GET"]}}],"collection":[{"href":"https:\/\/www.hoymercedes.com.ar\/principal\/wp-json\/wp\/v2\/posts"}],"about":[{"href":"https:\/\/www.hoymercedes.com.ar\/principal\/wp-json\/wp\/v2\/types\/post"}],"author":[{"embeddable":true,"href":"https:\/\/www.hoymercedes.com.ar\/principal\/wp-json\/wp\/v2\/users\/1"}],"replies":[{"embeddable":true,"href":"https:\/\/www.hoymercedes.com.ar\/principal\/wp-json\/wp\/v2\/comments?post=48070"}],"version-history":[{"count":0,"href":"https:\/\/www.hoymercedes.com.ar\/principal\/wp-json\/wp\/v2\/posts\/48070\/revisions"}],"wp:featuredmedia":[{"embeddable":true,"href":"https:\/\/www.hoymercedes.com.ar\/principal\/wp-json\/wp\/v2\/media\/48078"}],"wp:attachment":[{"href":"https:\/\/www.hoymercedes.com.ar\/principal\/wp-json\/wp\/v2\/media?parent=48070"}],"wp:term":[{"taxonomy":"category","embeddable":true,"href":"https:\/\/www.hoymercedes.com.ar\/principal\/wp-json\/wp\/v2\/categories?post=48070"},{"taxonomy":"post_tag","embeddable":true,"href":"https:\/\/www.hoymercedes.com.ar\/principal\/wp-json\/wp\/v2\/tags?post=48070"}],"curies":[{"name":"wp","href":"https:\/\/api.w.org\/{rel}","templated":true}]}}