{"id":48135,"date":"2016-03-24T10:21:14","date_gmt":"2016-03-24T13:21:14","guid":{"rendered":"http:\/\/www.hoymercedes.com.ar\/principal\/?p=48135"},"modified":"2016-03-24T09:54:10","modified_gmt":"2016-03-24T12:54:10","slug":"lalcec-y-el-dubarry-lanzan-campana-de-prevencion-de-cancer-de-colon","status":"publish","type":"post","link":"https:\/\/www.hoymercedes.com.ar\/principal\/2016\/03\/24\/lalcec-y-el-dubarry-lanzan-campana-de-prevencion-de-cancer-de-colon\/","title":{"rendered":"LALCEC y el Dubarry lanzan campa\u00f1a de prevenci\u00f3n de c\u00e1ncer de colon"},"content":{"rendered":"<p><strong><em><img loading=\"lazy\" decoding=\"async\" data-attachment-id=\"48136\" data-permalink=\"https:\/\/www.hoymercedes.com.ar\/principal\/2016\/03\/24\/lalcec-y-el-dubarry-lanzan-campana-de-prevencion-de-cancer-de-colon\/24-lalcec-dubarry-2\/#main\" data-orig-file=\"https:\/\/www.hoymercedes.com.ar\/principal\/wp-content\/uploads\/2016\/03\/24-lalcec-dubarry-2.jpg\" data-orig-size=\"448,336\" data-comments-opened=\"1\" data-image-meta=\"{&quot;aperture&quot;:&quot;0&quot;,&quot;credit&quot;:&quot;&quot;,&quot;camera&quot;:&quot;&quot;,&quot;caption&quot;:&quot;&quot;,&quot;created_timestamp&quot;:&quot;0&quot;,&quot;copyright&quot;:&quot;&quot;,&quot;focal_length&quot;:&quot;0&quot;,&quot;iso&quot;:&quot;0&quot;,&quot;shutter_speed&quot;:&quot;0&quot;,&quot;title&quot;:&quot;&quot;,&quot;orientation&quot;:&quot;0&quot;}\" data-image-title=\"24 lalcec dubarry 2\" data-image-description=\"\" data-image-caption=\"\" data-large-file=\"https:\/\/www.hoymercedes.com.ar\/principal\/wp-content\/uploads\/2016\/03\/24-lalcec-dubarry-2.jpg\" class=\"aligncenter size-full wp-image-48136\" src=\"https:\/\/www.hoymercedes.com.ar\/principal\/wp-content\/uploads\/2016\/03\/24-lalcec-dubarry-2.jpg\" alt=\"24 lalcec dubarry 2\" width=\"448\" height=\"336\" srcset=\"https:\/\/www.hoymercedes.com.ar\/principal\/wp-content\/uploads\/2016\/03\/24-lalcec-dubarry-2.jpg 448w, https:\/\/www.hoymercedes.com.ar\/principal\/wp-content\/uploads\/2016\/03\/24-lalcec-dubarry-2-150x113.jpg 150w\" sizes=\"auto, (max-width: 448px) 100vw, 448px\" \/>La campa\u00f1a est\u00e1 orientada a hombres y mujeres mayores de 50 a\u00f1os, con o sin obra social. La primera etapa es un an\u00e1lisis con las m\u00e9dicas cl\u00ednicas, para despu\u00e9s, en caso de ser necesario, ser derivado al Hospital para hacer la videocolonoscop\u00eda.<\/em><\/strong><\/p>\n<p>A trav\u00e9s de una conferencia de prensa, las integrantes de la filial Mercedes de la Liga Argentina de Lucha contra el C\u00e1ncer y la direcci\u00f3n del Hospital Blas L. Dubarry anticiparon que desde el pr\u00f3ximo lunes comenzar\u00e1 la campa\u00f1a de prevenci\u00f3n contra el c\u00e1ncer de colon.<\/p>\n<p>La uni\u00f3n entre las dos instituciones es posible a partir de la llegada al nosocomio de la aparatolog\u00eda necesaria para realizar la detenci\u00f3n temprana de la enfermedad, el videocolonoscopio que se recibi\u00f3 el a\u00f1o pasado. L\u00eda Dulevich, presidente de la LALCEC filial Mercedes, cont\u00f3 que tras siete a\u00f1os que la instituci\u00f3n luch\u00f3 para que el Dubarry tuviese esta aparatolog\u00eda y as\u00ed se pudiesen completar los estudios preventivos.<\/p>\n<p>\u201cEsta es la primera vez que lanzamos la campa\u00f1a de prevenci\u00f3n de c\u00e1ncer de colon con el Hospital, en Mercedes, con un videocolonoscopio en la ciudad. Para nosotros es una felicidad muy grande y una satisfacci\u00f3n que queremos compartir con la comunidad. Queremos dar un mensaje de esperanza y de concientizaci\u00f3n. El c\u00e1ncer de colon detectado a tiempo, es curable\u201d, destac\u00f3 la titular de LALCEC.<\/p>\n<p>A la hora de dar detalles de la campa\u00f1a que empieza el 28 de marzo, las integrantes de LALCEC contaron que la campa\u00f1a est\u00e1 dirigida a las personas que no tienen obra social, pero tambi\u00e9n para los que s\u00ed la tienen. Los hombres y mujeres, con m\u00e1s de 50 a\u00f1os, deben realizarse un estudio para prevenir el c\u00e1ncer de colon.\u00a0 Mientras que las personas que tengan antecedentes familiares de esta enfermedad, deber\u00edan controlarse desde los 40 a\u00f1os. \u201cMuchas vidas podr\u00edan ser salvadas porque se mueren en Argentina 18 mil personas por a\u00f1o por c\u00e1ncer de colon\u201d, destacaron sobre la enfermedad \u201cprevenible\u201d y \u201csilenciosa\u201d.<\/p>\n<p>Las personas que soliciten el turno para hacerse el estudio ser\u00e1n convocados para la atenci\u00f3n con las m\u00e9dicas cl\u00ednicas y luego hacerse el test de sangre oculta en materia fecal, cuyo an\u00e1lisis estar\u00e1 a cargo del bioqu\u00edmico Cabachieff y el \u00e1rea de bioqu\u00edmica del Hospital Dubarry. Las m\u00e9dicas cl\u00ednicas a cargo son las doctoras Mar\u00eda Eugenia Guallianoni y Anal\u00eda P\u00e9rez. En tanto, la m\u00e9dica gastroenter\u00f3loga es la doctora, Guadalupe Dova.<\/p>\n<p>De acuerdo al resultado de ese test son los pasos a seguir. Si el resultado es positivo, el paciente ser\u00e1 derivado al Hospital para que se hagan la videocolonoscop\u00eda. Este estudio tiene como finalidad explorar pero a su vez, de acuerdo si se encuentra un p\u00f3lipo o no, se extrae aquello que el d\u00eda de ma\u00f1ana puede devenir en el tumor cancer\u00edgeno.<\/p>\n<p>Por su parte, el Dr. Daniel Bandoni, director del Hospital, agreg\u00f3 que, entre otras cosas, la medicina se basa en el costo beneficio. Es por eso que se hace el hincapi\u00e9 en la prevenci\u00f3n. \u201cEl costo de un videocolonoscopio no tiene ni comparaci\u00f3n con lo que vale los tratamiento de las personas con c\u00e1ncer de colon. Cuando est\u00e1 avanzado, cuando se hacen las quimioterapia, la radioterapia, la cirug\u00eda.\u00a0 Desde todo punto de vista, la prevenci\u00f3n es hoy el tratamiento del c\u00e1ncer en general. En este tipo de c\u00e1ncer estamos hablando de una recuperaci\u00f3n y curaci\u00f3n de casi el 90% de los casos con una inversi\u00f3n m\u00ednima. Tenemos que concientizarnos para prevenir\u201d, resalt\u00f3 el titular del Dubarry.<\/p>\n<p>Para inscripci\u00f3n e informes es necesario comunicarse con LALCEC, personalmente a la\u00a0 calle 39 N\u00b0 419 o telef\u00f3nicamente al 431360, de lunes a viernes de 15.30 a 17.30 horas.<\/p>\n<p>Fuente: Diario El Oeste<\/p>\n","protected":false},"excerpt":{"rendered":"<p>La campa\u00f1a est\u00e1 orientada a hombres y mujeres mayores de 50 a\u00f1os, con o sin obra social. La primera etapa &#8230; <a title=\"LALCEC y el Dubarry lanzan campa\u00f1a de prevenci\u00f3n de c\u00e1ncer de colon\" class=\"read-more\" href=\"https:\/\/www.hoymercedes.com.ar\/principal\/2016\/03\/24\/lalcec-y-el-dubarry-lanzan-campana-de-prevencion-de-cancer-de-colon\/\" aria-label=\"Leer m\u00e1s sobre LALCEC y el Dubarry lanzan campa\u00f1a de prevenci\u00f3n de c\u00e1ncer de colon\">Leer m\u00e1s<\/a><\/p>\n","protected":false},"author":1,"featured_media":48136,"comment_status":"open","ping_status":"open","sticky":false,"template":"","format":"standard","meta":{"_monsterinsights_skip_tracking":false,"_monsterinsights_sitenote_active":false,"_monsterinsights_sitenote_note":"","_monsterinsights_sitenote_category":0,"jetpack_post_was_ever_published":false,"_jetpack_newsletter_access":"","_jetpack_dont_email_post_to_subs":false,"_jetpack_newsletter_tier_id":0,"_jetpack_memberships_contains_paywalled_content":false,"_jetpack_memberships_contains_paid_content":false,"footnotes":"","jetpack_publicize_message":"","jetpack_publicize_feature_enabled":true,"jetpack_social_post_already_shared":true,"jetpack_social_options":{"image_generator_settings":{"template":"highway","default_image_id":0,"font":"","enabled":false},"version":2},"_wpas_customize_per_network":false},"categories":[8],"tags":[7873,8755,220,295,108,8756,134],"class_list":["post-48135","post","type-post","status-publish","format-standard","has-post-thumbnail","hentry","category-sociedad","tag-campana","tag-cancer","tag-dubarry","tag-hospital","tag-lalcec","tag-prevencion","tag-salud","generate-columns","tablet-grid-50","mobile-grid-100","grid-parent","grid-50"],"jetpack_publicize_connections":[],"jetpack_featured_media_url":"https:\/\/www.hoymercedes.com.ar\/principal\/wp-content\/uploads\/2016\/03\/24-lalcec-dubarry-2.jpg","wps_subtitle":"Inicia el 28 de marzo","jetpack_sharing_enabled":true,"_links":{"self":[{"href":"https:\/\/www.hoymercedes.com.ar\/principal\/wp-json\/wp\/v2\/posts\/48135","targetHints":{"allow":["GET"]}}],"collection":[{"href":"https:\/\/www.hoymercedes.com.ar\/principal\/wp-json\/wp\/v2\/posts"}],"about":[{"href":"https:\/\/www.hoymercedes.com.ar\/principal\/wp-json\/wp\/v2\/types\/post"}],"author":[{"embeddable":true,"href":"https:\/\/www.hoymercedes.com.ar\/principal\/wp-json\/wp\/v2\/users\/1"}],"replies":[{"embeddable":true,"href":"https:\/\/www.hoymercedes.com.ar\/principal\/wp-json\/wp\/v2\/comments?post=48135"}],"version-history":[{"count":0,"href":"https:\/\/www.hoymercedes.com.ar\/principal\/wp-json\/wp\/v2\/posts\/48135\/revisions"}],"wp:featuredmedia":[{"embeddable":true,"href":"https:\/\/www.hoymercedes.com.ar\/principal\/wp-json\/wp\/v2\/media\/48136"}],"wp:attachment":[{"href":"https:\/\/www.hoymercedes.com.ar\/principal\/wp-json\/wp\/v2\/media?parent=48135"}],"wp:term":[{"taxonomy":"category","embeddable":true,"href":"https:\/\/www.hoymercedes.com.ar\/principal\/wp-json\/wp\/v2\/categories?post=48135"},{"taxonomy":"post_tag","embeddable":true,"href":"https:\/\/www.hoymercedes.com.ar\/principal\/wp-json\/wp\/v2\/tags?post=48135"}],"curies":[{"name":"wp","href":"https:\/\/api.w.org\/{rel}","templated":true}]}}