{"id":48138,"date":"2016-03-24T11:36:10","date_gmt":"2016-03-24T14:36:10","guid":{"rendered":"http:\/\/www.hoymercedes.com.ar\/principal\/?p=48138"},"modified":"2016-03-24T11:36:10","modified_gmt":"2016-03-24T14:36:10","slug":"el-intendente-recorrio-barrios-supervisando-obras","status":"publish","type":"post","link":"https:\/\/www.hoymercedes.com.ar\/principal\/2016\/03\/24\/el-intendente-recorrio-barrios-supervisando-obras\/","title":{"rendered":"El Intendente recorri\u00f3 barrios supervisando obras"},"content":{"rendered":"<p class=\"ecxMsoNormal\"><img loading=\"lazy\" decoding=\"async\" data-attachment-id=\"48139\" data-permalink=\"https:\/\/www.hoymercedes.com.ar\/principal\/2016\/03\/24\/el-intendente-recorrio-barrios-supervisando-obras\/blandengues\/#main\" data-orig-file=\"https:\/\/www.hoymercedes.com.ar\/principal\/wp-content\/uploads\/2016\/03\/blandengues.jpg\" data-orig-size=\"600,400\" data-comments-opened=\"1\" data-image-meta=\"{&quot;aperture&quot;:&quot;0&quot;,&quot;credit&quot;:&quot;&quot;,&quot;camera&quot;:&quot;&quot;,&quot;caption&quot;:&quot;&quot;,&quot;created_timestamp&quot;:&quot;0&quot;,&quot;copyright&quot;:&quot;&quot;,&quot;focal_length&quot;:&quot;0&quot;,&quot;iso&quot;:&quot;0&quot;,&quot;shutter_speed&quot;:&quot;0&quot;,&quot;title&quot;:&quot;&quot;,&quot;orientation&quot;:&quot;0&quot;}\" data-image-title=\"blandengues\" data-image-description=\"\" data-image-caption=\"\" data-large-file=\"https:\/\/www.hoymercedes.com.ar\/principal\/wp-content\/uploads\/2016\/03\/blandengues.jpg\" class=\"aligncenter size-full wp-image-48139\" src=\"https:\/\/www.hoymercedes.com.ar\/principal\/wp-content\/uploads\/2016\/03\/blandengues.jpg\" alt=\"blandengues\" width=\"600\" height=\"400\" srcset=\"https:\/\/www.hoymercedes.com.ar\/principal\/wp-content\/uploads\/2016\/03\/blandengues.jpg 600w, https:\/\/www.hoymercedes.com.ar\/principal\/wp-content\/uploads\/2016\/03\/blandengues-150x100.jpg 150w, https:\/\/www.hoymercedes.com.ar\/principal\/wp-content\/uploads\/2016\/03\/blandengues-300x200.jpg 300w\" sizes=\"auto, (max-width: 600px) 100vw, 600px\" \/>En el sentido de brindar m\u00e1s y mejor calidad de vida a la poblaci\u00f3n y cumpliendo con promesas de campa\u00f1a, la gesti\u00f3n municipal llevada adelante por el Intendente Dr. Juan Ignacio Ustarroz, ha puesto especial \u00e9nfasis en los servicios p\u00fablicos y eso se destaca en diferentes barriadas de la ciudad.<\/p>\n<p class=\"ecxMsoNormal\">D\u00eda a d\u00eda pueden verse las cuadrillas de trabajadores municipales, concretando obras necesarias como por ejemplo zanjeo, poda, limpieza en general y otras similares. Trabajos que pueden verse realizar por los vecinos que destacan el despliegue de agentes municipales en esta decisi\u00f3n pol\u00edtica determinada por el Jefe Comunal.<\/p>\n<p class=\"ecxMsoNormal\">Atentos a pedidos y reclamos, que se recepcionan en las oficinas de la secretaria de Obras y Servicios P\u00fablicos, m\u00e1s las que se reciben a trav\u00e9s del servicio telef\u00f3nico 147, existe un cronograma de tareas .<\/p>\n<p class=\"ecxMsoNormal\">\u00a0En la ma\u00f1ana del mi\u00e9rcoles, el Intendente Ustarroz, acompa\u00f1ado del Presidente del Honorable Concejo Deliberante Mat\u00edas Dematei, visit\u00f3 algunas de las zonas donde se est\u00e1n cumpliendo tareas.<\/p>\n<p class=\"ecxMsoNormal\">\u00a0En el barrio Blandengues, varias son las calles que ya notan el cambio. All\u00ed se esta concretando la obra de limpieza y zanjeo especial, que permitir\u00e1 el normal escurrimiento de las aguas, con trabajos hasta en lugares donde nunca existi\u00f3 una salida para los l\u00edquidos.<\/p>\n<p class=\"ecxMsoNormal\">El Jefe Comunal dialog\u00f3 en el lugar con los trabajadores, pero tambi\u00e9n con los vecinos del lugar, pudiendo as\u00ed escuchar sugerencias, recibiendo indicaciones especiales por conocimiento propio de ser vecino del barrio, y otras manifestaciones similares.<\/p>\n<p class=\"ecxMsoNormal\">\n<p class=\"ecxMsoNormal\">\u201cHay que estar en los barrios y escuchar a la gente, lo que tienen para decir, por que son ellos los que viven ac\u00e1 y nadie mejor que ellos para exponer los problemas que aquejan a la barriada\u201d expres\u00f3 el Intendente. \u201cQue se vea la ciudad m\u00e1s limpia, que el vecino pueda tener mayor calidad de vida en el lugar donde eligi\u00f3 vivir, es una de las prioridades m\u00e1s importantes que tenemos como gesti\u00f3n, llevando adelante todos nuestros esfuerzos para llegar con m\u00e1s servicios a todos\u201d.<\/p>\n<p class=\"ecxMsoNormal\">Respecto a los trabajos en las diferentes barriadas indic\u00f3 que \u201cse pretende llegar a todos, cubriendo las necesidades que se presenten. Si bien hay un esquema de trabajo, hay que entender que tambi\u00e9n debemos atender urgencias y reclamos que van surgiendo con el d\u00eda a d\u00eda, pero vamos a estar cumpliendo con todos de a poco, luego los vecinos deber\u00e1n comprometerse tambi\u00e9n a cuidar su lugar, a no arrojar basura a la zanja, a mantener lo que se ha hecho\u201d.<\/p>\n<p class=\"ecxMsoNormal\">(Fuente: Prensa municipal)<\/p>\n","protected":false},"excerpt":{"rendered":"<p>En el sentido de brindar m\u00e1s y mejor calidad de vida a la poblaci\u00f3n y cumpliendo con promesas de campa\u00f1a, &#8230; <a title=\"El Intendente recorri\u00f3 barrios supervisando obras\" class=\"read-more\" href=\"https:\/\/www.hoymercedes.com.ar\/principal\/2016\/03\/24\/el-intendente-recorrio-barrios-supervisando-obras\/\" aria-label=\"Leer m\u00e1s sobre El Intendente recorri\u00f3 barrios supervisando obras\">Leer m\u00e1s<\/a><\/p>\n","protected":false},"author":1,"featured_media":48139,"comment_status":"open","ping_status":"open","sticky":false,"template":"","format":"standard","meta":{"_monsterinsights_skip_tracking":false,"_monsterinsights_sitenote_active":false,"_monsterinsights_sitenote_note":"","_monsterinsights_sitenote_category":0,"jetpack_post_was_ever_published":false,"_jetpack_newsletter_access":"","_jetpack_dont_email_post_to_subs":false,"_jetpack_newsletter_tier_id":0,"_jetpack_memberships_contains_paywalled_content":false,"_jetpack_memberships_contains_paid_content":false,"footnotes":"","jetpack_publicize_message":"","jetpack_publicize_feature_enabled":true,"jetpack_social_post_already_shared":true,"jetpack_social_options":{"image_generator_settings":{"template":"highway","default_image_id":0,"font":"","enabled":false},"version":2},"_wpas_customize_per_network":false},"categories":[30],"tags":[585,244,8758,8757],"class_list":["post-48138","post","type-post","status-publish","format-standard","has-post-thumbnail","hentry","category-municipio","tag-juan-ustarroz","tag-municipio-2","tag-supervicion","tag-trabajos-barriales","generate-columns","tablet-grid-50","mobile-grid-100","grid-parent","grid-50"],"jetpack_publicize_connections":[],"jetpack_featured_media_url":"https:\/\/www.hoymercedes.com.ar\/principal\/wp-content\/uploads\/2016\/03\/blandengues.jpg","wps_subtitle":"El mi\u00e9rcoles","jetpack_sharing_enabled":true,"_links":{"self":[{"href":"https:\/\/www.hoymercedes.com.ar\/principal\/wp-json\/wp\/v2\/posts\/48138","targetHints":{"allow":["GET"]}}],"collection":[{"href":"https:\/\/www.hoymercedes.com.ar\/principal\/wp-json\/wp\/v2\/posts"}],"about":[{"href":"https:\/\/www.hoymercedes.com.ar\/principal\/wp-json\/wp\/v2\/types\/post"}],"author":[{"embeddable":true,"href":"https:\/\/www.hoymercedes.com.ar\/principal\/wp-json\/wp\/v2\/users\/1"}],"replies":[{"embeddable":true,"href":"https:\/\/www.hoymercedes.com.ar\/principal\/wp-json\/wp\/v2\/comments?post=48138"}],"version-history":[{"count":0,"href":"https:\/\/www.hoymercedes.com.ar\/principal\/wp-json\/wp\/v2\/posts\/48138\/revisions"}],"wp:featuredmedia":[{"embeddable":true,"href":"https:\/\/www.hoymercedes.com.ar\/principal\/wp-json\/wp\/v2\/media\/48139"}],"wp:attachment":[{"href":"https:\/\/www.hoymercedes.com.ar\/principal\/wp-json\/wp\/v2\/media?parent=48138"}],"wp:term":[{"taxonomy":"category","embeddable":true,"href":"https:\/\/www.hoymercedes.com.ar\/principal\/wp-json\/wp\/v2\/categories?post=48138"},{"taxonomy":"post_tag","embeddable":true,"href":"https:\/\/www.hoymercedes.com.ar\/principal\/wp-json\/wp\/v2\/tags?post=48138"}],"curies":[{"name":"wp","href":"https:\/\/api.w.org\/{rel}","templated":true}]}}