{"id":48144,"date":"2016-03-24T12:58:18","date_gmt":"2016-03-24T15:58:18","guid":{"rendered":"http:\/\/www.hoymercedes.com.ar\/principal\/?p=48144"},"modified":"2016-03-24T17:56:33","modified_gmt":"2016-03-24T20:56:33","slug":"desbaratan-banda-de-los-peruanos-que-robaban-en-la-zona","status":"publish","type":"post","link":"https:\/\/www.hoymercedes.com.ar\/principal\/2016\/03\/24\/desbaratan-banda-de-los-peruanos-que-robaban-en-la-zona\/","title":{"rendered":"Desbaratan banda de \u201cLos Peruanos\u201d que robaban en la zona"},"content":{"rendered":"<p><em><strong>Poco le duro el raid delictivo a una banda integrada por ciudadanos de nacionalidad peruana que el \u00faltimo s\u00e1bado emprendieron robar en comercios de distintas ciudades lindantes a la ruta nacional 5, entre ellos Suipacha, Chivilcoy, Alberti, Bragado y 9 de Julio.<\/strong><\/em><\/p>\n<p>En esta \u00faltima robaron en Supermercado TA-TA, y tras des inteligencias del grupo, hizo que fueran aprovechadas por el r\u00e1pido accionar policial de 9 de Julio y que logr\u00f3 apresar a uno de ellos mientras caminaba por la ciudad, trat\u00e1ndose de Joel V\u00edctor Paima Retamoso de 30 a\u00f1os, mientras que el resto, al menos 4 personas mas huyeron.<\/p>\n<p>Los delincuentes prosiguieron con el raid y en Bragado a uno de ellos se les cay\u00f3 un celular que le permiti\u00f3 a la investigaci\u00f3n policial avanzar r\u00e1pidamente.<\/p>\n<p>Ante ello en la tarde de este lunes, conforme detallo el Comisario Nestor Gabriel Bonello, tras el trabajo entre la DDI 9 de Julio a cargo del Sub Comisario Julio Ramos y el Gabinete de Prevenci\u00f3n Comunitaria, con los elementos recabados que fueron aportados a la Fiscal\u00eda en turno, se logr\u00f3 aprehender a Edgardo Domingo Chavez Vidal (50), nacionalidad peruana, domiciliado en la localidad de Quilmes Oeste, y una mujer de nombre Katherine Givanah Ponce Huayhuamera (26), tambi\u00e9n peruana y domiciliada en Constituci\u00f3n.<\/p>\n<p>Bonello informo que en los allanamientos y detenci\u00f3n se incauto el autom\u00f3vil en el que se movilizaban un Renault Logan, color negro.<\/p>\n<p>En cuanto a los detenidos estuvieron alojado en Mercedes a disposici\u00f3n de la UFI N\u00b0 6 a cargo de Guillermo Massaroni; mientras que el tercer detenido esta en Dudignac, informo el Jefe Policial, en tanto que adelanto se ha avanzado en relaci\u00f3n al resto de la banda, de los cuales faltar\u00edan dos, se\u00f1alo.<\/p>\n<p>(Fuente: El Regional)<\/p>\n","protected":false},"excerpt":{"rendered":"<p>Poco le duro el raid delictivo a una banda integrada por ciudadanos de nacionalidad peruana que el \u00faltimo s\u00e1bado emprendieron &#8230; <a title=\"Desbaratan banda de \u201cLos Peruanos\u201d que robaban en la zona\" class=\"read-more\" href=\"https:\/\/www.hoymercedes.com.ar\/principal\/2016\/03\/24\/desbaratan-banda-de-los-peruanos-que-robaban-en-la-zona\/\" aria-label=\"Leer m\u00e1s sobre Desbaratan banda de \u201cLos Peruanos\u201d que robaban en la zona\">Leer m\u00e1s<\/a><\/p>\n","protected":false},"author":1,"featured_media":39728,"comment_status":"open","ping_status":"open","sticky":false,"template":"","format":"standard","meta":{"_monsterinsights_skip_tracking":false,"_monsterinsights_sitenote_active":false,"_monsterinsights_sitenote_note":"","_monsterinsights_sitenote_category":0,"jetpack_post_was_ever_published":false,"_jetpack_newsletter_access":"","_jetpack_dont_email_post_to_subs":false,"_jetpack_newsletter_tier_id":0,"_jetpack_memberships_contains_paywalled_content":false,"_jetpack_memberships_contains_paid_content":false,"footnotes":"","jetpack_publicize_message":"","jetpack_publicize_feature_enabled":true,"jetpack_social_post_already_shared":true,"jetpack_social_options":{"image_generator_settings":{"template":"highway","default_image_id":0,"font":"","enabled":false},"version":2},"_wpas_customize_per_network":false},"categories":[85],"tags":[2467,8763,925,62,8761,3457,8762,559],"class_list":["post-48144","post","type-post","status-publish","format-standard","has-post-thumbnail","hentry","category-policial","tag-9-de-julio","tag-alberti","tag-bragado","tag-chivilcoy","tag-los-peruanos","tag-policiales","tag-raid-delictivo","tag-suipacha","generate-columns","tablet-grid-50","mobile-grid-100","grid-parent","grid-50"],"jetpack_publicize_connections":[],"jetpack_featured_media_url":"https:\/\/www.hoymercedes.com.ar\/principal\/wp-content\/uploads\/2015\/02\/policiabonaerense.jpg","wps_subtitle":"Estuvieron detenidos en Mercedes","jetpack_sharing_enabled":true,"_links":{"self":[{"href":"https:\/\/www.hoymercedes.com.ar\/principal\/wp-json\/wp\/v2\/posts\/48144","targetHints":{"allow":["GET"]}}],"collection":[{"href":"https:\/\/www.hoymercedes.com.ar\/principal\/wp-json\/wp\/v2\/posts"}],"about":[{"href":"https:\/\/www.hoymercedes.com.ar\/principal\/wp-json\/wp\/v2\/types\/post"}],"author":[{"embeddable":true,"href":"https:\/\/www.hoymercedes.com.ar\/principal\/wp-json\/wp\/v2\/users\/1"}],"replies":[{"embeddable":true,"href":"https:\/\/www.hoymercedes.com.ar\/principal\/wp-json\/wp\/v2\/comments?post=48144"}],"version-history":[{"count":0,"href":"https:\/\/www.hoymercedes.com.ar\/principal\/wp-json\/wp\/v2\/posts\/48144\/revisions"}],"wp:featuredmedia":[{"embeddable":true,"href":"https:\/\/www.hoymercedes.com.ar\/principal\/wp-json\/wp\/v2\/media\/39728"}],"wp:attachment":[{"href":"https:\/\/www.hoymercedes.com.ar\/principal\/wp-json\/wp\/v2\/media?parent=48144"}],"wp:term":[{"taxonomy":"category","embeddable":true,"href":"https:\/\/www.hoymercedes.com.ar\/principal\/wp-json\/wp\/v2\/categories?post=48144"},{"taxonomy":"post_tag","embeddable":true,"href":"https:\/\/www.hoymercedes.com.ar\/principal\/wp-json\/wp\/v2\/tags?post=48144"}],"curies":[{"name":"wp","href":"https:\/\/api.w.org\/{rel}","templated":true}]}}