{"id":48165,"date":"2016-03-25T11:38:06","date_gmt":"2016-03-25T14:38:06","guid":{"rendered":"http:\/\/www.hoymercedes.com.ar\/principal\/?p=48165"},"modified":"2016-03-25T09:50:39","modified_gmt":"2016-03-25T12:50:39","slug":"siguen-en-cartelera-los-panda-y-el-marido-b","status":"publish","type":"post","link":"https:\/\/www.hoymercedes.com.ar\/principal\/2016\/03\/25\/siguen-en-cartelera-los-panda-y-el-marido-b\/","title":{"rendered":"Siguen en cartelera los panda y el marido b&#8230;"},"content":{"rendered":"<p><img loading=\"lazy\" decoding=\"async\" data-attachment-id=\"48162\" data-permalink=\"https:\/\/www.hoymercedes.com.ar\/principal\/2016\/03\/25\/reflexion-y-poesias-en-el-dia-de-la-memoria\/25-kung-fu-panda-3\/#main\" data-orig-file=\"https:\/\/www.hoymercedes.com.ar\/principal\/wp-content\/uploads\/2016\/03\/25-kung-fu-panda-3.jpg\" data-orig-size=\"448,252\" data-comments-opened=\"1\" data-image-meta=\"{&quot;aperture&quot;:&quot;0&quot;,&quot;credit&quot;:&quot;&quot;,&quot;camera&quot;:&quot;&quot;,&quot;caption&quot;:&quot;&quot;,&quot;created_timestamp&quot;:&quot;0&quot;,&quot;copyright&quot;:&quot;&quot;,&quot;focal_length&quot;:&quot;0&quot;,&quot;iso&quot;:&quot;0&quot;,&quot;shutter_speed&quot;:&quot;0&quot;,&quot;title&quot;:&quot;&quot;,&quot;orientation&quot;:&quot;0&quot;}\" data-image-title=\"25 kung-fu-panda-3\" data-image-description=\"\" data-image-caption=\"\" data-large-file=\"https:\/\/www.hoymercedes.com.ar\/principal\/wp-content\/uploads\/2016\/03\/25-kung-fu-panda-3.jpg\" class=\"aligncenter size-full wp-image-48162\" src=\"https:\/\/www.hoymercedes.com.ar\/principal\/wp-content\/uploads\/2016\/03\/25-kung-fu-panda-3.jpg\" alt=\"25 kung-fu-panda-3\" width=\"448\" height=\"252\" srcset=\"https:\/\/www.hoymercedes.com.ar\/principal\/wp-content\/uploads\/2016\/03\/25-kung-fu-panda-3.jpg 448w, https:\/\/www.hoymercedes.com.ar\/principal\/wp-content\/uploads\/2016\/03\/25-kung-fu-panda-3-150x84.jpg 150w\" sizes=\"auto, (max-width: 448px) 100vw, 448px\" \/>En el Cine Mercedes (calle 20, entre 29 y 31) \u00a0siguen por una semana m\u00e1s las dos pel\u00edculas estrenadas en simult\u00e1neo d\u00edas atr\u00e1s. A partir del viernes 25 de marzo y hasta el martes 29. el\u00a0film de animaci\u00f3n \u00abKung Fu Panda 3\u00bb, y la pel\u00edcula argentina \u00abMe cas\u00e9 con un boludo\u00bb contin\u00faan en la cartelera mercedina.<\/p>\n<p>\u201cKung Fu Panda 3\u201d se proyectar\u00e1 en la funci\u00f3n de\u00a0las 18\u00a0horas. La sinopsis de la pel\u00edcula dice:\u00a0\u201cPerdido desde hace mucho tiempo el padre del panda Po de repente reaparece , el d\u00fao se re\u00fane y viaja a un para\u00edso secreto panda para cumplir con decenas de hilarante nuevos personajes panda . Pero cuando el villano sobrenatural Kai comienza a barrer toda China y derrotar a todos los maestros de kung fu , Po debe hacer lo imposible \u2013 aprender a entrenar a un pueblo lleno de amantes de la diversi\u00f3n y hermanos torpes para convertirse en la banda final de Kung Fu Pandas\u201d<\/p>\n<p>Por su parte,\u00a0\u201cMe Cas\u00e9 con un Boludo\u201d, protagonizada por Valeria Bertuccelli y Adri\u00e1n Suar bajo la direcci\u00f3n de Juan Taratuto, podr\u00e1 verse en dos funciones: 20:00 y\u00a022:30 horas y el s\u00e1bado trasnoche (0:30 horas). A modo de anticipo, la pel\u00edcula relata la relaci\u00f3n entre\u00a0Florencia, una actriz en ascenso pero que reci\u00e9n comienza su carrera en cine, que se termina enamorando de su coprotagonista, un famoso actor de cine. Cuando deciden casarse, Florencia se dar\u00e1 cuenta que en realidad ella se enamor\u00f3 del personaje y que su esposo es en realidad un aut\u00e9ntico boludo.<\/p>\n<p>&nbsp;<\/p>\n","protected":false},"excerpt":{"rendered":"<p>En el Cine Mercedes (calle 20, entre 29 y 31) \u00a0siguen por una semana m\u00e1s las dos pel\u00edculas estrenadas en &#8230; <a title=\"Siguen en cartelera los panda y el marido b&#8230;\" class=\"read-more\" href=\"https:\/\/www.hoymercedes.com.ar\/principal\/2016\/03\/25\/siguen-en-cartelera-los-panda-y-el-marido-b\/\" aria-label=\"Leer m\u00e1s sobre Siguen en cartelera los panda y el marido b&#8230;\">Leer m\u00e1s<\/a><\/p>\n","protected":false},"author":1,"featured_media":48162,"comment_status":"open","ping_status":"open","sticky":false,"template":"","format":"standard","meta":{"_monsterinsights_skip_tracking":false,"_monsterinsights_sitenote_active":false,"_monsterinsights_sitenote_note":"","_monsterinsights_sitenote_category":0,"jetpack_post_was_ever_published":false,"_jetpack_newsletter_access":"","_jetpack_dont_email_post_to_subs":false,"_jetpack_newsletter_tier_id":0,"_jetpack_memberships_contains_paywalled_content":false,"_jetpack_memberships_contains_paid_content":false,"footnotes":"","jetpack_publicize_message":"","jetpack_publicize_feature_enabled":true,"jetpack_social_post_already_shared":true,"jetpack_social_options":{"image_generator_settings":{"template":"highway","default_image_id":0,"font":"","enabled":false},"version":2},"_wpas_customize_per_network":false},"categories":[104],"tags":[8770,5273,7805,8769],"class_list":["post-48165","post","type-post","status-publish","format-standard","has-post-thumbnail","hentry","category-cultura","tag-cartelera","tag-cine","tag-cultura","tag-funciones","generate-columns","tablet-grid-50","mobile-grid-100","grid-parent","grid-50"],"jetpack_publicize_connections":[],"jetpack_featured_media_url":"https:\/\/www.hoymercedes.com.ar\/principal\/wp-content\/uploads\/2016\/03\/25-kung-fu-panda-3.jpg","wps_subtitle":"Cine Mercedes","jetpack_sharing_enabled":true,"_links":{"self":[{"href":"https:\/\/www.hoymercedes.com.ar\/principal\/wp-json\/wp\/v2\/posts\/48165","targetHints":{"allow":["GET"]}}],"collection":[{"href":"https:\/\/www.hoymercedes.com.ar\/principal\/wp-json\/wp\/v2\/posts"}],"about":[{"href":"https:\/\/www.hoymercedes.com.ar\/principal\/wp-json\/wp\/v2\/types\/post"}],"author":[{"embeddable":true,"href":"https:\/\/www.hoymercedes.com.ar\/principal\/wp-json\/wp\/v2\/users\/1"}],"replies":[{"embeddable":true,"href":"https:\/\/www.hoymercedes.com.ar\/principal\/wp-json\/wp\/v2\/comments?post=48165"}],"version-history":[{"count":0,"href":"https:\/\/www.hoymercedes.com.ar\/principal\/wp-json\/wp\/v2\/posts\/48165\/revisions"}],"wp:featuredmedia":[{"embeddable":true,"href":"https:\/\/www.hoymercedes.com.ar\/principal\/wp-json\/wp\/v2\/media\/48162"}],"wp:attachment":[{"href":"https:\/\/www.hoymercedes.com.ar\/principal\/wp-json\/wp\/v2\/media?parent=48165"}],"wp:term":[{"taxonomy":"category","embeddable":true,"href":"https:\/\/www.hoymercedes.com.ar\/principal\/wp-json\/wp\/v2\/categories?post=48165"},{"taxonomy":"post_tag","embeddable":true,"href":"https:\/\/www.hoymercedes.com.ar\/principal\/wp-json\/wp\/v2\/tags?post=48165"}],"curies":[{"name":"wp","href":"https:\/\/api.w.org\/{rel}","templated":true}]}}