{"id":48197,"date":"2016-03-26T09:02:31","date_gmt":"2016-03-26T12:02:31","guid":{"rendered":"http:\/\/www.hoymercedes.com.ar\/principal\/?p=48197"},"modified":"2016-03-26T09:02:31","modified_gmt":"2016-03-26T12:02:31","slug":"guardia-carcel-muere-de-hantavirus","status":"publish","type":"post","link":"https:\/\/www.hoymercedes.com.ar\/principal\/2016\/03\/26\/guardia-carcel-muere-de-hantavirus\/","title":{"rendered":"Guardia c\u00e1rcel muere de hantavirus"},"content":{"rendered":"<figure id=\"attachment_48198\" aria-describedby=\"caption-attachment-48198\" style=\"width: 438px\" class=\"wp-caption aligncenter\"><img loading=\"lazy\" decoding=\"async\" data-attachment-id=\"48198\" data-permalink=\"https:\/\/www.hoymercedes.com.ar\/principal\/2016\/03\/26\/guardia-carcel-muere-de-hantavirus\/26-guardia-carcel\/#main\" data-orig-file=\"https:\/\/www.hoymercedes.com.ar\/principal\/wp-content\/uploads\/2016\/03\/26-guardia-carcel.jpg\" data-orig-size=\"448,336\" data-comments-opened=\"1\" data-image-meta=\"{&quot;aperture&quot;:&quot;0&quot;,&quot;credit&quot;:&quot;&quot;,&quot;camera&quot;:&quot;&quot;,&quot;caption&quot;:&quot;&quot;,&quot;created_timestamp&quot;:&quot;0&quot;,&quot;copyright&quot;:&quot;&quot;,&quot;focal_length&quot;:&quot;0&quot;,&quot;iso&quot;:&quot;0&quot;,&quot;shutter_speed&quot;:&quot;0&quot;,&quot;title&quot;:&quot;&quot;,&quot;orientation&quot;:&quot;0&quot;}\" data-image-title=\"26 guardia carcel\" data-image-description=\"&lt;p&gt;Foto: realpolitik.com.ar&lt;\/p&gt;\n\" data-image-caption=\"&lt;p&gt;Foto: realpolitik.com.ar&lt;\/p&gt;\n\" data-large-file=\"https:\/\/www.hoymercedes.com.ar\/principal\/wp-content\/uploads\/2016\/03\/26-guardia-carcel.jpg\" class=\"size-full wp-image-48198\" src=\"https:\/\/www.hoymercedes.com.ar\/principal\/wp-content\/uploads\/2016\/03\/26-guardia-carcel.jpg\" alt=\"Foto: realpolitik.com.ar\" width=\"448\" height=\"336\" srcset=\"https:\/\/www.hoymercedes.com.ar\/principal\/wp-content\/uploads\/2016\/03\/26-guardia-carcel.jpg 448w, https:\/\/www.hoymercedes.com.ar\/principal\/wp-content\/uploads\/2016\/03\/26-guardia-carcel-150x113.jpg 150w\" sizes=\"auto, (max-width: 448px) 100vw, 448px\" \/><figcaption id=\"caption-attachment-48198\" class=\"wp-caption-text\">Foto: realpolitik.com.ar<\/figcaption><\/figure>\n<p><strong><em>Un efectivo del Servicio Penitenciario Bonaerense (SPB) de origen mercedino que trabajaba en la Unidad N\u00ba 47, de San Mart\u00edn falleci\u00f3 hantavirus, tras permanecer internado en grave estado durante 15 d\u00edas. Se trata del cabo Emilio Perera, un joven de 39 a\u00f1os.\u00a0<\/em><\/strong><\/p>\n<p>De acuerdo a la informaci\u00f3n provincial, el agente penitenciario, se contagi\u00f3 de\u00a0hantavirus mientras trabajaba en la Unidad 47 de San Mar\u00edn\u00a0del SPB, la cual se encuentra en un predio cercano a la CEAMSE, en la localidad de Jos\u00e9 Le\u00f3n Su\u00e1rez, partido de San Mart\u00ednm aunque pertenece al Departamento Judicial de San Isidro.<\/p>\n<p>Sus compa\u00f1eros y familiares responsabilizan a las autoridades por el estado del lugar, el agua no potable y la falta de atenci\u00f3n. Es por esto, que en la Unidad los agentes penitenciarios se habr\u00edan acuartelado exigiendo mejoras laborales.<\/p>\n<p>&nbsp;<\/p>\n","protected":false},"excerpt":{"rendered":"<p>Un efectivo del Servicio Penitenciario Bonaerense (SPB) de origen mercedino que trabajaba en la Unidad N\u00ba 47, de San Mart\u00edn &#8230; <a title=\"Guardia c\u00e1rcel muere de hantavirus\" class=\"read-more\" href=\"https:\/\/www.hoymercedes.com.ar\/principal\/2016\/03\/26\/guardia-carcel-muere-de-hantavirus\/\" aria-label=\"Leer m\u00e1s sobre Guardia c\u00e1rcel muere de hantavirus\">Leer m\u00e1s<\/a><\/p>\n","protected":false},"author":1,"featured_media":48198,"comment_status":"open","ping_status":"open","sticky":false,"template":"","format":"standard","meta":{"_monsterinsights_skip_tracking":false,"_monsterinsights_sitenote_active":false,"_monsterinsights_sitenote_note":"","_monsterinsights_sitenote_category":0,"jetpack_post_was_ever_published":false,"_jetpack_newsletter_access":"","_jetpack_dont_email_post_to_subs":false,"_jetpack_newsletter_tier_id":0,"_jetpack_memberships_contains_paywalled_content":false,"_jetpack_memberships_contains_paid_content":false,"footnotes":"","jetpack_publicize_message":"","jetpack_publicize_feature_enabled":true,"jetpack_social_post_already_shared":true,"jetpack_social_options":{"image_generator_settings":{"template":"highway","default_image_id":0,"font":"","enabled":false},"version":2},"_wpas_customize_per_network":false},"categories":[8],"tags":[3750,1011,8777,8778,8780,8779],"class_list":["post-48197","post","type-post","status-publish","format-standard","has-post-thumbnail","hentry","category-sociedad","tag-agente-penitenciario","tag-carcel","tag-fallecimiento","tag-hantavirus","tag-spb","tag-unidad-47","generate-columns","tablet-grid-50","mobile-grid-100","grid-parent","grid-50"],"jetpack_publicize_connections":[],"jetpack_featured_media_url":"https:\/\/www.hoymercedes.com.ar\/principal\/wp-content\/uploads\/2016\/03\/26-guardia-carcel.jpg","wps_subtitle":"Mercedino que trabajaba en San Mart\u00edn","jetpack_sharing_enabled":true,"_links":{"self":[{"href":"https:\/\/www.hoymercedes.com.ar\/principal\/wp-json\/wp\/v2\/posts\/48197","targetHints":{"allow":["GET"]}}],"collection":[{"href":"https:\/\/www.hoymercedes.com.ar\/principal\/wp-json\/wp\/v2\/posts"}],"about":[{"href":"https:\/\/www.hoymercedes.com.ar\/principal\/wp-json\/wp\/v2\/types\/post"}],"author":[{"embeddable":true,"href":"https:\/\/www.hoymercedes.com.ar\/principal\/wp-json\/wp\/v2\/users\/1"}],"replies":[{"embeddable":true,"href":"https:\/\/www.hoymercedes.com.ar\/principal\/wp-json\/wp\/v2\/comments?post=48197"}],"version-history":[{"count":0,"href":"https:\/\/www.hoymercedes.com.ar\/principal\/wp-json\/wp\/v2\/posts\/48197\/revisions"}],"wp:featuredmedia":[{"embeddable":true,"href":"https:\/\/www.hoymercedes.com.ar\/principal\/wp-json\/wp\/v2\/media\/48198"}],"wp:attachment":[{"href":"https:\/\/www.hoymercedes.com.ar\/principal\/wp-json\/wp\/v2\/media?parent=48197"}],"wp:term":[{"taxonomy":"category","embeddable":true,"href":"https:\/\/www.hoymercedes.com.ar\/principal\/wp-json\/wp\/v2\/categories?post=48197"},{"taxonomy":"post_tag","embeddable":true,"href":"https:\/\/www.hoymercedes.com.ar\/principal\/wp-json\/wp\/v2\/tags?post=48197"}],"curies":[{"name":"wp","href":"https:\/\/api.w.org\/{rel}","templated":true}]}}