{"id":48213,"date":"2016-03-27T19:26:52","date_gmt":"2016-03-27T22:26:52","guid":{"rendered":"http:\/\/www.hoymercedes.com.ar\/principal\/?p=48213"},"modified":"2016-03-27T19:26:52","modified_gmt":"2016-03-27T22:26:52","slug":"quilmes-empato-de-local-y-quedo-afuera-del-torneo-federacion-norte","status":"publish","type":"post","link":"https:\/\/www.hoymercedes.com.ar\/principal\/2016\/03\/27\/quilmes-empato-de-local-y-quedo-afuera-del-torneo-federacion-norte\/","title":{"rendered":"Quilmes empat\u00f3 de local y qued\u00f3 afuera del Torneo Federaci\u00f3n Norte"},"content":{"rendered":"<p><strong>En un partido de lo m\u00e1s interesante Atl\u00e9tico las Campanas le empat\u00f3 en la Liga Mercedina a Quilmes que qued\u00f3 afuera del Torneo Federaci\u00f3n Norte. En Mercedes salieron 3 a 3 mientras que en Campana hace 7 d\u00edas hab\u00edan terminado 3 a 2.<\/strong><\/p>\n<p>Con transmisi\u00f3n de <strong>Fm La Tribuna<\/strong> se vivi\u00f3 un partido vibrante donde Quilmes empat\u00f3 y qued\u00f3 afuera.<\/p>\n<p>A los 20 segundos del primer tiempo el primer error de Quilmes deja en ventaja a la visita. A los 14 Vitetta de penal empata y vuelve a meterla en la red a los 29 dando vuelta el encuentro. A los 11 hab\u00edan expulsado a Pav\u00f3n de Atl\u00e9tico las Campanas. Montero pone el 3 a 1 y Paz a los 44 del primer tiempo cierra el 3 a 2.<\/p>\n<p>En el complemento\u00a0Quilmes no tuvo la agresividad y decisi\u00f3n del primero padeciendo la expulsi\u00f3n de Rosales que hab\u00eda ingresado hac\u00eda un instante por Denis. Todo indicaba que ir\u00edan a penales hasta que a los 49m, cuando se bajaba la persiana, tras un error de Quilmes Coronel mete el 3 a 3 y cierra la serie. Nada m\u00e1s que hacer para los locales.<\/p>\n<p>Quilmes qued\u00f3 afuera y Atl\u00e9tico las Campanas pas\u00f3 a las semi finales del Torne Federaci\u00f3n Norte.<\/p>\n<p>Los campanenses, en 2012, ganaron este torneo y ahora se encaminan a repetir el t\u00edtulo.<\/p>\n<p>AMPLIAREMOS con informe de ARIEL MUSANTE<\/p>\n","protected":false},"excerpt":{"rendered":"<p>En un partido de lo m\u00e1s interesante Atl\u00e9tico las Campanas le empat\u00f3 en la Liga Mercedina a Quilmes que qued\u00f3 &#8230; <a title=\"Quilmes empat\u00f3 de local y qued\u00f3 afuera del Torneo Federaci\u00f3n Norte\" class=\"read-more\" href=\"https:\/\/www.hoymercedes.com.ar\/principal\/2016\/03\/27\/quilmes-empato-de-local-y-quedo-afuera-del-torneo-federacion-norte\/\" aria-label=\"Leer m\u00e1s sobre Quilmes empat\u00f3 de local y qued\u00f3 afuera del Torneo Federaci\u00f3n Norte\">Leer m\u00e1s<\/a><\/p>\n","protected":false},"author":1,"featured_media":48076,"comment_status":"open","ping_status":"open","sticky":false,"template":"","format":"standard","meta":{"_monsterinsights_skip_tracking":false,"_monsterinsights_sitenote_active":false,"_monsterinsights_sitenote_note":"","_monsterinsights_sitenote_category":0,"jetpack_post_was_ever_published":false,"_jetpack_newsletter_access":"","_jetpack_dont_email_post_to_subs":false,"_jetpack_newsletter_tier_id":0,"_jetpack_memberships_contains_paywalled_content":false,"_jetpack_memberships_contains_paid_content":false,"footnotes":"","jetpack_publicize_message":"","jetpack_publicize_feature_enabled":true,"jetpack_social_post_already_shared":true,"jetpack_social_options":{"image_generator_settings":{"template":"highway","default_image_id":0,"font":"","enabled":false},"version":2},"_wpas_customize_per_network":false},"categories":[21],"tags":[8407,3533,1413,8417],"class_list":["post-48213","post","type-post","status-publish","format-standard","has-post-thumbnail","hentry","category-deportes","tag-atletico-las-campanas","tag-juanito-menendez","tag-quilmes","tag-torneo-federacion-norte","generate-columns","tablet-grid-50","mobile-grid-100","grid-parent","grid-50"],"jetpack_publicize_connections":[],"jetpack_featured_media_url":"https:\/\/www.hoymercedes.com.ar\/principal\/wp-content\/uploads\/2016\/03\/Juanito-DT.jpg","wps_subtitle":"Pas\u00f3 At. las Campanas a la semi final","jetpack_sharing_enabled":true,"_links":{"self":[{"href":"https:\/\/www.hoymercedes.com.ar\/principal\/wp-json\/wp\/v2\/posts\/48213","targetHints":{"allow":["GET"]}}],"collection":[{"href":"https:\/\/www.hoymercedes.com.ar\/principal\/wp-json\/wp\/v2\/posts"}],"about":[{"href":"https:\/\/www.hoymercedes.com.ar\/principal\/wp-json\/wp\/v2\/types\/post"}],"author":[{"embeddable":true,"href":"https:\/\/www.hoymercedes.com.ar\/principal\/wp-json\/wp\/v2\/users\/1"}],"replies":[{"embeddable":true,"href":"https:\/\/www.hoymercedes.com.ar\/principal\/wp-json\/wp\/v2\/comments?post=48213"}],"version-history":[{"count":0,"href":"https:\/\/www.hoymercedes.com.ar\/principal\/wp-json\/wp\/v2\/posts\/48213\/revisions"}],"wp:featuredmedia":[{"embeddable":true,"href":"https:\/\/www.hoymercedes.com.ar\/principal\/wp-json\/wp\/v2\/media\/48076"}],"wp:attachment":[{"href":"https:\/\/www.hoymercedes.com.ar\/principal\/wp-json\/wp\/v2\/media?parent=48213"}],"wp:term":[{"taxonomy":"category","embeddable":true,"href":"https:\/\/www.hoymercedes.com.ar\/principal\/wp-json\/wp\/v2\/categories?post=48213"},{"taxonomy":"post_tag","embeddable":true,"href":"https:\/\/www.hoymercedes.com.ar\/principal\/wp-json\/wp\/v2\/tags?post=48213"}],"curies":[{"name":"wp","href":"https:\/\/api.w.org\/{rel}","templated":true}]}}