{"id":48227,"date":"2016-03-27T22:45:51","date_gmt":"2016-03-28T01:45:51","guid":{"rendered":"http:\/\/www.hoymercedes.com.ar\/principal\/?p=48227"},"modified":"2016-03-27T22:48:49","modified_gmt":"2016-03-28T01:48:49","slug":"adios-al-sueno-quilmes-sono-ante-las-campanas-audio","status":"publish","type":"post","link":"https:\/\/www.hoymercedes.com.ar\/principal\/2016\/03\/27\/adios-al-sueno-quilmes-sono-ante-las-campanas-audio\/","title":{"rendered":"Adi\u00f3s al sue\u00f1o: Quilmes son\u00f3 ante Las Campanas (Audio)"},"content":{"rendered":"<p><img loading=\"lazy\" decoding=\"async\" data-attachment-id=\"46317\" data-permalink=\"https:\/\/www.hoymercedes.com.ar\/principal\/2015\/12\/08\/por-penales-trocha-gano-el-clausura\/musante-ariel-2\/#main\" data-orig-file=\"https:\/\/www.hoymercedes.com.ar\/principal\/wp-content\/uploads\/2015\/12\/musante-ariel.png\" data-orig-size=\"630,100\" data-comments-opened=\"1\" data-image-meta=\"{&quot;aperture&quot;:&quot;0&quot;,&quot;credit&quot;:&quot;&quot;,&quot;camera&quot;:&quot;&quot;,&quot;caption&quot;:&quot;&quot;,&quot;created_timestamp&quot;:&quot;0&quot;,&quot;copyright&quot;:&quot;&quot;,&quot;focal_length&quot;:&quot;0&quot;,&quot;iso&quot;:&quot;0&quot;,&quot;shutter_speed&quot;:&quot;0&quot;,&quot;title&quot;:&quot;&quot;,&quot;orientation&quot;:&quot;0&quot;}\" data-image-title=\"musante-ariel\" data-image-description=\"\" data-image-caption=\"\" data-large-file=\"https:\/\/www.hoymercedes.com.ar\/principal\/wp-content\/uploads\/2015\/12\/musante-ariel.png\" class=\"aligncenter size-medium wp-image-46317\" src=\"https:\/\/www.hoymercedes.com.ar\/principal\/wp-content\/uploads\/2015\/12\/musante-ariel-630x100.png\" alt=\"musante-ariel\" width=\"630\" height=\"100\" srcset=\"https:\/\/www.hoymercedes.com.ar\/principal\/wp-content\/uploads\/2015\/12\/musante-ariel.png 630w, https:\/\/www.hoymercedes.com.ar\/principal\/wp-content\/uploads\/2015\/12\/musante-ariel-150x24.png 150w\" sizes=\"auto, (max-width: 630px) 100vw, 630px\" \/><\/p>\n<p><strong>Por Ariel Musante \/ El conjunto de Juan Ignacio Menendez tuvo la posibilidad de cerrar su clasificaci\u00f3n a semifinales en el primer tiempo, pero perdon\u00f3 a Atl\u00e9tico Las Campanas, que en la \u00faltima jugada del partido se lo empat\u00f3 y lo elimin\u00f3. Ahora deber\u00e1 enfocarse en el certamen local, donde debe tres partidos.<\/strong><\/p>\n<p>Fue tanta la emotividad que tuvo el primer tiempo como la desaz\u00f3n del final. En un partido m\u00e1s que extra\u00f1o, Quilmes tuvo en sus manos la gran chance de seguir haciendo historia, pero el destino en cancha fue ayudado para que la historia le fuera negada y en forma ag\u00f3nica se termin\u00f3 llevando el premio mayor el equipo que hizo poco, pero lo m\u00e1s importante, aprovechar tres errores de los mercedinos.<\/p>\n<p>Fue 3 a 3, con todo lo que implica un resultado as\u00ed cuando alguien lo cuenta. El pase inicial lo dio la visita y esquiv\u00f3 jugadores de Quilmes que quedaron parados cuales futbolistas de metegol pidiendo una posici\u00f3n adelantada que nunca existi\u00f3 y el pase de Gonz\u00e1lez dej\u00f3 habilitado a Rodr\u00edguez para que gambetee a Fontana y a los 10 segundos ponga el 1 a 0.<\/p>\n<p>Parec\u00eda que ese gol, que pon\u00eda el global 4 a 2, era el inicio de la pel\u00edcula de terror. Sin embargo, tras unos fat\u00eddicos 5 minutos, Quilmes reaccion\u00f3 y una corajeada de Vitetta junto con Torres termin\u00f3 en penal contra el ex Club Mercedes que fue cambiado por \u00e9l mismo por gol. Todo volv\u00eda a foja cero y Las Campanas se pon\u00eda nervioso en forma temprana, al punto de que Pav\u00f3n golpe\u00f3 sin pelota a Lobos y a los 19 ve\u00eda la roja directa.<\/p>\n<p>Quilmes se agrand\u00f3, toc\u00f3, jug\u00f3 bien, se flore\u00f3 y entonces alcanz\u00f3 el 2 a 1 con un puntazo de Vitetta dentro del \u00e1rea a los 29 y dar vuelta la historia, que quedaba por el momento con la serie igualada en 4. Pero Quilmes fue ambicioso, lo fue a buscar y a los 39 un cabezazo de Montero fue el 3 a 1 que hac\u00eda delirar a la hinchada local que fue en gran n\u00famero al estadio de la Liga Mercedina.<\/p>\n<p>Un misil de Torres pudo haber sido el cuarto gol, que cerraba la historia, pero Las Campanas se acord\u00f3 de cruzar la mitad de cancha y un tiro libre de Mi\u00f1o llovido no fue rechazado por nadie de Quilmes y apareci\u00f3 Paz para poner un 3 a 2 hac\u00eda sospechar lo peor.<\/p>\n<p>A la vuelta del entretiempo, el \u00e1rbitro Pellegrino ech\u00f3 a Chaves, suplente en Las Campanas y a un ayudante del entrenador, que quiso golpear al asistente. El clima se enrarec\u00eda, lo complicaba la visita, que sali\u00f3 a buscar los penales y se llev\u00f3 demasiado.<\/p>\n<p>En el segundo tiempo, Quilmes monopoliz\u00f3 el juego. Rodr\u00edguez, Balmaceda y Pastor dirigieron la orquesta, mientras que Vitetta y Torres segu\u00edan brindando m\u00fasica como en todo el partido, pero ese toqueteo no gener\u00f3 situaciones de peligro hasta los 37 minutos cuando Rodr\u00edguez le quem\u00f3 las manos al arquero Cejas. Para colmo, hac\u00eda dos minutos que Rosales hab\u00eda sido expulsado (reci\u00e9n ingresado) por Manuel Gonz\u00e1lez y entonces la historia se empezaba a complicar.<\/p>\n<p>Quilmes intent\u00f3, no pudo y tras desperdiciar el \u00faltimo tiro libre cuando ya se jugaba el tercer minuto de los cuatro que adicion\u00f3 el \u00e1rbitro, lleg\u00f3 un pelotazo desde el fondo que termin\u00f3 en un lateral a la altura del \u00e1rea grande de Fontana. El saque de manos se hizo y el reci\u00e9n ingresado Coronel le dio de emboquillada ante la salida de un arquero que qued\u00f3 a mitad de camino y la pelota se le meti\u00f3 por arriba. Iban 49 minutos 20 segundos y sin merecerlo, Las Campanas sonaban en cancha de la Liga, y Quilmes quedaba eliminado sin saber por qu\u00e9, porque jug\u00f3 bien, lindo, pero tuvo tres desatenciones defensivas y lo pag\u00f3 demasiado caro.<\/p>\n<p>Ahora se viene un nuevo desaf\u00edo para el cuerpo t\u00e9cnico comandado por Juan Ignacio Menendez que tendr\u00e1 un plantel con algunas modificaciones, y ser\u00e1 el torneo Apertura que se est\u00e1 jugando en la Liga Mercedina, donde deber\u00e1 ponerse al d\u00eda con Ateneo (fecha 1), Costa Brava (fecha 2) y Comunicaciones (fecha 3) con partidos que se jugar\u00e1n entre semana y mientras tanto, los fines de semana, seguir jugando a partir de la quinta, ya que en la cuarta qued\u00f3 libre.<\/p>\n<h3>S\u00edntesis<\/h3>\n<p><strong>Quilmes 3:<\/strong> Fontana, Gonz\u00e1lez, Montero, Lobos y Fern\u00e1ndez; Pastor, Balmaceda, Denis y Rodr\u00edguez; Torres y Vitetta. Relevos: Bavastro y Pi\u00f1ero. Cambios: Cassou por Denis y Rosales por Gonz\u00e1lez. Amonestados: Montero, Denis, Fern\u00e1ndez y Balmaceda. Expulsado: Rosales.<\/p>\n<p><strong>Las Campanas 3:<\/strong> Cejas, Vallejos, Carmarath, Sosa y Acu\u00f1a; Mi\u00f1o, Guzm\u00e1n, Pav\u00f3n, Gonz\u00e1lez; Arce y Paz. Relevos: Sosa, Valles y Ch\u00e1vez. Cambios: Del Valle por Guzm\u00e1n y Coronel por Arce. Amonestados: Carmarath, Cejas, Acu\u00f1a, Paz y Arce. Expulsados: Pav\u00f3n y Chaves.<\/p>\n<p>Goles en el PT: 00\u00b4 Rodr\u00edguez para Las Campanas. 9 y 29 Vitetta para Quilmes, 39 Montero para Quilmes y 45\u00b4 Paz para Las Campanas.<\/p>\n<p>Gol en el ST: 49\u00b4 Coronel para Las Campanas.<\/p>\n<h3>Audio del resumen<\/h3>\n<p>El resumen del partido en el audio de Fm La Tribuna, que relat\u00f3 el \u00abEquipo Carr\u00faa\u00bb. Momentos imperdibles de un partido con todos los atractivos: goles, expulsados, intervenci\u00f3n de la hinchada y definici\u00f3n a \u00faltimo minuto.<\/p>\n<iframe loading=\"lazy\" width=\"100%\" height=\"166\" scrolling=\"no\" frameborder=\"no\" src=\"https:\/\/w.soundcloud.com\/player\/?url=https%3A%2F%2Fapi.soundcloud.com%2Ftracks%2F255499048&auto_play=false&hide_related=false&visual=false&show_comments=true&show_user=true&show_reposts=false&color=ff5500\"><\/iframe>\n<p>&nbsp;<\/p>\n","protected":false},"excerpt":{"rendered":"<p>Por Ariel Musante \/ El conjunto de Juan Ignacio Menendez tuvo la posibilidad de cerrar su clasificaci\u00f3n a semifinales en &#8230; <a title=\"Adi\u00f3s al sue\u00f1o: Quilmes son\u00f3 ante Las Campanas (Audio)\" class=\"read-more\" href=\"https:\/\/www.hoymercedes.com.ar\/principal\/2016\/03\/27\/adios-al-sueno-quilmes-sono-ante-las-campanas-audio\/\" aria-label=\"Leer m\u00e1s sobre Adi\u00f3s al sue\u00f1o: Quilmes son\u00f3 ante Las Campanas (Audio)\">Leer m\u00e1s<\/a><\/p>\n","protected":false},"author":1,"featured_media":48228,"comment_status":"open","ping_status":"open","sticky":false,"template":"","format":"standard","meta":{"_monsterinsights_skip_tracking":false,"_monsterinsights_sitenote_active":false,"_monsterinsights_sitenote_note":"","_monsterinsights_sitenote_category":0,"jetpack_post_was_ever_published":false,"_jetpack_newsletter_access":"","_jetpack_dont_email_post_to_subs":false,"_jetpack_newsletter_tier_id":0,"_jetpack_memberships_contains_paywalled_content":false,"_jetpack_memberships_contains_paid_content":false,"footnotes":"","jetpack_publicize_message":"","jetpack_publicize_feature_enabled":true,"jetpack_social_post_already_shared":true,"jetpack_social_options":{"image_generator_settings":{"template":"highway","default_image_id":0,"font":"","enabled":false},"version":2},"_wpas_customize_per_network":false},"categories":[21],"tags":[8407,8426,394,1413],"class_list":["post-48227","post","type-post","status-publish","format-standard","has-post-thumbnail","hentry","category-deportes","tag-atletico-las-campanas","tag-federacion-norte","tag-futbol-mercedes","tag-quilmes","generate-columns","tablet-grid-50","mobile-grid-100","grid-parent","grid-50"],"jetpack_publicize_connections":[],"jetpack_featured_media_url":"https:\/\/www.hoymercedes.com.ar\/principal\/wp-content\/uploads\/2016\/03\/atleticolascampanas.jpg","wps_subtitle":"Federaci\u00f3n Norte","jetpack_sharing_enabled":true,"_links":{"self":[{"href":"https:\/\/www.hoymercedes.com.ar\/principal\/wp-json\/wp\/v2\/posts\/48227","targetHints":{"allow":["GET"]}}],"collection":[{"href":"https:\/\/www.hoymercedes.com.ar\/principal\/wp-json\/wp\/v2\/posts"}],"about":[{"href":"https:\/\/www.hoymercedes.com.ar\/principal\/wp-json\/wp\/v2\/types\/post"}],"author":[{"embeddable":true,"href":"https:\/\/www.hoymercedes.com.ar\/principal\/wp-json\/wp\/v2\/users\/1"}],"replies":[{"embeddable":true,"href":"https:\/\/www.hoymercedes.com.ar\/principal\/wp-json\/wp\/v2\/comments?post=48227"}],"version-history":[{"count":0,"href":"https:\/\/www.hoymercedes.com.ar\/principal\/wp-json\/wp\/v2\/posts\/48227\/revisions"}],"wp:featuredmedia":[{"embeddable":true,"href":"https:\/\/www.hoymercedes.com.ar\/principal\/wp-json\/wp\/v2\/media\/48228"}],"wp:attachment":[{"href":"https:\/\/www.hoymercedes.com.ar\/principal\/wp-json\/wp\/v2\/media?parent=48227"}],"wp:term":[{"taxonomy":"category","embeddable":true,"href":"https:\/\/www.hoymercedes.com.ar\/principal\/wp-json\/wp\/v2\/categories?post=48227"},{"taxonomy":"post_tag","embeddable":true,"href":"https:\/\/www.hoymercedes.com.ar\/principal\/wp-json\/wp\/v2\/tags?post=48227"}],"curies":[{"name":"wp","href":"https:\/\/api.w.org\/{rel}","templated":true}]}}