{"id":48243,"date":"2016-03-28T09:36:48","date_gmt":"2016-03-28T12:36:48","guid":{"rendered":"http:\/\/www.hoymercedes.com.ar\/principal\/?p=48243"},"modified":"2016-03-28T09:36:48","modified_gmt":"2016-03-28T12:36:48","slug":"muerte-de-dos-mercedinos","status":"publish","type":"post","link":"https:\/\/www.hoymercedes.com.ar\/principal\/2016\/03\/28\/muerte-de-dos-mercedinos\/","title":{"rendered":"Muerte de dos mercedinos"},"content":{"rendered":"<p><img loading=\"lazy\" decoding=\"async\" data-attachment-id=\"48241\" data-permalink=\"https:\/\/www.hoymercedes.com.ar\/principal\/2016\/03\/28\/buenas-actuaciones-de-guido-rebagliatti-y-martin-horn\/poli-2\/#main\" data-orig-file=\"https:\/\/www.hoymercedes.com.ar\/principal\/wp-content\/uploads\/2016\/03\/poli-1.jpg\" data-orig-size=\"600,340\" data-comments-opened=\"1\" data-image-meta=\"{&quot;aperture&quot;:&quot;0&quot;,&quot;credit&quot;:&quot;&quot;,&quot;camera&quot;:&quot;&quot;,&quot;caption&quot;:&quot;&quot;,&quot;created_timestamp&quot;:&quot;0&quot;,&quot;copyright&quot;:&quot;&quot;,&quot;focal_length&quot;:&quot;0&quot;,&quot;iso&quot;:&quot;0&quot;,&quot;shutter_speed&quot;:&quot;0&quot;,&quot;title&quot;:&quot;&quot;,&quot;orientation&quot;:&quot;0&quot;}\" data-image-title=\"poli\" data-image-description=\"\" data-image-caption=\"\" data-large-file=\"https:\/\/www.hoymercedes.com.ar\/principal\/wp-content\/uploads\/2016\/03\/poli-1.jpg\" class=\"aligncenter size-full wp-image-48241\" src=\"https:\/\/www.hoymercedes.com.ar\/principal\/wp-content\/uploads\/2016\/03\/poli-1.jpg\" alt=\"poli\" width=\"600\" height=\"340\" srcset=\"https:\/\/www.hoymercedes.com.ar\/principal\/wp-content\/uploads\/2016\/03\/poli-1.jpg 600w, https:\/\/www.hoymercedes.com.ar\/principal\/wp-content\/uploads\/2016\/03\/poli-1-150x85.jpg 150w\" sizes=\"auto, (max-width: 600px) 100vw, 600px\" \/>Como se anticipara el s\u00e1bado alrededor de las 5:35 horas se produjo un accidente en avenida 2 entre 5 y 7. A causa del mismo fallecieron Facundo Mart\u00ednez (24) y Daniel Lucero (23), ambos domiciliados en esta ciudad. A\u00a0ra\u00edz de las lesiones de gravedad que presentaban ambas personas fallecen.<\/p>\n<p>De acuerdo al parte policial aportado por la Polic\u00eda Comunal Mercedes se pudo conocer que con intervenci\u00f3n de la UFI N\u00ba 2 se realizaron las pericias a cargo de Polic\u00eda Cient\u00edfica y la operaci\u00f3n de autopsia tras lo cual los restos de los j\u00f3venes fueron entregados a sus familias para el sepelio correspondiente.<\/p>\n<p>Luego de lograr varios testimonios de testigos presenciales del siniestro se logr\u00f3 establecer que el accidente ocurri\u00f3 por alguna maniobra de quien conduc\u00eda el motoveh\u00edculo que result\u00f3 en ca\u00edda y que no intervinieron otros veh\u00edculos. El hecho fue caratulado a causa de establecer ello como \u201cMuerte por accidente\u201d.<\/p>\n<p>Los j\u00f3venes se movilizaban en una moto marca Suzuki ax 100, patente 321-IOV, la cual presentaba un pedido de secuestro activo de fecha 31 de enero de este a\u00f1o por el delito de Hurto, con intervenci\u00f3n de la UFI N\u00ba 3.<\/p>\n","protected":false},"excerpt":{"rendered":"<p>Como se anticipara el s\u00e1bado alrededor de las 5:35 horas se produjo un accidente en avenida 2 entre 5 y &#8230; <a title=\"Muerte de dos mercedinos\" class=\"read-more\" href=\"https:\/\/www.hoymercedes.com.ar\/principal\/2016\/03\/28\/muerte-de-dos-mercedinos\/\" aria-label=\"Leer m\u00e1s sobre Muerte de dos mercedinos\">Leer m\u00e1s<\/a><\/p>\n","protected":false},"author":1,"featured_media":48241,"comment_status":"open","ping_status":"open","sticky":false,"template":"","format":"standard","meta":{"_monsterinsights_skip_tracking":false,"_monsterinsights_sitenote_active":false,"_monsterinsights_sitenote_note":"","_monsterinsights_sitenote_category":0,"jetpack_post_was_ever_published":false,"_jetpack_newsletter_access":"","_jetpack_dont_email_post_to_subs":false,"_jetpack_newsletter_tier_id":0,"_jetpack_memberships_contains_paywalled_content":false,"_jetpack_memberships_contains_paid_content":false,"footnotes":"","jetpack_publicize_message":"","jetpack_publicize_feature_enabled":true,"jetpack_social_post_already_shared":true,"jetpack_social_options":{"image_generator_settings":{"template":"highway","default_image_id":0,"font":"","enabled":false},"version":2},"_wpas_customize_per_network":false},"categories":[85],"tags":[832,8792,8794,8793],"class_list":["post-48243","post","type-post","status-publish","format-standard","has-post-thumbnail","hentry","category-policial","tag-accidente","tag-centro","tag-moto","tag-muertos","generate-columns","tablet-grid-50","mobile-grid-100","grid-parent","grid-50"],"jetpack_publicize_connections":[],"jetpack_featured_media_url":"https:\/\/www.hoymercedes.com.ar\/principal\/wp-content\/uploads\/2016\/03\/poli-1.jpg","wps_subtitle":"Se conocen detalles del accidente del s\u00e1bado","jetpack_sharing_enabled":true,"_links":{"self":[{"href":"https:\/\/www.hoymercedes.com.ar\/principal\/wp-json\/wp\/v2\/posts\/48243","targetHints":{"allow":["GET"]}}],"collection":[{"href":"https:\/\/www.hoymercedes.com.ar\/principal\/wp-json\/wp\/v2\/posts"}],"about":[{"href":"https:\/\/www.hoymercedes.com.ar\/principal\/wp-json\/wp\/v2\/types\/post"}],"author":[{"embeddable":true,"href":"https:\/\/www.hoymercedes.com.ar\/principal\/wp-json\/wp\/v2\/users\/1"}],"replies":[{"embeddable":true,"href":"https:\/\/www.hoymercedes.com.ar\/principal\/wp-json\/wp\/v2\/comments?post=48243"}],"version-history":[{"count":0,"href":"https:\/\/www.hoymercedes.com.ar\/principal\/wp-json\/wp\/v2\/posts\/48243\/revisions"}],"wp:featuredmedia":[{"embeddable":true,"href":"https:\/\/www.hoymercedes.com.ar\/principal\/wp-json\/wp\/v2\/media\/48241"}],"wp:attachment":[{"href":"https:\/\/www.hoymercedes.com.ar\/principal\/wp-json\/wp\/v2\/media?parent=48243"}],"wp:term":[{"taxonomy":"category","embeddable":true,"href":"https:\/\/www.hoymercedes.com.ar\/principal\/wp-json\/wp\/v2\/categories?post=48243"},{"taxonomy":"post_tag","embeddable":true,"href":"https:\/\/www.hoymercedes.com.ar\/principal\/wp-json\/wp\/v2\/tags?post=48243"}],"curies":[{"name":"wp","href":"https:\/\/api.w.org\/{rel}","templated":true}]}}