{"id":48261,"date":"2016-03-28T21:28:06","date_gmt":"2016-03-29T00:28:06","guid":{"rendered":"http:\/\/www.hoymercedes.com.ar\/principal\/?p=48261"},"modified":"2016-03-28T21:35:57","modified_gmt":"2016-03-29T00:35:57","slug":"ajb-anuncio-paro-este-martes-y-asamblea-judicial-el-miercoles","status":"publish","type":"post","link":"https:\/\/www.hoymercedes.com.ar\/principal\/2016\/03\/28\/ajb-anuncio-paro-este-martes-y-asamblea-judicial-el-miercoles\/","title":{"rendered":"AJB anunci\u00f3 paro \u00e9ste martes y asamblea judicial el mi\u00e9rcoles"},"content":{"rendered":"<figure id=\"attachment_48262\" aria-describedby=\"caption-attachment-48262\" style=\"width: 620px\" class=\"wp-caption aligncenter\"><img loading=\"lazy\" decoding=\"async\" data-attachment-id=\"48262\" data-permalink=\"https:\/\/www.hoymercedes.com.ar\/principal\/2016\/03\/28\/ajb-anuncio-paro-este-martes-y-asamblea-judicial-el-miercoles\/parotribunales-2\/#main\" data-orig-file=\"https:\/\/www.hoymercedes.com.ar\/principal\/wp-content\/uploads\/2016\/03\/parotribunales.jpg\" data-orig-size=\"1280,960\" data-comments-opened=\"1\" data-image-meta=\"{&quot;aperture&quot;:&quot;0&quot;,&quot;credit&quot;:&quot;&quot;,&quot;camera&quot;:&quot;&quot;,&quot;caption&quot;:&quot;&quot;,&quot;created_timestamp&quot;:&quot;0&quot;,&quot;copyright&quot;:&quot;&quot;,&quot;focal_length&quot;:&quot;0&quot;,&quot;iso&quot;:&quot;0&quot;,&quot;shutter_speed&quot;:&quot;0&quot;,&quot;title&quot;:&quot;&quot;,&quot;orientation&quot;:&quot;0&quot;}\" data-image-title=\"parotribunales\" data-image-description=\"\" data-image-caption=\"&lt;p&gt;Papeles arrojados en dependencias judiciales&lt;\/p&gt;\n\" data-large-file=\"https:\/\/www.hoymercedes.com.ar\/principal\/wp-content\/uploads\/2016\/03\/parotribunales-1024x768.jpg\" class=\"size-medium wp-image-48262\" src=\"https:\/\/www.hoymercedes.com.ar\/principal\/wp-content\/uploads\/2016\/03\/parotribunales-630x473.jpg\" alt=\"Papeles arrojados en dependencias judiciales\" width=\"630\" height=\"473\" srcset=\"https:\/\/www.hoymercedes.com.ar\/principal\/wp-content\/uploads\/2016\/03\/parotribunales-630x473.jpg 630w, https:\/\/www.hoymercedes.com.ar\/principal\/wp-content\/uploads\/2016\/03\/parotribunales-150x113.jpg 150w, https:\/\/www.hoymercedes.com.ar\/principal\/wp-content\/uploads\/2016\/03\/parotribunales-768x576.jpg 768w, https:\/\/www.hoymercedes.com.ar\/principal\/wp-content\/uploads\/2016\/03\/parotribunales-1024x768.jpg 1024w, https:\/\/www.hoymercedes.com.ar\/principal\/wp-content\/uploads\/2016\/03\/parotribunales.jpg 1280w\" sizes=\"auto, (max-width: 630px) 100vw, 630px\" \/><figcaption id=\"caption-attachment-48262\" class=\"wp-caption-text\">Papeles arrojados en dependencias judiciales<\/figcaption><\/figure>\n<p><strong>Este mi\u00e9rcoles 29 se realizar\u00e1 una nueva acci\u00f3n gremial en el espacio judicial. Los trabajadores de la justicia no aceptaron las propuestas de la Provincia de Buenos Aires y efectuar\u00e1n un paro en las distintas dependencias locales.<\/strong><\/p>\n<p><em>\u00abLa AJB rechaz\u00f3 en la mesa de negociaci\u00f3n propuesta de aumento salarial del 25,5% anual, en tres etapas ante lo cual \u00a0se ratifica el paro y movilizaci\u00f3n de ma\u00f1ana (por \u00e9ste martes 29 de marzo) y se realizar\u00e1n asambleas el mi\u00e9rcoles para definir la continuidad de las medidas de fuerza\u00bb<\/em> afirmaron desde la Asociaci\u00f3n Judicial Bonaerense local.<\/p>\n<p>La AJB es una de las instituciones provinciales que suele sostener medidas de lucha a lo largo del tiempo y que a\u00fan tiene reclamos hist\u00f3ricos insatisfechos.<\/p>\n<p>&nbsp;<\/p>\n","protected":false},"excerpt":{"rendered":"<p>Este mi\u00e9rcoles 29 se realizar\u00e1 una nueva acci\u00f3n gremial en el espacio judicial. Los trabajadores de la justicia no aceptaron &#8230; <a title=\"AJB anunci\u00f3 paro \u00e9ste martes y asamblea judicial el mi\u00e9rcoles\" class=\"read-more\" href=\"https:\/\/www.hoymercedes.com.ar\/principal\/2016\/03\/28\/ajb-anuncio-paro-este-martes-y-asamblea-judicial-el-miercoles\/\" aria-label=\"Leer m\u00e1s sobre AJB anunci\u00f3 paro \u00e9ste martes y asamblea judicial el mi\u00e9rcoles\">Leer m\u00e1s<\/a><\/p>\n","protected":false},"author":1,"featured_media":48262,"comment_status":"open","ping_status":"open","sticky":false,"template":"","format":"standard","meta":{"_monsterinsights_skip_tracking":false,"_monsterinsights_sitenote_active":false,"_monsterinsights_sitenote_note":"","_monsterinsights_sitenote_category":0,"jetpack_post_was_ever_published":false,"_jetpack_newsletter_access":"","_jetpack_dont_email_post_to_subs":false,"_jetpack_newsletter_tier_id":0,"_jetpack_memberships_contains_paywalled_content":false,"_jetpack_memberships_contains_paid_content":false,"footnotes":"","jetpack_publicize_message":"","jetpack_publicize_feature_enabled":true,"jetpack_social_post_already_shared":true,"jetpack_social_options":{"image_generator_settings":{"template":"highway","default_image_id":0,"font":"","enabled":false},"version":2},"_wpas_customize_per_network":false},"categories":[8],"tags":[95,720],"class_list":["post-48261","post","type-post","status-publish","format-standard","has-post-thumbnail","hentry","category-sociedad","tag-ajb","tag-paro-judiciales","generate-columns","tablet-grid-50","mobile-grid-100","grid-parent","grid-50"],"jetpack_publicize_connections":[],"jetpack_featured_media_url":"https:\/\/www.hoymercedes.com.ar\/principal\/wp-content\/uploads\/2016\/03\/parotribunales.jpg","wps_subtitle":"Semana movidita...","jetpack_sharing_enabled":true,"_links":{"self":[{"href":"https:\/\/www.hoymercedes.com.ar\/principal\/wp-json\/wp\/v2\/posts\/48261","targetHints":{"allow":["GET"]}}],"collection":[{"href":"https:\/\/www.hoymercedes.com.ar\/principal\/wp-json\/wp\/v2\/posts"}],"about":[{"href":"https:\/\/www.hoymercedes.com.ar\/principal\/wp-json\/wp\/v2\/types\/post"}],"author":[{"embeddable":true,"href":"https:\/\/www.hoymercedes.com.ar\/principal\/wp-json\/wp\/v2\/users\/1"}],"replies":[{"embeddable":true,"href":"https:\/\/www.hoymercedes.com.ar\/principal\/wp-json\/wp\/v2\/comments?post=48261"}],"version-history":[{"count":0,"href":"https:\/\/www.hoymercedes.com.ar\/principal\/wp-json\/wp\/v2\/posts\/48261\/revisions"}],"wp:featuredmedia":[{"embeddable":true,"href":"https:\/\/www.hoymercedes.com.ar\/principal\/wp-json\/wp\/v2\/media\/48262"}],"wp:attachment":[{"href":"https:\/\/www.hoymercedes.com.ar\/principal\/wp-json\/wp\/v2\/media?parent=48261"}],"wp:term":[{"taxonomy":"category","embeddable":true,"href":"https:\/\/www.hoymercedes.com.ar\/principal\/wp-json\/wp\/v2\/categories?post=48261"},{"taxonomy":"post_tag","embeddable":true,"href":"https:\/\/www.hoymercedes.com.ar\/principal\/wp-json\/wp\/v2\/tags?post=48261"}],"curies":[{"name":"wp","href":"https:\/\/api.w.org\/{rel}","templated":true}]}}