{"id":48288,"date":"2016-03-29T14:57:17","date_gmt":"2016-03-29T17:57:17","guid":{"rendered":"http:\/\/www.hoymercedes.com.ar\/principal\/?p=48288"},"modified":"2016-03-29T14:02:35","modified_gmt":"2016-03-29T17:02:35","slug":"mic-recorre-barrios-para-elaborar-proyectos","status":"publish","type":"post","link":"https:\/\/www.hoymercedes.com.ar\/principal\/2016\/03\/29\/mic-recorre-barrios-para-elaborar-proyectos\/","title":{"rendered":"MIC recorre barrios para elaborar proyectos"},"content":{"rendered":"<p><img loading=\"lazy\" decoding=\"async\" data-attachment-id=\"48289\" data-permalink=\"https:\/\/www.hoymercedes.com.ar\/principal\/2016\/03\/29\/mic-recorre-barrios-para-elaborar-proyectos\/29-mic-parque\/#main\" data-orig-file=\"https:\/\/www.hoymercedes.com.ar\/principal\/wp-content\/uploads\/2016\/03\/29-MIC-parque.jpg\" data-orig-size=\"448,336\" data-comments-opened=\"1\" data-image-meta=\"{&quot;aperture&quot;:&quot;0&quot;,&quot;credit&quot;:&quot;&quot;,&quot;camera&quot;:&quot;&quot;,&quot;caption&quot;:&quot;&quot;,&quot;created_timestamp&quot;:&quot;0&quot;,&quot;copyright&quot;:&quot;&quot;,&quot;focal_length&quot;:&quot;0&quot;,&quot;iso&quot;:&quot;0&quot;,&quot;shutter_speed&quot;:&quot;0&quot;,&quot;title&quot;:&quot;&quot;,&quot;orientation&quot;:&quot;0&quot;}\" data-image-title=\"29 MIC parque\" data-image-description=\"\" data-image-caption=\"\" data-large-file=\"https:\/\/www.hoymercedes.com.ar\/principal\/wp-content\/uploads\/2016\/03\/29-MIC-parque.jpg\" class=\"aligncenter size-full wp-image-48289\" src=\"https:\/\/www.hoymercedes.com.ar\/principal\/wp-content\/uploads\/2016\/03\/29-MIC-parque.jpg\" alt=\"29 MIC parque\" width=\"448\" height=\"336\" srcset=\"https:\/\/www.hoymercedes.com.ar\/principal\/wp-content\/uploads\/2016\/03\/29-MIC-parque.jpg 448w, https:\/\/www.hoymercedes.com.ar\/principal\/wp-content\/uploads\/2016\/03\/29-MIC-parque-150x113.jpg 150w\" sizes=\"auto, (max-width: 448px) 100vw, 448px\" \/>Desde el partido vecinal MIC Mercedes informaron que d\u00edas atr\u00e1s visitaron los barrios 12 de Octubre, Obrero y Almafuerte. De acuerdo a lo explicado, por los integrantes del partido pol\u00edtico, \u201cel m\u00e9todo de trabajo es dialogar con los vecinos y tomar nota de las distintas problem\u00e1ticas que padecen en su barrio para luego elaborar proyectos y presentarlos como petici\u00f3n particular ya que no cuenta con concejales en el Honorable Concejo Deliberante\u201d.<\/p>\n<p>A partir de lo observado y conversado con los vecinos, el MIC cont\u00f3 que los vecinos del barrio Almafuerte manifestaron su preocupaci\u00f3n por las picadas que realizan j\u00f3venes en la calle 22 bis de 113 a 119 y el basural que se forma continuamente camino al matadero de caballos LAMAR. Adem\u00e1s, se realizar\u00e1n reclamos generales a EDEN SA para reponer postes de madera que sostienen cables que transportan energ\u00eda el\u00e9ctrica de media tensi\u00f3n.<\/p>\n<p>En tanto, en Barrio Obrero los vecinos destacan que en la plaza situada en boulevard 1 y calle 22 bis sufri\u00f3 un acto de vandalismo, rotura de mesas y bancos. Es as\u00ed que solicitar\u00e1n las \u00e1reas correspondientes la reposici\u00f3n y mayor seguridad para dicho lugar.<\/p>\n<p>Y por \u00faltimo recorrieron junto con los vecinos el barrio 12 de Octubre, zona donde padecen falta de zanjeo, corte de pasto, iluminaci\u00f3n en varias de sus calles y su nivelaci\u00f3n. \u201cLos d\u00edas de tormenta las calles de este barrio quedan totalmente intransitables prohibiendo el acceso de ambulancias y remises\u201d coment\u00f3 Nicol\u00e1s Quiroga, presidente del partido vecinalista.<\/p>\n","protected":false},"excerpt":{"rendered":"<p>Desde el partido vecinal MIC Mercedes informaron que d\u00edas atr\u00e1s visitaron los barrios 12 de Octubre, Obrero y Almafuerte. De &#8230; <a title=\"MIC recorre barrios para elaborar proyectos\" class=\"read-more\" href=\"https:\/\/www.hoymercedes.com.ar\/principal\/2016\/03\/29\/mic-recorre-barrios-para-elaborar-proyectos\/\" aria-label=\"Leer m\u00e1s sobre MIC recorre barrios para elaborar proyectos\">Leer m\u00e1s<\/a><\/p>\n","protected":false},"author":1,"featured_media":48289,"comment_status":"open","ping_status":"open","sticky":false,"template":"","format":"standard","meta":{"_monsterinsights_skip_tracking":false,"_monsterinsights_sitenote_active":false,"_monsterinsights_sitenote_note":"","_monsterinsights_sitenote_category":0,"jetpack_post_was_ever_published":false,"_jetpack_newsletter_access":"","_jetpack_dont_email_post_to_subs":false,"_jetpack_newsletter_tier_id":0,"_jetpack_memberships_contains_paywalled_content":false,"_jetpack_memberships_contains_paid_content":false,"footnotes":"","jetpack_publicize_message":"","jetpack_publicize_feature_enabled":true,"jetpack_social_post_already_shared":true,"jetpack_social_options":{"image_generator_settings":{"template":"highway","default_image_id":0,"font":"","enabled":false},"version":2},"_wpas_customize_per_network":false},"categories":[5],"tags":[8813,8811,1972,8664,8812,8663],"class_list":["post-48288","post","type-post","status-publish","format-standard","has-post-thumbnail","hentry","category-politica","tag-12-de-octubre","tag-barrios-almafuerte","tag-mic","tag-nicolas-quiroga","tag-obrero","tag-partido-vecinal","generate-columns","tablet-grid-50","mobile-grid-100","grid-parent","grid-50"],"jetpack_publicize_connections":[],"jetpack_featured_media_url":"https:\/\/www.hoymercedes.com.ar\/principal\/wp-content\/uploads\/2016\/03\/29-MIC-parque.jpg","wps_subtitle":"Partido vecinal","jetpack_sharing_enabled":true,"_links":{"self":[{"href":"https:\/\/www.hoymercedes.com.ar\/principal\/wp-json\/wp\/v2\/posts\/48288","targetHints":{"allow":["GET"]}}],"collection":[{"href":"https:\/\/www.hoymercedes.com.ar\/principal\/wp-json\/wp\/v2\/posts"}],"about":[{"href":"https:\/\/www.hoymercedes.com.ar\/principal\/wp-json\/wp\/v2\/types\/post"}],"author":[{"embeddable":true,"href":"https:\/\/www.hoymercedes.com.ar\/principal\/wp-json\/wp\/v2\/users\/1"}],"replies":[{"embeddable":true,"href":"https:\/\/www.hoymercedes.com.ar\/principal\/wp-json\/wp\/v2\/comments?post=48288"}],"version-history":[{"count":0,"href":"https:\/\/www.hoymercedes.com.ar\/principal\/wp-json\/wp\/v2\/posts\/48288\/revisions"}],"wp:featuredmedia":[{"embeddable":true,"href":"https:\/\/www.hoymercedes.com.ar\/principal\/wp-json\/wp\/v2\/media\/48289"}],"wp:attachment":[{"href":"https:\/\/www.hoymercedes.com.ar\/principal\/wp-json\/wp\/v2\/media?parent=48288"}],"wp:term":[{"taxonomy":"category","embeddable":true,"href":"https:\/\/www.hoymercedes.com.ar\/principal\/wp-json\/wp\/v2\/categories?post=48288"},{"taxonomy":"post_tag","embeddable":true,"href":"https:\/\/www.hoymercedes.com.ar\/principal\/wp-json\/wp\/v2\/tags?post=48288"}],"curies":[{"name":"wp","href":"https:\/\/api.w.org\/{rel}","templated":true}]}}