{"id":48295,"date":"2016-03-29T18:15:20","date_gmt":"2016-03-29T21:15:20","guid":{"rendered":"http:\/\/www.hoymercedes.com.ar\/principal\/?p=48295"},"modified":"2016-03-29T16:28:20","modified_gmt":"2016-03-29T19:28:20","slug":"jovenes-y-memoria-en-un-encuentro-educativo","status":"publish","type":"post","link":"https:\/\/www.hoymercedes.com.ar\/principal\/2016\/03\/29\/jovenes-y-memoria-en-un-encuentro-educativo\/","title":{"rendered":"J\u00f3venes y Memoria en un encuentro educativo"},"content":{"rendered":"<p>En el marco de las actividades que la Municipalidad de Mercedes ha llevado adelante, en el Mes de la Memoria en busca de la\u00a0Memoria, la Verdad y la Justicia\u201d, la Coordinaci\u00f3n de Pol\u00edticas Juveniles, a cargo de Eugenia C\u00f3dega, juntamente con la Comisi\u00f3n de Educaci\u00f3n, \u00a0la Comisi\u00f3n de Familiares y Amigos de Detenidos-Desaparecidos y Asesinados de la Ciudad de Mercedes y la Comisi\u00f3n Municipal por la Memoria, concret\u00f3 el lunes y\u00a0martes encuentros entre estudiantes secundarios con la proyecci\u00f3n de diferentes cortos documentales realizados por otros j\u00f3venes que supieron participar del programa provincial \u00abJ\u00f3venes y Memoria\u00bb.<\/p>\n<p>El d\u00eda lunes\u00a0participaron los alumnos de la Secundaria N\u00ba 14 y de la escuela de Educaci\u00f3n Media N\u00ba 1. En tanto, el martes a la ma\u00f1ana\u00a0diferentes cursos de la escuela N\u00ba 8, N\u00ba 10 y San Patricio, estuvieron presentes mientras que a la tarde fueron participes integrantes de la escuela Secundaria N\u00ba 10 y el Colegio Nacional.<\/p>\n<p>Los cortos\u00a0proyectados\u00a0fueron realizados a\u00f1os anteriores por alumnos del Colegio San Patricio, Normal, la Secundaria N\u00ba10 y la Escuela de Educaci\u00f3n T\u00e9cnica N\u00ba 2, todos referidos a distintos momentos del gobierno de la Junta Militar que se extendi\u00f3 desde 1976, hasta 1983.<\/p>\n<p>En el a\u00f1o 2002, la Comisi\u00f3n Provincial por la Memoria de la provincia de Buenos Aires lanzaba el programa\u00a0\u201cJ\u00f3venes y memoria. Recordamos para el futuro\u201d,\u00a0convencida de\u00a0la enorme potencialidad de la escuela para los trabajos de la memoria.\u00a0El punto de partida no fue s\u00f3lo el mandato de recordar como imperativo \u00e9tico de la educaci\u00f3n en tiempos de democracia, sino el\u00a0reconocimiento del derecho a la memoria de las nuevas generaciones.\u00a0Esos cortos que realizaron, hoy son un archivo realmente importante que se utiliza para darle continuidad al hecho de seguir \u201cconstruyendo memoria\u201d en los mas j\u00f3venes.<\/p>\n<p>&nbsp;<\/p>\n<p>Fuente: Prensa Municipal<\/p>\n<p>&nbsp;<\/p>\n","protected":false},"excerpt":{"rendered":"<p>En el marco de las actividades que la Municipalidad de Mercedes ha llevado adelante, en el Mes de la Memoria &#8230; <a title=\"J\u00f3venes y Memoria en un encuentro educativo\" class=\"read-more\" href=\"https:\/\/www.hoymercedes.com.ar\/principal\/2016\/03\/29\/jovenes-y-memoria-en-un-encuentro-educativo\/\" aria-label=\"Leer m\u00e1s sobre J\u00f3venes y Memoria en un encuentro educativo\">Leer m\u00e1s<\/a><\/p>\n","protected":false},"author":1,"featured_media":48296,"comment_status":"open","ping_status":"open","sticky":false,"template":"","format":"standard","meta":{"_monsterinsights_skip_tracking":false,"_monsterinsights_sitenote_active":false,"_monsterinsights_sitenote_note":"","_monsterinsights_sitenote_category":0,"jetpack_post_was_ever_published":false,"_jetpack_newsletter_access":"","_jetpack_dont_email_post_to_subs":false,"_jetpack_newsletter_tier_id":0,"_jetpack_memberships_contains_paywalled_content":false,"_jetpack_memberships_contains_paid_content":false,"footnotes":"","jetpack_publicize_message":"","jetpack_publicize_feature_enabled":true,"jetpack_social_post_already_shared":true,"jetpack_social_options":{"image_generator_settings":{"template":"highway","default_image_id":0,"font":"","enabled":false},"version":2},"_wpas_customize_per_network":false},"categories":[23],"tags":[4935,8814,47,491,2252,8674,244],"class_list":["post-48295","post","type-post","status-publish","format-standard","has-post-thumbnail","hentry","category-educacion","tag-memoria","tag-documentales","tag-educacion-2","tag-jovenes","tag-juventud","tag-mamm","tag-municipio-2","generate-columns","tablet-grid-50","mobile-grid-100","grid-parent","grid-50"],"jetpack_publicize_connections":[],"jetpack_featured_media_url":"https:\/\/www.hoymercedes.com.ar\/principal\/wp-content\/uploads\/2016\/03\/29-jovenes-memoria.jpg","wps_subtitle":"En el Mes de la Memoria","jetpack_sharing_enabled":true,"_links":{"self":[{"href":"https:\/\/www.hoymercedes.com.ar\/principal\/wp-json\/wp\/v2\/posts\/48295","targetHints":{"allow":["GET"]}}],"collection":[{"href":"https:\/\/www.hoymercedes.com.ar\/principal\/wp-json\/wp\/v2\/posts"}],"about":[{"href":"https:\/\/www.hoymercedes.com.ar\/principal\/wp-json\/wp\/v2\/types\/post"}],"author":[{"embeddable":true,"href":"https:\/\/www.hoymercedes.com.ar\/principal\/wp-json\/wp\/v2\/users\/1"}],"replies":[{"embeddable":true,"href":"https:\/\/www.hoymercedes.com.ar\/principal\/wp-json\/wp\/v2\/comments?post=48295"}],"version-history":[{"count":0,"href":"https:\/\/www.hoymercedes.com.ar\/principal\/wp-json\/wp\/v2\/posts\/48295\/revisions"}],"wp:featuredmedia":[{"embeddable":true,"href":"https:\/\/www.hoymercedes.com.ar\/principal\/wp-json\/wp\/v2\/media\/48296"}],"wp:attachment":[{"href":"https:\/\/www.hoymercedes.com.ar\/principal\/wp-json\/wp\/v2\/media?parent=48295"}],"wp:term":[{"taxonomy":"category","embeddable":true,"href":"https:\/\/www.hoymercedes.com.ar\/principal\/wp-json\/wp\/v2\/categories?post=48295"},{"taxonomy":"post_tag","embeddable":true,"href":"https:\/\/www.hoymercedes.com.ar\/principal\/wp-json\/wp\/v2\/tags?post=48295"}],"curies":[{"name":"wp","href":"https:\/\/api.w.org\/{rel}","templated":true}]}}