{"id":483,"date":"2010-11-21T00:48:38","date_gmt":"2010-11-21T00:48:38","guid":{"rendered":"http:\/\/www.hoymercedes.com.ar\/principal\/?p=483"},"modified":"2010-11-21T00:48:38","modified_gmt":"2010-11-21T00:48:38","slug":"carta-abierta-de-un-interno-de-la-unidad-5-de-mercedes","status":"publish","type":"post","link":"https:\/\/www.hoymercedes.com.ar\/principal\/2010\/11\/21\/carta-abierta-de-un-interno-de-la-unidad-5-de-mercedes\/","title":{"rendered":"Carta abierta de un interno de la Unidad 5 de Mercedes"},"content":{"rendered":"<p style=\"text-align: justify;\">Por el presente escrito quiero dirigirme a usted, con mi mayor respeto, para tomar carta en esta causa, la cual me tiene indignado por la gran aberraci\u00f3n que han hecho conmigo.<\/p>\n<p style=\"text-align: justify;\">Mi nombre y apellido es ROBERTO GONZALES FERREIRA, en causa N\u00ba 52.55. Mi relato en este escrito es el siguiente:<\/p>\n<p style=\"text-align: justify;\">El d\u00eda 30 de octubre de 1990, aproximadamente a las 13.30 horas, fui enga\u00f1ado por efectivos de la Brigada de Merlo, quienes me llevaron por una hora. All\u00ed empezaron a hacer preguntas, y como yo no sab\u00eda de qu\u00e9 hablaban, ni cu\u00e1l era el motivo; me comenzaron a torturar, tortura de la cual todav\u00eda llevo secuelas.<\/p>\n<p style=\"text-align: justify;\">Luego pas\u00e9 por varios penales, en Olmos me mandaron matar para esclarecer un hecho que nunca comet\u00ed.<\/p>\n<p style=\"text-align: justify;\">Tambi\u00e9n en el juicio, la se\u00f1ora que est\u00e1 en la misma causa, llamada GRACIELA ESTIGARRIBIA, dice no conocerme y que nunca tuvo una relaci\u00f3n conmigo.<\/p>\n<p style=\"text-align: justify;\">En el juicio no dejan declarar a mis testigos y los testigos contrarios eran todos polic\u00edas. Tambi\u00e9n, en un diario dice esta mujer que el secreto lo llevar\u00e1 a su tumba.<\/p>\n<p style=\"text-align: justify;\">Yo ya llevo 20 a\u00f1os inocentemente preso, y sin una sentencia firme. La causa va de mano en mano y nadie se hace cargo de todo esto en horroroso en el manejo de la justicia.<\/p>\n<p style=\"text-align: justify;\">El forense dice que no hay prueba para condenar a Gonz\u00e1lez. Ahora digo\u2026\u00a0 \u00bfno hay gente que tenga la autoridad bien puesta a la que fue designado? \u00bfD\u00f3nde est\u00e1 la justicia, de la que hablan los magistrados, jueces, abogados\u2026 hasta el mismo gobernador?<\/p>\n<p style=\"text-align: justify;\">Pido a gritos mi libertad, por mi inocencia. Se\u00f1or, con lo m\u00e1s profundo de mi coraz\u00f3n, investigue esta causa y ver\u00e1 que no miento y que todav\u00eda quedan secuelas de un pasado donde tapaban los errores de la forma m\u00e1s f\u00e1cil y que lamentablemente hoy soy yo uno de esos que sufre d\u00eda a d\u00eda, esperando que se aclare esta situaci\u00f3n.<\/p>\n<p style=\"text-align: justify;\">Me hace pensar que en esta historia, hay muchos con ropa de se\u00f1or y se\u00f1ora que esconden, por razones de dinero y puestos en la justicia, un horror tan insignificante que taparon con un perejil como yo.<\/p>\n<p style=\"text-align: justify;\">Se\u00f1or, quiero que alguien escuche o lea este simple pedido: soy un ser humano como usted, con los mismos derechos para sobrevivir en este mundo maravilloso que nos dio Dios. Le escribo como inocente, no como autor. Nadie deja mostrar mi verdad \u00bfpor qu\u00e9? Quisiera saber yo. \u00bfHay alguien autor del hecho metido en las autoridades y taparon esto conmigo? Yo no quiero ver a nadie preso, pero QUIERO MI LIBERTAD. Tengo pruebas en mis manos que acreditan lo que escribo, como as\u00ed tambi\u00e9n el recorte del diario donde la mujer habla.<\/p>\n<p style=\"text-align: justify;\">Se\u00f1or, \u00bfhabr\u00e1 alguien capacitado en la justicia para resolver una realidad acontecida hace mucho tiempo y que hasta el d\u00eda de hoy no ha sido aclarado, mientras los verdaderos autores gozan de la libertad que a mi me pertenece? Me han robado el derecho a vivir naturalmente y pregunto \u00bfPor qu\u00e9?<\/p>\n<p style=\"text-align: justify;\">Se\u00f1or, soy Roberto Gonz\u00e1les Ferreira, estoy en la Unidad 5 de Mercedes y dependo del Juzgado de Ejecuci\u00f3n N\u00ba 1 de la misma ciudad. Por favor, haga algo, ya no soporto m\u00e1s esta triste realidad que sufro yo y toda mi familia, por un hecho que nunca comet\u00ed.<\/p>\n<p style=\"text-align: justify;\">Espero tener una respuesta de quien lea estas l\u00edneas y tome cartas en esta causa.<\/p>\n<p style=\"text-align: justify;\">Desde ya, muchas gracias. Dios bendiga y toque su coraz\u00f3n.<\/p>\n<p style=\"text-align: justify;\">Atte. Roberto Gonz\u00e1lez Ferreira<\/p>\n","protected":false},"excerpt":{"rendered":"<p>Por el presente escrito quiero dirigirme a usted, con mi mayor respeto, para tomar carta en esta causa, la cual &#8230; <a title=\"Carta abierta de un interno de la Unidad 5 de Mercedes\" class=\"read-more\" href=\"https:\/\/www.hoymercedes.com.ar\/principal\/2010\/11\/21\/carta-abierta-de-un-interno-de-la-unidad-5-de-mercedes\/\" aria-label=\"Leer m\u00e1s sobre Carta abierta de un interno de la Unidad 5 de Mercedes\">Leer m\u00e1s<\/a><\/p>\n","protected":false},"author":1,"featured_media":0,"comment_status":"open","ping_status":"open","sticky":false,"template":"","format":"standard","meta":{"_monsterinsights_skip_tracking":false,"_monsterinsights_sitenote_active":false,"_monsterinsights_sitenote_note":"","_monsterinsights_sitenote_category":0,"jetpack_post_was_ever_published":false,"_jetpack_newsletter_access":"","_jetpack_dont_email_post_to_subs":false,"_jetpack_newsletter_tier_id":0,"_jetpack_memberships_contains_paywalled_content":false,"_jetpack_memberships_contains_paid_content":false,"footnotes":"","jetpack_publicize_message":"","jetpack_publicize_feature_enabled":true,"jetpack_social_post_already_shared":false,"jetpack_social_options":{"image_generator_settings":{"template":"highway","default_image_id":0,"font":"","enabled":false},"version":2},"_wpas_customize_per_network":false},"categories":[8],"tags":[113],"class_list":["post-483","post","type-post","status-publish","format-standard","hentry","category-sociedad","tag-unidad-5","generate-columns","tablet-grid-50","mobile-grid-100","grid-parent","grid-50"],"jetpack_publicize_connections":[],"jetpack_featured_media_url":"","wps_subtitle":"","jetpack_sharing_enabled":true,"_links":{"self":[{"href":"https:\/\/www.hoymercedes.com.ar\/principal\/wp-json\/wp\/v2\/posts\/483","targetHints":{"allow":["GET"]}}],"collection":[{"href":"https:\/\/www.hoymercedes.com.ar\/principal\/wp-json\/wp\/v2\/posts"}],"about":[{"href":"https:\/\/www.hoymercedes.com.ar\/principal\/wp-json\/wp\/v2\/types\/post"}],"author":[{"embeddable":true,"href":"https:\/\/www.hoymercedes.com.ar\/principal\/wp-json\/wp\/v2\/users\/1"}],"replies":[{"embeddable":true,"href":"https:\/\/www.hoymercedes.com.ar\/principal\/wp-json\/wp\/v2\/comments?post=483"}],"version-history":[{"count":0,"href":"https:\/\/www.hoymercedes.com.ar\/principal\/wp-json\/wp\/v2\/posts\/483\/revisions"}],"wp:attachment":[{"href":"https:\/\/www.hoymercedes.com.ar\/principal\/wp-json\/wp\/v2\/media?parent=483"}],"wp:term":[{"taxonomy":"category","embeddable":true,"href":"https:\/\/www.hoymercedes.com.ar\/principal\/wp-json\/wp\/v2\/categories?post=483"},{"taxonomy":"post_tag","embeddable":true,"href":"https:\/\/www.hoymercedes.com.ar\/principal\/wp-json\/wp\/v2\/tags?post=483"}],"curies":[{"name":"wp","href":"https:\/\/api.w.org\/{rel}","templated":true}]}}