{"id":48306,"date":"2016-03-29T20:32:49","date_gmt":"2016-03-29T23:32:49","guid":{"rendered":"http:\/\/www.hoymercedes.com.ar\/principal\/?p=48306"},"modified":"2016-03-29T20:32:49","modified_gmt":"2016-03-29T23:32:49","slug":"inician-curso-taller-de-huerta-familiar-ecologica","status":"publish","type":"post","link":"https:\/\/www.hoymercedes.com.ar\/principal\/2016\/03\/29\/inician-curso-taller-de-huerta-familiar-ecologica\/","title":{"rendered":"Inician curso \u2013 taller de huerta familiar ecol\u00f3gica"},"content":{"rendered":"<p>El venidero 1\u00ba de abril comenzar\u00e1 el curso \u2013 taller sobre \u201cHuerta Familiar Ecol\u00f3gica\u201d, una propuesta educativa que organizan en conjunto el Centro de Educaci\u00f3n Agraria N\u00ba 9 y el Centro de Referencia del Ministerio de Desarrollo Social de la Naci\u00f3n para toda la comunidad y gratuito.<\/p>\n<p>A cargo del Ingeniero Agr\u00f3nomo Arturo Bojorge, el curso se brindar\u00e1 en cinco jornadas, los cinco viernes de abril, entre las 14 y las 16:30 cada d\u00eda en el Centro de Referencia en Avenida 2 y su intersecci\u00f3n con calle 11 (ingreso por el ex \u2013 Mart\u00edn Rodr\u00edguez),<\/p>\n<p>Con el objetivo de brindar conocimientos te\u00f3ricos y pr\u00e1cticos el taller se orienta al manejo de la huerta ecol\u00f3gica de tipo familiar. Es as\u00ed que se brindar\u00e1 capacitaci\u00f3n en: elecci\u00f3n de especies y variedades; planificaci\u00f3n; preparaciones del suelo; abonos org\u00e1nicos y aboneras caseras; siembras y plantaciones; manejo y cuidados (asociaciones, riego, labores y cosecha) y sanidad (enfermedades y plagas en hortalizas y control ecol\u00f3gico).<\/p>\n<p>Para consultas e inscripci\u00f3n uno puede presentarse en el Centro de Referencia o comunicarse al tel\u00e9fono (02324) 426226 o al celular (02324) 15-527725.<\/p>\n<p>&nbsp;<\/p>\n","protected":false},"excerpt":{"rendered":"<p>El venidero 1\u00ba de abril comenzar\u00e1 el curso \u2013 taller sobre \u201cHuerta Familiar Ecol\u00f3gica\u201d, una propuesta educativa que organizan en &#8230; <a title=\"Inician curso \u2013 taller de huerta familiar ecol\u00f3gica\" class=\"read-more\" href=\"https:\/\/www.hoymercedes.com.ar\/principal\/2016\/03\/29\/inician-curso-taller-de-huerta-familiar-ecologica\/\" aria-label=\"Leer m\u00e1s sobre Inician curso \u2013 taller de huerta familiar ecol\u00f3gica\">Leer m\u00e1s<\/a><\/p>\n","protected":false},"author":1,"featured_media":0,"comment_status":"open","ping_status":"open","sticky":false,"template":"","format":"standard","meta":{"_monsterinsights_skip_tracking":false,"_monsterinsights_sitenote_active":false,"_monsterinsights_sitenote_note":"","_monsterinsights_sitenote_category":0,"jetpack_post_was_ever_published":false,"_jetpack_newsletter_access":"","_jetpack_dont_email_post_to_subs":false,"_jetpack_newsletter_tier_id":0,"_jetpack_memberships_contains_paywalled_content":false,"_jetpack_memberships_contains_paid_content":false,"footnotes":"","jetpack_publicize_message":"","jetpack_publicize_feature_enabled":true,"jetpack_social_post_already_shared":true,"jetpack_social_options":{"image_generator_settings":{"template":"highway","default_image_id":0,"font":"","enabled":false},"version":2},"_wpas_customize_per_network":false},"categories":[11],"tags":[6261,8753,8821,8820,8822],"class_list":["post-48306","post","type-post","status-publish","format-standard","hentry","category-ciudad","tag-arturo-bojorge","tag-cdr","tag-cea","tag-curso-taller","tag-huerta","generate-columns","tablet-grid-50","mobile-grid-100","grid-parent","grid-50"],"jetpack_publicize_connections":[],"jetpack_featured_media_url":"","wps_subtitle":"","jetpack_sharing_enabled":true,"_links":{"self":[{"href":"https:\/\/www.hoymercedes.com.ar\/principal\/wp-json\/wp\/v2\/posts\/48306","targetHints":{"allow":["GET"]}}],"collection":[{"href":"https:\/\/www.hoymercedes.com.ar\/principal\/wp-json\/wp\/v2\/posts"}],"about":[{"href":"https:\/\/www.hoymercedes.com.ar\/principal\/wp-json\/wp\/v2\/types\/post"}],"author":[{"embeddable":true,"href":"https:\/\/www.hoymercedes.com.ar\/principal\/wp-json\/wp\/v2\/users\/1"}],"replies":[{"embeddable":true,"href":"https:\/\/www.hoymercedes.com.ar\/principal\/wp-json\/wp\/v2\/comments?post=48306"}],"version-history":[{"count":0,"href":"https:\/\/www.hoymercedes.com.ar\/principal\/wp-json\/wp\/v2\/posts\/48306\/revisions"}],"wp:attachment":[{"href":"https:\/\/www.hoymercedes.com.ar\/principal\/wp-json\/wp\/v2\/media?parent=48306"}],"wp:term":[{"taxonomy":"category","embeddable":true,"href":"https:\/\/www.hoymercedes.com.ar\/principal\/wp-json\/wp\/v2\/categories?post=48306"},{"taxonomy":"post_tag","embeddable":true,"href":"https:\/\/www.hoymercedes.com.ar\/principal\/wp-json\/wp\/v2\/tags?post=48306"}],"curies":[{"name":"wp","href":"https:\/\/api.w.org\/{rel}","templated":true}]}}