{"id":48338,"date":"2016-03-30T20:10:55","date_gmt":"2016-03-30T23:10:55","guid":{"rendered":"http:\/\/www.hoymercedes.com.ar\/principal\/?p=48338"},"modified":"2016-03-30T18:35:51","modified_gmt":"2016-03-30T21:35:51","slug":"piden-que-funcione-la-balanza-de-la-ruta-41","status":"publish","type":"post","link":"https:\/\/www.hoymercedes.com.ar\/principal\/2016\/03\/30\/piden-que-funcione-la-balanza-de-la-ruta-41\/","title":{"rendered":"Piden que funcione la balanza de la Ruta 41"},"content":{"rendered":"<p><img loading=\"lazy\" decoding=\"async\" data-attachment-id=\"48339\" data-permalink=\"https:\/\/www.hoymercedes.com.ar\/principal\/2016\/03\/30\/piden-que-funcione-la-balanza-de-la-ruta-41\/30-balanza-uduv\/#main\" data-orig-file=\"https:\/\/www.hoymercedes.com.ar\/principal\/wp-content\/uploads\/2016\/03\/30-balanza-uduv.jpeg\" data-orig-size=\"448,299\" data-comments-opened=\"1\" data-image-meta=\"{&quot;aperture&quot;:&quot;0&quot;,&quot;credit&quot;:&quot;&quot;,&quot;camera&quot;:&quot;&quot;,&quot;caption&quot;:&quot;&quot;,&quot;created_timestamp&quot;:&quot;0&quot;,&quot;copyright&quot;:&quot;&quot;,&quot;focal_length&quot;:&quot;0&quot;,&quot;iso&quot;:&quot;0&quot;,&quot;shutter_speed&quot;:&quot;0&quot;,&quot;title&quot;:&quot;&quot;,&quot;orientation&quot;:&quot;0&quot;}\" data-image-title=\"30 balanza uduv\" data-image-description=\"\" data-image-caption=\"\" data-large-file=\"https:\/\/www.hoymercedes.com.ar\/principal\/wp-content\/uploads\/2016\/03\/30-balanza-uduv.jpeg\" class=\"aligncenter size-full wp-image-48339\" src=\"https:\/\/www.hoymercedes.com.ar\/principal\/wp-content\/uploads\/2016\/03\/30-balanza-uduv.jpeg\" alt=\"30 balanza uduv\" width=\"448\" height=\"299\" srcset=\"https:\/\/www.hoymercedes.com.ar\/principal\/wp-content\/uploads\/2016\/03\/30-balanza-uduv.jpeg 448w, https:\/\/www.hoymercedes.com.ar\/principal\/wp-content\/uploads\/2016\/03\/30-balanza-uduv-150x100.jpeg 150w, https:\/\/www.hoymercedes.com.ar\/principal\/wp-content\/uploads\/2016\/03\/30-balanza-uduv-300x200.jpeg 300w\" sizes=\"auto, (max-width: 448px) 100vw, 448px\" \/>Este mi\u00e9rcoles, la Uni\u00f3n de Usuarios Viales (UDUV) envi\u00f3 un pedido, con fotos adjuntas, para que \u00abcon\u00a0urgencia\u00bb se pongan\u00a0en funcionamiento la balanza de la Ruta Provincial 41 entre las Ciudades de San Andr\u00e9s de Giles y San Antonio de Areco. Documentaci\u00f3n enviada al Director de Vialidad Provincial, Mariano Campos.<\/p>\n<p>\u00abLos vecinos Autoconvocados tanto de Mercedes como de San Antonio de Areco, hemos luchado para que dichos tramos se repavimenten, gestionando y hasta presionando en el buen sentido a los Funcionarios y Legisladores de la anterior gesti\u00f3n y las pruebas est\u00e1n a la vista del logro cumplido a pesar de cuestiones contractuales que no se cumplieron, incluso tramos sin ejecutar y esta balanza terminada y sin funcionar, algo tan simple y fundamental para que la cinta asf\u00e1ltica perdure.\u00a0A diario vemos camiones con sobre cargas, lo cual implica no s\u00f3lo que el asfalto se deforme o rompa, sino que trae aparejado la inseguridad vial. Por este motivo, es que seguimos interact\u00faando con los actuales funcionarios y\u00a0esperamos una pronta respuesta que ojal\u00e1 sea pronto y que informar\u00e9 a la sociedad\u00bb, cont\u00f3 Carlos Mosso, de la\u00a0UDUV &#8211; Mercedes.<\/p>\n","protected":false},"excerpt":{"rendered":"<p>Este mi\u00e9rcoles, la Uni\u00f3n de Usuarios Viales (UDUV) envi\u00f3 un pedido, con fotos adjuntas, para que \u00abcon\u00a0urgencia\u00bb se pongan\u00a0en funcionamiento &#8230; <a title=\"Piden que funcione la balanza de la Ruta 41\" class=\"read-more\" href=\"https:\/\/www.hoymercedes.com.ar\/principal\/2016\/03\/30\/piden-que-funcione-la-balanza-de-la-ruta-41\/\" aria-label=\"Leer m\u00e1s sobre Piden que funcione la balanza de la Ruta 41\">Leer m\u00e1s<\/a><\/p>\n","protected":false},"author":1,"featured_media":48339,"comment_status":"open","ping_status":"open","sticky":false,"template":"","format":"standard","meta":{"_monsterinsights_skip_tracking":false,"_monsterinsights_sitenote_active":false,"_monsterinsights_sitenote_note":"","_monsterinsights_sitenote_category":0,"jetpack_post_was_ever_published":false,"_jetpack_newsletter_access":"","_jetpack_dont_email_post_to_subs":false,"_jetpack_newsletter_tier_id":0,"_jetpack_memberships_contains_paywalled_content":false,"_jetpack_memberships_contains_paid_content":false,"footnotes":"","jetpack_publicize_message":"","jetpack_publicize_feature_enabled":true,"jetpack_social_post_already_shared":true,"jetpack_social_options":{"image_generator_settings":{"template":"highway","default_image_id":0,"font":"","enabled":false},"version":2},"_wpas_customize_per_network":false},"categories":[8],"tags":[8838,8837,1803,100,8840,2670,8839,3288],"class_list":["post-48338","post","type-post","status-publish","format-standard","has-post-thumbnail","hentry","category-sociedad","tag-balanza","tag-mosso","tag-provincia","tag-reclamo","tag-reparacion","tag-ruta-41","tag-rutas","tag-uduv","generate-columns","tablet-grid-50","mobile-grid-100","grid-parent","grid-50"],"jetpack_publicize_connections":[],"jetpack_featured_media_url":"https:\/\/www.hoymercedes.com.ar\/principal\/wp-content\/uploads\/2016\/03\/30-balanza-uduv.jpeg","wps_subtitle":"Reclamo de Usuarios Viales","jetpack_sharing_enabled":true,"_links":{"self":[{"href":"https:\/\/www.hoymercedes.com.ar\/principal\/wp-json\/wp\/v2\/posts\/48338","targetHints":{"allow":["GET"]}}],"collection":[{"href":"https:\/\/www.hoymercedes.com.ar\/principal\/wp-json\/wp\/v2\/posts"}],"about":[{"href":"https:\/\/www.hoymercedes.com.ar\/principal\/wp-json\/wp\/v2\/types\/post"}],"author":[{"embeddable":true,"href":"https:\/\/www.hoymercedes.com.ar\/principal\/wp-json\/wp\/v2\/users\/1"}],"replies":[{"embeddable":true,"href":"https:\/\/www.hoymercedes.com.ar\/principal\/wp-json\/wp\/v2\/comments?post=48338"}],"version-history":[{"count":0,"href":"https:\/\/www.hoymercedes.com.ar\/principal\/wp-json\/wp\/v2\/posts\/48338\/revisions"}],"wp:featuredmedia":[{"embeddable":true,"href":"https:\/\/www.hoymercedes.com.ar\/principal\/wp-json\/wp\/v2\/media\/48339"}],"wp:attachment":[{"href":"https:\/\/www.hoymercedes.com.ar\/principal\/wp-json\/wp\/v2\/media?parent=48338"}],"wp:term":[{"taxonomy":"category","embeddable":true,"href":"https:\/\/www.hoymercedes.com.ar\/principal\/wp-json\/wp\/v2\/categories?post=48338"},{"taxonomy":"post_tag","embeddable":true,"href":"https:\/\/www.hoymercedes.com.ar\/principal\/wp-json\/wp\/v2\/tags?post=48338"}],"curies":[{"name":"wp","href":"https:\/\/api.w.org\/{rel}","templated":true}]}}