{"id":48358,"date":"2016-03-30T21:53:19","date_gmt":"2016-03-31T00:53:19","guid":{"rendered":"http:\/\/www.hoymercedes.com.ar\/principal\/?p=48358"},"modified":"2016-03-30T21:53:19","modified_gmt":"2016-03-31T00:53:19","slug":"cierran-la-ddi-de-lujan-y-trasladan-investigaciones-a-departamental-mercedes","status":"publish","type":"post","link":"https:\/\/www.hoymercedes.com.ar\/principal\/2016\/03\/30\/cierran-la-ddi-de-lujan-y-trasladan-investigaciones-a-departamental-mercedes\/","title":{"rendered":"Cierran la DDI de Luj\u00e1n y trasladan investigaciones a Departamental Mercedes"},"content":{"rendered":"<figure id=\"attachment_48361\" aria-describedby=\"caption-attachment-48361\" style=\"width: 610px\" class=\"wp-caption aligncenter\"><img loading=\"lazy\" decoding=\"async\" data-attachment-id=\"48361\" data-permalink=\"https:\/\/www.hoymercedes.com.ar\/principal\/2016\/03\/30\/cierran-la-ddi-de-lujan-y-trasladan-investigaciones-a-departamental-mercedes\/mudanza-ddilujan\/#main\" data-orig-file=\"https:\/\/www.hoymercedes.com.ar\/principal\/wp-content\/uploads\/2016\/03\/mudanza-ddilujan.jpg\" data-orig-size=\"620,415\" data-comments-opened=\"1\" data-image-meta=\"{&quot;aperture&quot;:&quot;0&quot;,&quot;credit&quot;:&quot;&quot;,&quot;camera&quot;:&quot;&quot;,&quot;caption&quot;:&quot;&quot;,&quot;created_timestamp&quot;:&quot;0&quot;,&quot;copyright&quot;:&quot;&quot;,&quot;focal_length&quot;:&quot;0&quot;,&quot;iso&quot;:&quot;0&quot;,&quot;shutter_speed&quot;:&quot;0&quot;,&quot;title&quot;:&quot;&quot;,&quot;orientation&quot;:&quot;0&quot;}\" data-image-title=\"mudanza-ddilujan\" data-image-description=\"\" data-image-caption=\"&lt;p&gt;Cierre DDI Luj\u00e1n y mudanza a Mercedes &amp;#8211; Foto: El Civismo&lt;\/p&gt;\n\" data-large-file=\"https:\/\/www.hoymercedes.com.ar\/principal\/wp-content\/uploads\/2016\/03\/mudanza-ddilujan.jpg\" class=\"size-full wp-image-48361\" src=\"https:\/\/www.hoymercedes.com.ar\/principal\/wp-content\/uploads\/2016\/03\/mudanza-ddilujan.jpg\" alt=\"Cierre DDI Luj\u00e1n y mudanza a Mercedes - Foto: El Civismo\" width=\"620\" height=\"415\" srcset=\"https:\/\/www.hoymercedes.com.ar\/principal\/wp-content\/uploads\/2016\/03\/mudanza-ddilujan.jpg 620w, https:\/\/www.hoymercedes.com.ar\/principal\/wp-content\/uploads\/2016\/03\/mudanza-ddilujan-150x100.jpg 150w, https:\/\/www.hoymercedes.com.ar\/principal\/wp-content\/uploads\/2016\/03\/mudanza-ddilujan-300x200.jpg 300w\" sizes=\"auto, (max-width: 620px) 100vw, 620px\" \/><figcaption id=\"caption-attachment-48361\" class=\"wp-caption-text\">Cierre DDI Luj\u00e1n y mudanza a Mercedes &#8211; Foto: El Civismo<\/figcaption><\/figure>\n<p><strong>La noticia sorprendi\u00f3 a la vecina localidad dado que hab\u00eda sido inaugurada hace 8 meses. Ahora se centralizar\u00e1n las funciones que all\u00ed realizaban en Mercedes. Seg\u00fan se supo fue una decisi\u00f3n de la Gobernaci\u00f3n de Mar\u00eda Eugenia Vidal que tom\u00f3 la medida de achicar los servicios en seguridad en la vecina localidad. La noticia cay\u00f3 muy mal entre los lujanenses.<\/strong><\/p>\n<p>Hace casi 8 meses hab\u00eda sido inaugurada. Se trata de la Departamental de Investigaciones de Luj\u00e1n (DDI) que acaba de ser cerrada tras los anuncios de la Gobernadora Mar\u00eda Eugenia Vidal de efectuar reformas en la Polic\u00eda Bonaerense.<\/p>\n<p>Dentro de la mencionada reforma se encuentra la reducci\u00f3n de Comisarios Generales que pasan de 44 a 26 siendo 5 las Superintendencias regionales que desaparecen, junto con las modificaciones en asuntos internos y el desembolso de 6 mil millones de pesos para la adquisici\u00f3n de equipamientos.<\/p>\n<p>De esta manera los lujanenses se encontraron que en la avenida Dr. Mu\u00f1iz al 200 la oficina montada empez\u00f3 a ser deshuesada. \u00a0La misma fue con la visita del ex Ministro Granados inaugurada el pasaso 1 de junio tras un mes de funcionamiento a cargo del Sub Comisario Victor Estevena.<\/p>\n<p>Las investigaciones que se realizaban en dichas instalaciones pasar\u00e1n a ser efectuadas de ahora en adelante en Mercedes donde existe una Departamental.<\/p>\n","protected":false},"excerpt":{"rendered":"<p>La noticia sorprendi\u00f3 a la vecina localidad dado que hab\u00eda sido inaugurada hace 8 meses. Ahora se centralizar\u00e1n las funciones &#8230; <a title=\"Cierran la DDI de Luj\u00e1n y trasladan investigaciones a Departamental Mercedes\" class=\"read-more\" href=\"https:\/\/www.hoymercedes.com.ar\/principal\/2016\/03\/30\/cierran-la-ddi-de-lujan-y-trasladan-investigaciones-a-departamental-mercedes\/\" aria-label=\"Leer m\u00e1s sobre Cierran la DDI de Luj\u00e1n y trasladan investigaciones a Departamental Mercedes\">Leer m\u00e1s<\/a><\/p>\n","protected":false},"author":1,"featured_media":48361,"comment_status":"open","ping_status":"open","sticky":false,"template":"","format":"standard","meta":{"_monsterinsights_skip_tracking":false,"_monsterinsights_sitenote_active":false,"_monsterinsights_sitenote_note":"","_monsterinsights_sitenote_category":0,"jetpack_post_was_ever_published":false,"_jetpack_newsletter_access":"","_jetpack_dont_email_post_to_subs":false,"_jetpack_newsletter_tier_id":0,"_jetpack_memberships_contains_paywalled_content":false,"_jetpack_memberships_contains_paid_content":false,"footnotes":"","jetpack_publicize_message":"","jetpack_publicize_feature_enabled":true,"jetpack_social_post_already_shared":true,"jetpack_social_options":{"image_generator_settings":{"template":"highway","default_image_id":0,"font":"","enabled":false},"version":2},"_wpas_customize_per_network":false},"categories":[85],"tags":[8845,8846,746],"class_list":["post-48358","post","type-post","status-publish","format-standard","has-post-thumbnail","hentry","category-policial","tag-ddi-lujan","tag-departamental-lujan","tag-departamental-mercedes","generate-columns","tablet-grid-50","mobile-grid-100","grid-parent","grid-50"],"jetpack_publicize_connections":[],"jetpack_featured_media_url":"https:\/\/www.hoymercedes.com.ar\/principal\/wp-content\/uploads\/2016\/03\/mudanza-ddilujan.jpg","wps_subtitle":"Decisi\u00f3n de la gobernadora Vidal","jetpack_sharing_enabled":true,"_links":{"self":[{"href":"https:\/\/www.hoymercedes.com.ar\/principal\/wp-json\/wp\/v2\/posts\/48358","targetHints":{"allow":["GET"]}}],"collection":[{"href":"https:\/\/www.hoymercedes.com.ar\/principal\/wp-json\/wp\/v2\/posts"}],"about":[{"href":"https:\/\/www.hoymercedes.com.ar\/principal\/wp-json\/wp\/v2\/types\/post"}],"author":[{"embeddable":true,"href":"https:\/\/www.hoymercedes.com.ar\/principal\/wp-json\/wp\/v2\/users\/1"}],"replies":[{"embeddable":true,"href":"https:\/\/www.hoymercedes.com.ar\/principal\/wp-json\/wp\/v2\/comments?post=48358"}],"version-history":[{"count":0,"href":"https:\/\/www.hoymercedes.com.ar\/principal\/wp-json\/wp\/v2\/posts\/48358\/revisions"}],"wp:featuredmedia":[{"embeddable":true,"href":"https:\/\/www.hoymercedes.com.ar\/principal\/wp-json\/wp\/v2\/media\/48361"}],"wp:attachment":[{"href":"https:\/\/www.hoymercedes.com.ar\/principal\/wp-json\/wp\/v2\/media?parent=48358"}],"wp:term":[{"taxonomy":"category","embeddable":true,"href":"https:\/\/www.hoymercedes.com.ar\/principal\/wp-json\/wp\/v2\/categories?post=48358"},{"taxonomy":"post_tag","embeddable":true,"href":"https:\/\/www.hoymercedes.com.ar\/principal\/wp-json\/wp\/v2\/tags?post=48358"}],"curies":[{"name":"wp","href":"https:\/\/api.w.org\/{rel}","templated":true}]}}