{"id":48375,"date":"2016-03-31T16:59:18","date_gmt":"2016-03-31T19:59:18","guid":{"rendered":"http:\/\/www.hoymercedes.com.ar\/principal\/?p=48375"},"modified":"2016-03-31T16:59:18","modified_gmt":"2016-03-31T19:59:18","slug":"allanan-galpon-en-olivera-y-encuentran-500-repuestos-ilegales","status":"publish","type":"post","link":"https:\/\/www.hoymercedes.com.ar\/principal\/2016\/03\/31\/allanan-galpon-en-olivera-y-encuentran-500-repuestos-ilegales\/","title":{"rendered":"Allanan galp\u00f3n en Olivera y encuentran 500 repuestos ilegales"},"content":{"rendered":"<p>Se realiz\u00f3 este mi\u00e9rcoles por la noche un operativo en un galp\u00f3n que se encuentra sobre el kil\u00f3metro 81 de la Ruta Nacional N\u00ba 5. \u00a0La polic\u00eda encontr\u00f3 diez veh\u00edculos robados y m\u00e1s de 500 autopartes de origen il\u00edcito.<\/p>\n<p>El allanamiento fue llevado a cabo por la Polic\u00eda de la vecina ciudad de Luj\u00e1n tras\u00a0una investigaci\u00f3n realizada por efectivos de la DDI Moreno \u2013 General Rodr\u00edguez.<\/p>\n<p>Los autom\u00f3viles eran modelos recientes que ten\u00edan pedido de secuestro por robo de los distritos de La Matanza, Pilar, Lan\u00fas, Ezeiza, Lomas de Zamora y Capital Federal.\u00a0Mientras que las\u00a0autopartes se encontraban embaladas y preparadas para su comercializaci\u00f3n.<\/p>\n<p>Seg\u00fan inform\u00f3 un medio de la localidad la semana pasada, las autoridades policiales detuvieron a dos personas mientras circulaban en un cami\u00f3n cargado con mercader\u00eda ilegal, por lo que se inici\u00f3 una pesquisa tendiente a descubrir el origen de esas partes.<\/p>\n<p>En el caso interviene la UFI descentralizada N\u00b0 10 de Luj\u00e1n, del Departamento Judicial Mercedes.<\/p>\n<p>(Fuente: El Civismo de Luj\u00e1n)<\/p>\n","protected":false},"excerpt":{"rendered":"<p>Se realiz\u00f3 este mi\u00e9rcoles por la noche un operativo en un galp\u00f3n que se encuentra sobre el kil\u00f3metro 81 de &#8230; <a title=\"Allanan galp\u00f3n en Olivera y encuentran 500 repuestos ilegales\" class=\"read-more\" href=\"https:\/\/www.hoymercedes.com.ar\/principal\/2016\/03\/31\/allanan-galpon-en-olivera-y-encuentran-500-repuestos-ilegales\/\" aria-label=\"Leer m\u00e1s sobre Allanan galp\u00f3n en Olivera y encuentran 500 repuestos ilegales\">Leer m\u00e1s<\/a><\/p>\n","protected":false},"author":1,"featured_media":0,"comment_status":"open","ping_status":"open","sticky":false,"template":"","format":"standard","meta":{"_monsterinsights_skip_tracking":false,"_monsterinsights_sitenote_active":false,"_monsterinsights_sitenote_note":"","_monsterinsights_sitenote_category":0,"jetpack_post_was_ever_published":false,"_jetpack_newsletter_access":"","_jetpack_dont_email_post_to_subs":false,"_jetpack_newsletter_tier_id":0,"_jetpack_memberships_contains_paywalled_content":false,"_jetpack_memberships_contains_paid_content":false,"footnotes":"","jetpack_publicize_message":"","jetpack_publicize_feature_enabled":true,"jetpack_social_post_already_shared":true,"jetpack_social_options":{"image_generator_settings":{"template":"highway","default_image_id":0,"font":"","enabled":false},"version":2},"_wpas_customize_per_network":false},"categories":[85],"tags":[8849,86,7278,8848],"class_list":["post-48375","post","type-post","status-publish","format-standard","hentry","category-policial","tag-autopartes-ilicitas","tag-lujan","tag-olivera","tag-operativo","generate-columns","tablet-grid-50","mobile-grid-100","grid-parent","grid-50"],"jetpack_publicize_connections":[],"jetpack_featured_media_url":"","wps_subtitle":"Estaban embaladas para su comercializaci\u00f3n","jetpack_sharing_enabled":true,"_links":{"self":[{"href":"https:\/\/www.hoymercedes.com.ar\/principal\/wp-json\/wp\/v2\/posts\/48375","targetHints":{"allow":["GET"]}}],"collection":[{"href":"https:\/\/www.hoymercedes.com.ar\/principal\/wp-json\/wp\/v2\/posts"}],"about":[{"href":"https:\/\/www.hoymercedes.com.ar\/principal\/wp-json\/wp\/v2\/types\/post"}],"author":[{"embeddable":true,"href":"https:\/\/www.hoymercedes.com.ar\/principal\/wp-json\/wp\/v2\/users\/1"}],"replies":[{"embeddable":true,"href":"https:\/\/www.hoymercedes.com.ar\/principal\/wp-json\/wp\/v2\/comments?post=48375"}],"version-history":[{"count":0,"href":"https:\/\/www.hoymercedes.com.ar\/principal\/wp-json\/wp\/v2\/posts\/48375\/revisions"}],"wp:attachment":[{"href":"https:\/\/www.hoymercedes.com.ar\/principal\/wp-json\/wp\/v2\/media?parent=48375"}],"wp:term":[{"taxonomy":"category","embeddable":true,"href":"https:\/\/www.hoymercedes.com.ar\/principal\/wp-json\/wp\/v2\/categories?post=48375"},{"taxonomy":"post_tag","embeddable":true,"href":"https:\/\/www.hoymercedes.com.ar\/principal\/wp-json\/wp\/v2\/tags?post=48375"}],"curies":[{"name":"wp","href":"https:\/\/api.w.org\/{rel}","templated":true}]}}