{"id":48406,"date":"2016-04-01T00:17:23","date_gmt":"2016-04-01T03:17:23","guid":{"rendered":"http:\/\/www.hoymercedes.com.ar\/principal\/?p=48406"},"modified":"2016-04-01T00:17:23","modified_gmt":"2016-04-01T03:17:23","slug":"operativo-por-drogas-de-la-policia-federal-de-mercedes-en-la-ciudad-de-lujan","status":"publish","type":"post","link":"https:\/\/www.hoymercedes.com.ar\/principal\/2016\/04\/01\/operativo-por-drogas-de-la-policia-federal-de-mercedes-en-la-ciudad-de-lujan\/","title":{"rendered":"Operativo por drogas de la Polic\u00eda Federal de Mercedes en la ciudad de Luj\u00e1n"},"content":{"rendered":"<figure id=\"attachment_48407\" aria-describedby=\"caption-attachment-48407\" style=\"width: 620px\" class=\"wp-caption aligncenter\"><img loading=\"lazy\" decoding=\"async\" data-attachment-id=\"48407\" data-permalink=\"https:\/\/www.hoymercedes.com.ar\/principal\/2016\/04\/01\/operativo-por-drogas-de-la-policia-federal-de-mercedes-en-la-ciudad-de-lujan\/allanamiento-drogas\/#main\" data-orig-file=\"https:\/\/www.hoymercedes.com.ar\/principal\/wp-content\/uploads\/2016\/04\/allanamiento.drogas.jpg\" data-orig-size=\"960,540\" data-comments-opened=\"1\" data-image-meta=\"{&quot;aperture&quot;:&quot;0&quot;,&quot;credit&quot;:&quot;&quot;,&quot;camera&quot;:&quot;&quot;,&quot;caption&quot;:&quot;&quot;,&quot;created_timestamp&quot;:&quot;0&quot;,&quot;copyright&quot;:&quot;&quot;,&quot;focal_length&quot;:&quot;0&quot;,&quot;iso&quot;:&quot;0&quot;,&quot;shutter_speed&quot;:&quot;0&quot;,&quot;title&quot;:&quot;&quot;,&quot;orientation&quot;:&quot;0&quot;}\" data-image-title=\"allanamiento.drogas\" data-image-description=\"\" data-image-caption=\"&lt;p&gt;Foto: Lujanenlinea.com.ar. Archivo para ilustrar&lt;\/p&gt;\n\" data-large-file=\"https:\/\/www.hoymercedes.com.ar\/principal\/wp-content\/uploads\/2016\/04\/allanamiento.drogas.jpg\" class=\"size-medium wp-image-48407\" src=\"https:\/\/www.hoymercedes.com.ar\/principal\/wp-content\/uploads\/2016\/04\/allanamiento.drogas-630x354.jpg\" alt=\"Foto: Lujanenlinea.com.ar\" width=\"630\" height=\"354\" srcset=\"https:\/\/www.hoymercedes.com.ar\/principal\/wp-content\/uploads\/2016\/04\/allanamiento.drogas-630x354.jpg 630w, https:\/\/www.hoymercedes.com.ar\/principal\/wp-content\/uploads\/2016\/04\/allanamiento.drogas-150x84.jpg 150w, https:\/\/www.hoymercedes.com.ar\/principal\/wp-content\/uploads\/2016\/04\/allanamiento.drogas-768x432.jpg 768w, https:\/\/www.hoymercedes.com.ar\/principal\/wp-content\/uploads\/2016\/04\/allanamiento.drogas.jpg 960w\" sizes=\"auto, (max-width: 630px) 100vw, 630px\" \/><figcaption id=\"caption-attachment-48407\" class=\"wp-caption-text\">Foto: Lujanenlinea.com.ar<\/figcaption><\/figure>\n<p><strong>La Polic\u00eda Federal de Mercedes fue parte de un importante operativo anti drogas llevado a cabo en la vecina localidad de Luj\u00e1n. Fue bajo la orden del Juzgado de Garant\u00edas N3 del Departamento Judicial Mercedes.<\/strong><\/p>\n<p>El procedimiento fue en el barrio Sarmiento, de Luj\u00e1n, en la calle Roux 684 con un allanamiento que arroj\u00f3 resultado positivo. En 2015 hab\u00eda actuado en el mismo domicilio.<\/p>\n<p>Estuvo presente en el lugar el Dr Franco Parrota de la Ayudant\u00eda de la Fiscal\u00eda de Estupefacientes del Departamento Judicial Mercedes a cargo de la causa.<\/p>\n<p>La investigaci\u00f3n que llev\u00f3 al operativo estuvo a cargo de Delegaci\u00f3n Mercedes de Delitos Federales y Complejos de la Polic\u00eda Federal Argentina. Los oficiales, desde Mercedes, encauzaron el tema en Luj\u00e1n desde la parte operativa.<\/p>\n<p>\u201cEn las recorridas se ve\u00eda una cantidad de j\u00f3venes en la puerta haciendo el t\u00edpico mecanismo de comercializaci\u00f3n al menudeo de estupefacientes\u201d, sostuvo un integrante de la fuerza policial.<\/p>\n<p>Los uniformados de Mercedes encontraron cerca de 1.500kg de marihuana compactada y aproximadamente 11 plantas en el interior de la vivienda. Elementos de corte y baguyos fueron tambi\u00e9n hallados. Sostuvieron tambi\u00e9n que las plantas estaban prontas a ser cosechadas y probablemente podr\u00edan dar otros tres kilogramos de la sustancia.<\/p>\n<p>Si bien no hubo por ahora detenidos, tienen un sospechoso que no se encontraba en el domicilio allanado. El sospechoso tiene sobre si la carga de eventualmente ser un distribuidor y fraccionador.<\/p>\n<p>Todo sucedi\u00f3 pasadas las 18.00hs del pasado jueves, despertando gran inter\u00e9s en la vecina localidad.<\/p>\n<p>Seg\u00fan expusieron medios de Lujan la familia del sospechado no dejaba de manifestar su bronca por ignorar la causa del operativo.<\/p>\n<p>&nbsp;<\/p>\n<p>&nbsp;<\/p>\n","protected":false},"excerpt":{"rendered":"<p>La Polic\u00eda Federal de Mercedes fue parte de un importante operativo anti drogas llevado a cabo en la vecina localidad &#8230; <a title=\"Operativo por drogas de la Polic\u00eda Federal de Mercedes en la ciudad de Luj\u00e1n\" class=\"read-more\" href=\"https:\/\/www.hoymercedes.com.ar\/principal\/2016\/04\/01\/operativo-por-drogas-de-la-policia-federal-de-mercedes-en-la-ciudad-de-lujan\/\" aria-label=\"Leer m\u00e1s sobre Operativo por drogas de la Polic\u00eda Federal de Mercedes en la ciudad de Luj\u00e1n\">Leer m\u00e1s<\/a><\/p>\n","protected":false},"author":1,"featured_media":48407,"comment_status":"open","ping_status":"open","sticky":false,"template":"","format":"standard","meta":{"_monsterinsights_skip_tracking":false,"_monsterinsights_sitenote_active":false,"_monsterinsights_sitenote_note":"","_monsterinsights_sitenote_category":0,"jetpack_post_was_ever_published":false,"_jetpack_newsletter_access":"","_jetpack_dont_email_post_to_subs":false,"_jetpack_newsletter_tier_id":0,"_jetpack_memberships_contains_paywalled_content":false,"_jetpack_memberships_contains_paid_content":false,"footnotes":"","jetpack_publicize_message":"","jetpack_publicize_feature_enabled":true,"jetpack_social_post_already_shared":true,"jetpack_social_options":{"image_generator_settings":{"template":"highway","default_image_id":0,"font":"","enabled":false},"version":2},"_wpas_customize_per_network":false},"categories":[85],"tags":[8868,7126,6549],"class_list":["post-48406","post","type-post","status-publish","format-standard","has-post-thumbnail","hentry","category-policial","tag-federal-argentina-en-lujan","tag-operativo-policial","tag-policia-federal","generate-columns","tablet-grid-50","mobile-grid-100","grid-parent","grid-50"],"jetpack_publicize_connections":[],"jetpack_featured_media_url":"https:\/\/www.hoymercedes.com.ar\/principal\/wp-content\/uploads\/2016\/04\/allanamiento.drogas.jpg","wps_subtitle":"Por orden del Juzgado de Garant\u00edas 3","jetpack_sharing_enabled":true,"_links":{"self":[{"href":"https:\/\/www.hoymercedes.com.ar\/principal\/wp-json\/wp\/v2\/posts\/48406","targetHints":{"allow":["GET"]}}],"collection":[{"href":"https:\/\/www.hoymercedes.com.ar\/principal\/wp-json\/wp\/v2\/posts"}],"about":[{"href":"https:\/\/www.hoymercedes.com.ar\/principal\/wp-json\/wp\/v2\/types\/post"}],"author":[{"embeddable":true,"href":"https:\/\/www.hoymercedes.com.ar\/principal\/wp-json\/wp\/v2\/users\/1"}],"replies":[{"embeddable":true,"href":"https:\/\/www.hoymercedes.com.ar\/principal\/wp-json\/wp\/v2\/comments?post=48406"}],"version-history":[{"count":0,"href":"https:\/\/www.hoymercedes.com.ar\/principal\/wp-json\/wp\/v2\/posts\/48406\/revisions"}],"wp:featuredmedia":[{"embeddable":true,"href":"https:\/\/www.hoymercedes.com.ar\/principal\/wp-json\/wp\/v2\/media\/48407"}],"wp:attachment":[{"href":"https:\/\/www.hoymercedes.com.ar\/principal\/wp-json\/wp\/v2\/media?parent=48406"}],"wp:term":[{"taxonomy":"category","embeddable":true,"href":"https:\/\/www.hoymercedes.com.ar\/principal\/wp-json\/wp\/v2\/categories?post=48406"},{"taxonomy":"post_tag","embeddable":true,"href":"https:\/\/www.hoymercedes.com.ar\/principal\/wp-json\/wp\/v2\/tags?post=48406"}],"curies":[{"name":"wp","href":"https:\/\/api.w.org\/{rel}","templated":true}]}}