{"id":4846,"date":"2011-06-09T00:24:08","date_gmt":"2011-06-09T00:24:08","guid":{"rendered":"http:\/\/www.hoymercedes.com.ar\/principal\/?p=4846"},"modified":"2011-06-09T00:24:08","modified_gmt":"2011-06-09T00:24:08","slug":"carlos-tomada-estara-en-mercedes-el-17-de-junio","status":"publish","type":"post","link":"https:\/\/www.hoymercedes.com.ar\/principal\/2011\/06\/09\/carlos-tomada-estara-en-mercedes-el-17-de-junio\/","title":{"rendered":"Carlos Tomada estar\u00e1 en Mercedes el 17 de junio"},"content":{"rendered":"<figure id=\"attachment_4848\" aria-describedby=\"caption-attachment-4848\" style=\"width: 390px\" class=\"wp-caption alignleft\"><a href=\"https:\/\/www.hoymercedes.com.ar\/principal\/wp-content\/uploads\/2011\/06\/CarlosTomadajpg.jpg\"><img loading=\"lazy\" decoding=\"async\" data-attachment-id=\"4848\" data-permalink=\"https:\/\/www.hoymercedes.com.ar\/principal\/2011\/06\/09\/carlos-tomada-estara-en-mercedes-el-17-de-junio\/carlostomadajpg\/#main\" data-orig-file=\"https:\/\/www.hoymercedes.com.ar\/principal\/wp-content\/uploads\/2011\/06\/CarlosTomadajpg.jpg\" data-orig-size=\"400,240\" data-comments-opened=\"1\" data-image-meta=\"{&quot;aperture&quot;:&quot;0&quot;,&quot;credit&quot;:&quot;&quot;,&quot;camera&quot;:&quot;&quot;,&quot;caption&quot;:&quot;&quot;,&quot;created_timestamp&quot;:&quot;0&quot;,&quot;copyright&quot;:&quot;&quot;,&quot;focal_length&quot;:&quot;0&quot;,&quot;iso&quot;:&quot;0&quot;,&quot;shutter_speed&quot;:&quot;0&quot;,&quot;title&quot;:&quot;&quot;}\" data-image-title=\"CarlosTomadajpg\" data-image-description=\"\" data-image-caption=\"&lt;p&gt;Ministro Carlos Tomada&lt;\/p&gt;\n\" data-large-file=\"https:\/\/www.hoymercedes.com.ar\/principal\/wp-content\/uploads\/2011\/06\/CarlosTomadajpg.jpg\" class=\"size-full wp-image-4848\" title=\"CarlosTomadajpg\" src=\"https:\/\/www.hoymercedes.com.ar\/principal\/wp-content\/uploads\/2011\/06\/CarlosTomadajpg.jpg\" alt=\"\" width=\"400\" height=\"240\" \/><\/a><figcaption id=\"caption-attachment-4848\" class=\"wp-caption-text\">Ministro Carlos Tomada<\/figcaption><\/figure>\n<p>El secretario de prensa del Sindicato de Trabajadores Municipales de Mercedes, Omar S\u00e1nchez confirm\u00f3  ayer al convocar a los medios de prensa que el 17 de este mes se har\u00e1 presente en nuestra ciudad el  Ministro de Trabajo de la Naci\u00f3n Carlos Tomada quien fue invitado especialmente por dicho gremio para hablar acerca de las paritarias para los municipales y otros temas de sumo inter\u00e9s para dicho espectro laboral<\/p>\n<p>S\u00e1nchez precis\u00f3 \u201cde alguna manera la noticia ya se conoc\u00eda desde hace por lo menos un mes porque as\u00ed la hab\u00edamos anunciado desde nuestra Sindicato a trav\u00e9s de diversos informes dados a los medios de prensa por la Secretaria Mar\u00eda Florencia Balsategui pero hoy ya estamos en condiciones de decir oficialmente que dicha visita ser\u00e1 el 17 concurriendo el Ministro a las instalaciones de la C\u00e1mara Econ\u00f3mica pero lo que lamentablemente aun no podemos precisar es si vendr\u00e1 en horas de la ma\u00f1ana o por la tarde.<\/p>\n<p>Tenemos la promesa de la gente de Protocolo y Ceremonial del Ministerio de confirmarnos a m\u00e1s tardar este jueves el horario definitivo.<\/p>\n<p>La visita del Ministro Tomada es casi un hecho in\u00e9dito ya que es muy poco usual que desde un Sindicato se lo invite a participar en reuniones, mejor dicho es casi inusual que un gremio invite a cualquier Ministros a una reuni\u00f3n de esta naturaleza y junto al mismo se har\u00e1n presentes responsables de la Secretar\u00eda de la Mujer para hablarnos de la problem\u00e1tica que se genera en la faz laboral debido al mal trato hacia la mujer-empleada con un debate o intercambio de ideas con los presentes sobre dicha realidad que reitero se da una infinidad de casos en todo el pa\u00eds.<\/p>\n<p>El Ministro abordar\u00e1 varios temas como por ejemplo las paritarias y la situaci\u00f3n en general de la totalidad de los trabajadores municipales de la Argentina y nosotros a nivel gremial le haremos conocer algunos planteos estrictamente laborales   que entendemos son muy necesarios en estos momentos, por tal motivo nosotros entendemos que realmente la visita del Ministro Tomada ser\u00e1 todo un \u00e9xito en nuestra ciudad\u201d<\/p>\n<p><strong>Una importante aclaraci\u00f3n<\/strong><\/p>\n<p>Posteriormente Omar S\u00e1nchez precis\u00f3  \u201caprovecho la presencia de os medios para hacer una aclaraci\u00f3n, hace pocos d\u00edas sali\u00f3 publicado en un medio que los municipales iban a tener, claro esta quienes se encuentren en condiciones, su jubilaci\u00f3n de manera autom\u00e1tica.<\/p>\n<p>Nosotros hicimos las averiguaciones correspondientes y en ning\u00fan momento desde el IPS se nos dijo que se comenzaba con dicha modalidad y a esto lo decimos para no crear falsas expectativas como ha sido siempre nuestra costumbre desde que asumimos la conducci\u00f3n del Sindicato de Trabajadores Municipales de Mercedes.<\/p>\n<p>Hoy sabemos que en el IPS hay una cantidad impresionante de expedientes lo que hace que cada uno de dichos tr\u00e1mites tarde en aprobarse algo m\u00e1s de un a\u00f1o para que los beneficiarios puedan comenzar a percibir sus haberes.<\/p>\n<p>Lo que si es verdad es que se form\u00f3  un convenio con la Municipalidad de Mercedes por el cual hasta se haga efectiva de manera concreta el pago del haber jubilatorio, el trabajador municipal que se retirar por dicho beneficio percibir\u00e1 una parte a cuenta de lo que tiene que cobrara, parte que ni siquiera es el monto total de la asignaci\u00f3n.<\/p>\n<p>En la publicaci\u00f3n que hago referencia de habla sobre que toda la tramitaci\u00f3n que inicie se podr\u00e1 realizar de manera completa a trav\u00e9s de la utilizaci\u00f3n de los mecanismos que proporciona INTERNET y por eso la duraci\u00f3n del tr\u00e1mite de agilizar\u00e1 de manera muy acentuada.<\/p>\n<p>Nosotros le pedimos a quienes suministran este tipo de informaciones que por favor lo confundan m\u00e1s a la gente con informaciones que no hayan sido chequeadas como corresponde porque es triste pensar que vamos a cobrar nuestra jubilaci\u00f3n en un mes y luego ver que en realidad hay que esperar uno o m\u00e1s a\u00f1os\u201d.<\/p>\n<p>&nbsp;<\/p>\n","protected":false},"excerpt":{"rendered":"<p>El secretario de prensa del Sindicato de Trabajadores Municipales de Mercedes, Omar S\u00e1nchez confirm\u00f3 ayer al convocar a los medios &#8230; <a title=\"Carlos Tomada estar\u00e1 en Mercedes el 17 de junio\" class=\"read-more\" href=\"https:\/\/www.hoymercedes.com.ar\/principal\/2011\/06\/09\/carlos-tomada-estara-en-mercedes-el-17-de-junio\/\" aria-label=\"Leer m\u00e1s sobre Carlos Tomada estar\u00e1 en Mercedes el 17 de junio\">Leer m\u00e1s<\/a><\/p>\n","protected":false},"author":1,"featured_media":0,"comment_status":"open","ping_status":"open","sticky":false,"template":"","format":"standard","meta":{"_monsterinsights_skip_tracking":false,"_monsterinsights_sitenote_active":false,"_monsterinsights_sitenote_note":"","_monsterinsights_sitenote_category":0,"jetpack_post_was_ever_published":false,"_jetpack_newsletter_access":"","_jetpack_dont_email_post_to_subs":false,"_jetpack_newsletter_tier_id":0,"_jetpack_memberships_contains_paywalled_content":false,"_jetpack_memberships_contains_paid_content":false,"footnotes":"","jetpack_publicize_message":"","jetpack_publicize_feature_enabled":true,"jetpack_social_post_already_shared":false,"jetpack_social_options":{"image_generator_settings":{"template":"highway","default_image_id":0,"font":"","enabled":false},"version":2},"_wpas_customize_per_network":false},"categories":[5],"tags":[883],"class_list":["post-4846","post","type-post","status-publish","format-standard","hentry","category-politica","tag-carlos-tomada-mercedes","generate-columns","tablet-grid-50","mobile-grid-100","grid-parent","grid-50"],"jetpack_publicize_connections":[],"jetpack_featured_media_url":"","wps_subtitle":"","jetpack_sharing_enabled":true,"_links":{"self":[{"href":"https:\/\/www.hoymercedes.com.ar\/principal\/wp-json\/wp\/v2\/posts\/4846","targetHints":{"allow":["GET"]}}],"collection":[{"href":"https:\/\/www.hoymercedes.com.ar\/principal\/wp-json\/wp\/v2\/posts"}],"about":[{"href":"https:\/\/www.hoymercedes.com.ar\/principal\/wp-json\/wp\/v2\/types\/post"}],"author":[{"embeddable":true,"href":"https:\/\/www.hoymercedes.com.ar\/principal\/wp-json\/wp\/v2\/users\/1"}],"replies":[{"embeddable":true,"href":"https:\/\/www.hoymercedes.com.ar\/principal\/wp-json\/wp\/v2\/comments?post=4846"}],"version-history":[{"count":0,"href":"https:\/\/www.hoymercedes.com.ar\/principal\/wp-json\/wp\/v2\/posts\/4846\/revisions"}],"wp:attachment":[{"href":"https:\/\/www.hoymercedes.com.ar\/principal\/wp-json\/wp\/v2\/media?parent=4846"}],"wp:term":[{"taxonomy":"category","embeddable":true,"href":"https:\/\/www.hoymercedes.com.ar\/principal\/wp-json\/wp\/v2\/categories?post=4846"},{"taxonomy":"post_tag","embeddable":true,"href":"https:\/\/www.hoymercedes.com.ar\/principal\/wp-json\/wp\/v2\/tags?post=4846"}],"curies":[{"name":"wp","href":"https:\/\/api.w.org\/{rel}","templated":true}]}}